{"id":998,"date":"2022-11-17T15:43:14","date_gmt":"2022-11-17T14:43:14","guid":{"rendered":"https:\/\/matriculasdelmundo.com\/noticias\/?p=998"},"modified":"2022-11-17T15:43:16","modified_gmt":"2022-11-17T14:43:16","slug":"nuevo-diseno-matricula-principe-eduardo","status":"publish","type":"post","link":"https:\/\/matriculasdelmundo.com\/noticias\/nuevo-diseno-matricula-principe-eduardo\/","title":{"rendered":"Isla del Pr\u00edncipe Eduardo renueva su dise\u00f1o"},"content":{"rendered":"\n<p>Al <strong>extremo oriental de <a href=\"https:\/\/matriculasdelmundo.com\/canada.html\" target=\"_blank\" rel=\"noreferrer noopener\">Canad\u00e1<\/a>, se encuentra la <a href=\"https:\/\/matriculasdelmundo.com\/canada.html#edward\" target=\"_blank\" rel=\"noreferrer noopener\">Isla del Pr\u00edncipe Eduardo<\/a><\/strong> (Prince Edward Island), una peque\u00f1a provincia formada \u00fanicamente por una isla principal, con una poblaci\u00f3n total de algo m\u00e1s de 155 mil habitantes. Al ser una entidad individual a nivel nacional, dispone de su propio sistema de matr\u00edculas de coches. Este <strong>dise\u00f1o, se renueva a comienzos de diciembre de 202<\/strong>2, manteniendo el dise\u00f1o antiguo al menos opcionalmente.<\/p>\n\n\n<div class=\"wp-block-image\">\n<figure class=\"aligncenter size-full is-resized\"><img decoding=\"async\" data-src=\"https:\/\/matriculasdelmundo.com\/noticias\/wp-content\/uploads\/2022\/11\/prince-edward-island-licence-plate-map-new-green.png\" alt=\"Map of Canada with the new car license plate for Prince Edward Island and the old license plate type on the left\" class=\"wp-image-999 lazyload\" width=\"637\" height=\"391\" data-srcset=\"https:\/\/matriculasdelmundo.com\/noticias\/wp-content\/uploads\/2022\/11\/prince-edward-island-licence-plate-map-new-green.png 900w, https:\/\/matriculasdelmundo.com\/noticias\/wp-content\/uploads\/2022\/11\/prince-edward-island-licence-plate-map-new-green-300x184.png 300w, https:\/\/matriculasdelmundo.com\/noticias\/wp-content\/uploads\/2022\/11\/prince-edward-island-licence-plate-map-new-green-768x472.png 768w\" data-sizes=\"(max-width: 637px) 100vw, 637px\" src=\"data:image\/svg+xml;base64,PHN2ZyB3aWR0aD0iMSIgaGVpZ2h0PSIxIiB4bWxucz0iaHR0cDovL3d3dy53My5vcmcvMjAwMC9zdmciPjwvc3ZnPg==\" style=\"--smush-placeholder-width: 637px; --smush-placeholder-aspect-ratio: 637\/391;\" \/><figcaption class=\"wp-element-caption\">Nueva matr\u00edcula ordinaria de la Isla del Pr\u00edncipe Eduardo desde 12.2022 y su comparaci\u00f3n con el dise\u00f1o anterior<\/figcaption><\/figure>\n<\/div>\n\n\n<h2 class=\"wp-block-heading\">\u00bfC\u00f3mo es la nueva matr\u00edcula de coche de la <strong>Isla del Pr\u00edncipe Eduardo<\/strong>?<\/h2>\n\n\n\n<p>La <strong>nueva matr\u00edcula de la<\/strong> <strong>Isla del Pr\u00edncipe Eduardo<\/strong> desde diciembre de 2022 se caracteriza por dejar atr\u00e1s el dise\u00f1o con el edificio gubernamental de fondo. Tambi\u00e9n, comienza el uso del nombre del pa\u00eds CANADA, lema que no es para nada com\u00fan en Canad\u00e1 ni en <a href=\"https:\/\/matriculasdelmundo.com\/estados-unidos.html\" target=\"_blank\" rel=\"noreferrer noopener\">Estados Unidos<\/a>. Centrado, se muestra el escudo de la provincia, separando 3 a 3 los caracteres que componen la numeraci\u00f3n.<\/p>\n\n\n\n<p>Aunque la fecha del cambio tiene lugar en el mes de diciembre de 2022, no es obligatorio abandonar el dise\u00f1o antiguo, sino que es opcional mantenerlo. Por ello, durante al menos unos meses, ambos dise\u00f1os, tanto el nuevo como el antiguo, convivan en las carreteras de esta provincia isla.<\/p>\n\n\n<div class=\"wp-block-image\">\n<figure class=\"aligncenter size-full is-resized\"><img decoding=\"async\" data-src=\"https:\/\/matriculasdelmundo.com\/noticias\/wp-content\/uploads\/2022\/11\/matricula-coche-nueva-isla-principe-eduardo-verde-canada.png\" alt=\"Matr\u00edcula de coche actual de Isla del Pr\u00edncipe Eduardo con la bandera y el escudo\" class=\"wp-image-1000 lazyload\" width=\"597\" height=\"291\" data-srcset=\"https:\/\/matriculasdelmundo.com\/noticias\/wp-content\/uploads\/2022\/11\/matricula-coche-nueva-isla-principe-eduardo-verde-canada.png 999w, https:\/\/matriculasdelmundo.com\/noticias\/wp-content\/uploads\/2022\/11\/matricula-coche-nueva-isla-principe-eduardo-verde-canada-300x146.png 300w, https:\/\/matriculasdelmundo.com\/noticias\/wp-content\/uploads\/2022\/11\/matricula-coche-nueva-isla-principe-eduardo-verde-canada-768x374.png 768w\" data-sizes=\"(max-width: 597px) 100vw, 597px\" src=\"data:image\/svg+xml;base64,PHN2ZyB3aWR0aD0iMSIgaGVpZ2h0PSIxIiB4bWxucz0iaHR0cDovL3d3dy53My5vcmcvMjAwMC9zdmciPjwvc3ZnPg==\" style=\"--smush-placeholder-width: 597px; --smush-placeholder-aspect-ratio: 597\/291;\" \/><figcaption class=\"wp-element-caption\">Nueva <strong>matr\u00edcula <\/strong>de coche de la <strong>Isla del Pr\u00edncipe Eduardo<\/strong> de ejemplo<strong> desde diciembre de 2022<\/strong><\/figcaption><\/figure>\n<\/div>\n\n\n<p>Oficialmente , el gobierno de la Isla del Pr\u00edncipe Eduardo ha presentado un dise\u00f1o ordinario principal, que es el que hemos mostrado anteriormente, y otros dos \u00abdise\u00f1os especiales\u00bb. Cada uno de los dise\u00f1os, tienen una configuraci\u00f3n m\u00e1s reducida, de tan solo cuatro caracteres. Adem\u00e1s, muestran unos dibujos diferenciados en la parte derecha, mientras que el escudo se desplaza a la izquierda. El coste de una matr\u00edcula para CONSERVATION, es de solamente 5 d\u00f3lares m\u00e1s con respecto a la ordinaria. <\/p>\n\n\n\n<figure class=\"wp-block-image size-full\"><img decoding=\"async\" width=\"700\" height=\"330\" data-src=\"https:\/\/matriculasdelmundo.com\/noticias\/wp-content\/uploads\/2022\/11\/comunicado-oficial-canada-nueva-matricula-coche-verde-comida-food.jpg\" alt=\"Dise\u00f1os oficiales presentados por el gobierno de la Isla del Pr\u00edncipe Eduardo. Dise\u00f1o normal, de la comida, y para la conservaci\u00f3n de la naturaleza y un p\u00e1jaro\" class=\"wp-image-1001 lazyload\" data-srcset=\"https:\/\/matriculasdelmundo.com\/noticias\/wp-content\/uploads\/2022\/11\/comunicado-oficial-canada-nueva-matricula-coche-verde-comida-food.jpg 700w, https:\/\/matriculasdelmundo.com\/noticias\/wp-content\/uploads\/2022\/11\/comunicado-oficial-canada-nueva-matricula-coche-verde-comida-food-300x141.jpg 300w\" data-sizes=\"(max-width: 700px) 100vw, 700px\" src=\"data:image\/svg+xml;base64,PHN2ZyB3aWR0aD0iMSIgaGVpZ2h0PSIxIiB4bWxucz0iaHR0cDovL3d3dy53My5vcmcvMjAwMC9zdmciPjwvc3ZnPg==\" style=\"--smush-placeholder-width: 700px; --smush-placeholder-aspect-ratio: 700\/330;\" \/><figcaption class=\"wp-element-caption\"><strong>Dise\u00f1os oficiales presentados por el Gobierno<\/strong> de la Isla del Pr\u00edncipe Eduardo para diciembre de 2022. (fuente: Gobierno de Canad\u00e1)<\/figcaption><\/figure>\n\n\n\n<p>Puedes consultar m\u00e1s informaci\u00f3n sobre las matr\u00edculas de la <a href=\"https:\/\/matriculasdelmundo.com\/canada.html#edward\" target=\"_blank\" rel=\"noreferrer noopener\">Isla del Pr\u00edncipe Eduardo<\/a> y de Canad\u00e1 en matriculasdelmundo.com. Varias fuentes fueron consultadas para este art\u00edculo, incluyendo fuentes oficiales gubernamentales.<\/p>\n\n\n\n<p>\u00bfQu\u00e9 te parece este nuevo dise\u00f1o? D\u00e9janos tus comentarios m\u00e1s abajo. \ud83d\udc47<\/p>\n\n\n<div class=\"kk-star-ratings kksr-auto kksr-align-center kksr-valign-bottom\"\n    data-payload='{&quot;align&quot;:&quot;center&quot;,&quot;id&quot;:&quot;998&quot;,&quot;slug&quot;:&quot;default&quot;,&quot;valign&quot;:&quot;bottom&quot;,&quot;ignore&quot;:&quot;&quot;,&quot;reference&quot;:&quot;auto&quot;,&quot;class&quot;:&quot;&quot;,&quot;count&quot;:&quot;0&quot;,&quot;legendonly&quot;:&quot;&quot;,&quot;readonly&quot;:&quot;&quot;,&quot;score&quot;:&quot;0&quot;,&quot;starsonly&quot;:&quot;&quot;,&quot;best&quot;:&quot;5&quot;,&quot;gap&quot;:&quot;5&quot;,&quot;greet&quot;:&quot;Punt\u00faalo post&quot;,&quot;legend&quot;:&quot;0\\\/5 - (0 votos)&quot;,&quot;size&quot;:&quot;18&quot;,&quot;title&quot;:&quot;Isla del Pr\u00edncipe Eduardo renueva su dise\u00f1o&quot;,&quot;width&quot;:&quot;0&quot;,&quot;_legend&quot;:&quot;{score}\\\/{best} - ({count} {votes})&quot;,&quot;font_factor&quot;:&quot;1.25&quot;}'>\n            \n<div class=\"kksr-stars\">\n    \n<div class=\"kksr-stars-inactive\">\n            <div class=\"kksr-star\" data-star=\"1\" style=\"padding-right: 5px\">\n            \n\n<div class=\"kksr-icon\" style=\"width: 18px; height: 18px;\"><\/div>\n        <\/div>\n            <div class=\"kksr-star\" data-star=\"2\" style=\"padding-right: 5px\">\n            \n\n<div class=\"kksr-icon\" style=\"width: 18px; height: 18px;\"><\/div>\n        <\/div>\n            <div class=\"kksr-star\" data-star=\"3\" style=\"padding-right: 5px\">\n            \n\n<div class=\"kksr-icon\" style=\"width: 18px; height: 18px;\"><\/div>\n        <\/div>\n            <div class=\"kksr-star\" data-star=\"4\" style=\"padding-right: 5px\">\n            \n\n<div class=\"kksr-icon\" style=\"width: 18px; height: 18px;\"><\/div>\n        <\/div>\n            <div class=\"kksr-star\" data-star=\"5\" style=\"padding-right: 5px\">\n            \n\n<div class=\"kksr-icon\" style=\"width: 18px; height: 18px;\"><\/div>\n        <\/div>\n    <\/div>\n    \n<div class=\"kksr-stars-active\" style=\"width: 0px;\">\n            <div class=\"kksr-star\" style=\"padding-right: 5px\">\n            \n\n<div class=\"kksr-icon\" style=\"width: 18px; height: 18px;\"><\/div>\n        <\/div>\n            <div class=\"kksr-star\" style=\"padding-right: 5px\">\n            \n\n<div class=\"kksr-icon\" style=\"width: 18px; height: 18px;\"><\/div>\n        <\/div>\n            <div class=\"kksr-star\" style=\"padding-right: 5px\">\n            \n\n<div class=\"kksr-icon\" style=\"width: 18px; height: 18px;\"><\/div>\n        <\/div>\n            <div class=\"kksr-star\" style=\"padding-right: 5px\">\n            \n\n<div class=\"kksr-icon\" style=\"width: 18px; height: 18px;\"><\/div>\n        <\/div>\n            <div class=\"kksr-star\" style=\"padding-right: 5px\">\n            \n\n<div class=\"kksr-icon\" style=\"width: 18px; height: 18px;\"><\/div>\n        <\/div>\n    <\/div>\n<\/div>\n                \n\n<div class=\"kksr-legend\" style=\"font-size: 14.4px;\">\n            <span class=\"kksr-muted\">Punt\u00faalo post<\/span>\n    <\/div>\n    <\/div>\n","protected":false},"excerpt":{"rendered":"<p>Al extremo oriental de Canad\u00e1, se encuentra la Isla del Pr\u00edncipe Eduardo (Prince Edward Island), una peque\u00f1a provincia formada \u00fanicamente por una isla principal, con una poblaci\u00f3n total de algo m\u00e1s de 155 mil habitantes. Al ser una entidad individual a nivel nacional, dispone de su propio sistema de matr\u00edculas de coches. Este dise\u00f1o, se&hellip;&nbsp;<a href=\"https:\/\/matriculasdelmundo.com\/noticias\/nuevo-diseno-matricula-principe-eduardo\/\" rel=\"bookmark\">Leer m\u00e1s &raquo;<span class=\"screen-reader-text\">Isla del Pr\u00edncipe Eduardo renueva su dise\u00f1o<\/span><\/a><\/p>\n","protected":false},"author":1,"featured_media":999,"comment_status":"open","ping_status":"open","sticky":false,"template":"","format":"standard","meta":{"neve_meta_sidebar":"","neve_meta_container":"","neve_meta_enable_content_width":"","neve_meta_content_width":0,"neve_meta_title_alignment":"","neve_meta_author_avatar":"","neve_post_elements_order":"","neve_meta_disable_header":"","neve_meta_disable_footer":"","neve_meta_disable_title":"","footnotes":""},"categories":[83,208],"tags":[255,317,318,61],"class_list":["post-998","post","type-post","status-publish","format-standard","has-post-thumbnail","hentry","category-noticias-de-las-matriculas-de-paises-americanos","category-canada","tag-255","tag-canada-2","tag-islaprincipeeduardo","tag-nueva-matricula"],"yoast_head":"<!-- This site is optimized with the Yoast SEO plugin v27.5 - https:\/\/yoast.com\/product\/yoast-seo-wordpress\/ -->\n<title>Nuevo dise\u00f1o de matr\u00edcula en la Isla de Pr\u00edncipe Eduardo<\/title>\n<meta name=\"description\" content=\"Descubre c\u00f3mo es el nuevo dise\u00f1o de la matr\u00edcula de coche de Isla Pr\u00edncipe Eduardo, sus secretos y qu\u00e9 conlleva este cambio.\" \/>\n<meta name=\"robots\" content=\"index, follow, max-snippet:-1, max-image-preview:large, max-video-preview:-1\" \/>\n<link rel=\"canonical\" href=\"https:\/\/matriculasdelmundo.com\/noticias\/nuevo-diseno-matricula-principe-eduardo\/\" \/>\n<meta property=\"og:locale\" content=\"es_ES\" \/>\n<meta property=\"og:type\" content=\"article\" \/>\n<meta property=\"og:title\" content=\"Nuevo dise\u00f1o de matr\u00edcula en la Isla de Pr\u00edncipe Eduardo\" \/>\n<meta property=\"og:description\" content=\"Descubre c\u00f3mo es el nuevo dise\u00f1o de la matr\u00edcula de coche de Isla Pr\u00edncipe Eduardo, sus secretos y qu\u00e9 conlleva este cambio.\" \/>\n<meta property=\"og:url\" content=\"https:\/\/matriculasdelmundo.com\/noticias\/nuevo-diseno-matricula-principe-eduardo\/\" \/>\n<meta property=\"og:site_name\" content=\"Noticias de matr\u00edculas del mundo\" \/>\n<meta property=\"article:publisher\" content=\"https:\/\/www.facebook.com\/matriculasdelmundo\/\" \/>\n<meta property=\"article:published_time\" content=\"2022-11-17T14:43:14+00:00\" \/>\n<meta property=\"article:modified_time\" content=\"2022-11-17T14:43:16+00:00\" \/>\n<meta property=\"og:image\" content=\"https:\/\/matriculasdelmundo.com\/noticias\/wp-content\/uploads\/2022\/11\/prince-edward-island-licence-plate-map-new-green.png\" \/>\n\t<meta property=\"og:image:width\" content=\"900\" \/>\n\t<meta property=\"og:image:height\" content=\"553\" \/>\n\t<meta property=\"og:image:type\" content=\"image\/png\" \/>\n<meta name=\"author\" content=\"Matriculasdelmundo\" \/>\n<meta name=\"twitter:card\" content=\"summary_large_image\" \/>\n<meta name=\"twitter:creator\" content=\"@matriculasdm\" \/>\n<meta name=\"twitter:site\" content=\"@matriculasdm\" \/>\n<meta name=\"twitter:label1\" content=\"Escrito por\" \/>\n\t<meta name=\"twitter:data1\" content=\"Matriculasdelmundo\" \/>\n\t<meta name=\"twitter:label2\" content=\"Tiempo de lectura\" \/>\n\t<meta name=\"twitter:data2\" content=\"3 minutos\" \/>\n<script type=\"application\/ld+json\" class=\"yoast-schema-graph\">{\"@context\":\"https:\\\/\\\/schema.org\",\"@graph\":[{\"@type\":\"Article\",\"@id\":\"https:\\\/\\\/matriculasdelmundo.com\\\/noticias\\\/nuevo-diseno-matricula-principe-eduardo\\\/#article\",\"isPartOf\":{\"@id\":\"https:\\\/\\\/matriculasdelmundo.com\\\/noticias\\\/nuevo-diseno-matricula-principe-eduardo\\\/\"},\"author\":{\"name\":\"Matriculasdelmundo\",\"@id\":\"https:\\\/\\\/matriculasdelmundo.com\\\/noticias\\\/#\\\/schema\\\/person\\\/91e4edcb4c5c7a2e9f6d5f83d116aa90\"},\"headline\":\"Isla del Pr\u00edncipe Eduardo renueva su dise\u00f1o\",\"datePublished\":\"2022-11-17T14:43:14+00:00\",\"dateModified\":\"2022-11-17T14:43:16+00:00\",\"mainEntityOfPage\":{\"@id\":\"https:\\\/\\\/matriculasdelmundo.com\\\/noticias\\\/nuevo-diseno-matricula-principe-eduardo\\\/\"},\"wordCount\":415,\"commentCount\":0,\"publisher\":{\"@id\":\"https:\\\/\\\/matriculasdelmundo.com\\\/noticias\\\/#organization\"},\"image\":{\"@id\":\"https:\\\/\\\/matriculasdelmundo.com\\\/noticias\\\/nuevo-diseno-matricula-principe-eduardo\\\/#primaryimage\"},\"thumbnailUrl\":\"https:\\\/\\\/matriculasdelmundo.com\\\/noticias\\\/wp-content\\\/uploads\\\/2022\\\/11\\\/prince-edward-island-licence-plate-map-new-green.png\",\"keywords\":[\"2022\",\"canada\",\"islaprincipeeduardo\",\"nueva matricula\"],\"articleSection\":[\"Am\u00e9rica\",\"Canad\u00e1\"],\"inLanguage\":\"es\",\"potentialAction\":[{\"@type\":\"CommentAction\",\"name\":\"Comment\",\"target\":[\"https:\\\/\\\/matriculasdelmundo.com\\\/noticias\\\/nuevo-diseno-matricula-principe-eduardo\\\/#respond\"]}]},{\"@type\":\"WebPage\",\"@id\":\"https:\\\/\\\/matriculasdelmundo.com\\\/noticias\\\/nuevo-diseno-matricula-principe-eduardo\\\/\",\"url\":\"https:\\\/\\\/matriculasdelmundo.com\\\/noticias\\\/nuevo-diseno-matricula-principe-eduardo\\\/\",\"name\":\"Nuevo dise\u00f1o de matr\u00edcula en la Isla de Pr\u00edncipe Eduardo\",\"isPartOf\":{\"@id\":\"https:\\\/\\\/matriculasdelmundo.com\\\/noticias\\\/#website\"},\"primaryImageOfPage\":{\"@id\":\"https:\\\/\\\/matriculasdelmundo.com\\\/noticias\\\/nuevo-diseno-matricula-principe-eduardo\\\/#primaryimage\"},\"image\":{\"@id\":\"https:\\\/\\\/matriculasdelmundo.com\\\/noticias\\\/nuevo-diseno-matricula-principe-eduardo\\\/#primaryimage\"},\"thumbnailUrl\":\"https:\\\/\\\/matriculasdelmundo.com\\\/noticias\\\/wp-content\\\/uploads\\\/2022\\\/11\\\/prince-edward-island-licence-plate-map-new-green.png\",\"datePublished\":\"2022-11-17T14:43:14+00:00\",\"dateModified\":\"2022-11-17T14:43:16+00:00\",\"description\":\"Descubre c\u00f3mo es el nuevo dise\u00f1o de la matr\u00edcula de coche de Isla Pr\u00edncipe Eduardo, sus secretos y qu\u00e9 conlleva este cambio.\",\"breadcrumb\":{\"@id\":\"https:\\\/\\\/matriculasdelmundo.com\\\/noticias\\\/nuevo-diseno-matricula-principe-eduardo\\\/#breadcrumb\"},\"inLanguage\":\"es\",\"potentialAction\":[{\"@type\":\"ReadAction\",\"target\":[\"https:\\\/\\\/matriculasdelmundo.com\\\/noticias\\\/nuevo-diseno-matricula-principe-eduardo\\\/\"]}]},{\"@type\":\"ImageObject\",\"inLanguage\":\"es\",\"@id\":\"https:\\\/\\\/matriculasdelmundo.com\\\/noticias\\\/nuevo-diseno-matricula-principe-eduardo\\\/#primaryimage\",\"url\":\"https:\\\/\\\/matriculasdelmundo.com\\\/noticias\\\/wp-content\\\/uploads\\\/2022\\\/11\\\/prince-edward-island-licence-plate-map-new-green.png\",\"contentUrl\":\"https:\\\/\\\/matriculasdelmundo.com\\\/noticias\\\/wp-content\\\/uploads\\\/2022\\\/11\\\/prince-edward-island-licence-plate-map-new-green.png\",\"width\":900,\"height\":553,\"caption\":\"New Prince Edward Island new license plates\"},{\"@type\":\"BreadcrumbList\",\"@id\":\"https:\\\/\\\/matriculasdelmundo.com\\\/noticias\\\/nuevo-diseno-matricula-principe-eduardo\\\/#breadcrumb\",\"itemListElement\":[{\"@type\":\"ListItem\",\"position\":1,\"name\":\"Portada\",\"item\":\"https:\\\/\\\/matriculasdelmundo.com\\\/noticias\\\/\"},{\"@type\":\"ListItem\",\"position\":2,\"name\":\"Isla del Pr\u00edncipe Eduardo renueva su dise\u00f1o\"}]},{\"@type\":\"WebSite\",\"@id\":\"https:\\\/\\\/matriculasdelmundo.com\\\/noticias\\\/#website\",\"url\":\"https:\\\/\\\/matriculasdelmundo.com\\\/noticias\\\/\",\"name\":\"Noticias de matr\u00edculas del mundo\",\"description\":\"Descubre las \u00faltimas noticias sobre matriculas de coches de todos los pa\u00edses del mundo. Actualizado semanalmente\",\"publisher\":{\"@id\":\"https:\\\/\\\/matriculasdelmundo.com\\\/noticias\\\/#organization\"},\"potentialAction\":[{\"@type\":\"SearchAction\",\"target\":{\"@type\":\"EntryPoint\",\"urlTemplate\":\"https:\\\/\\\/matriculasdelmundo.com\\\/noticias\\\/?s={search_term_string}\"},\"query-input\":{\"@type\":\"PropertyValueSpecification\",\"valueRequired\":true,\"valueName\":\"search_term_string\"}}],\"inLanguage\":\"es\"},{\"@type\":\"Organization\",\"@id\":\"https:\\\/\\\/matriculasdelmundo.com\\\/noticias\\\/#organization\",\"name\":\"Matriculasdelmundo.com\",\"url\":\"https:\\\/\\\/matriculasdelmundo.com\\\/noticias\\\/\",\"logo\":{\"@type\":\"ImageObject\",\"inLanguage\":\"es\",\"@id\":\"https:\\\/\\\/matriculasdelmundo.com\\\/noticias\\\/#\\\/schema\\\/logo\\\/image\\\/\",\"url\":\"https:\\\/\\\/matriculasdelmundo.com\\\/noticias\\\/wp-content\\\/uploads\\\/2017\\\/09\\\/logo2.png\",\"contentUrl\":\"https:\\\/\\\/matriculasdelmundo.com\\\/noticias\\\/wp-content\\\/uploads\\\/2017\\\/09\\\/logo2.png\",\"width\":100,\"height\":34,\"caption\":\"Matriculasdelmundo.com\"},\"image\":{\"@id\":\"https:\\\/\\\/matriculasdelmundo.com\\\/noticias\\\/#\\\/schema\\\/logo\\\/image\\\/\"},\"sameAs\":[\"https:\\\/\\\/www.facebook.com\\\/matriculasdelmundo\\\/\",\"https:\\\/\\\/x.com\\\/matriculasdm\",\"https:\\\/\\\/www.instagram.com\\\/matriculasdelmundo\\\/\"]},{\"@type\":\"Person\",\"@id\":\"https:\\\/\\\/matriculasdelmundo.com\\\/noticias\\\/#\\\/schema\\\/person\\\/91e4edcb4c5c7a2e9f6d5f83d116aa90\",\"name\":\"Matriculasdelmundo\",\"image\":{\"@type\":\"ImageObject\",\"inLanguage\":\"es\",\"@id\":\"https:\\\/\\\/secure.gravatar.com\\\/avatar\\\/83f1597276b4fd718af4e3dae5c073f1efc6ca190953128b5ef9ba5696cc5297?s=96&d=mm&r=g\",\"url\":\"https:\\\/\\\/secure.gravatar.com\\\/avatar\\\/83f1597276b4fd718af4e3dae5c073f1efc6ca190953128b5ef9ba5696cc5297?s=96&d=mm&r=g\",\"contentUrl\":\"https:\\\/\\\/secure.gravatar.com\\\/avatar\\\/83f1597276b4fd718af4e3dae5c073f1efc6ca190953128b5ef9ba5696cc5297?s=96&d=mm&r=g\",\"caption\":\"Matriculasdelmundo\"}}]}<\/script>\n<!-- \/ Yoast SEO plugin. -->","yoast_head_json":{"title":"Nuevo dise\u00f1o de matr\u00edcula en la Isla de Pr\u00edncipe Eduardo","description":"Descubre c\u00f3mo es el nuevo dise\u00f1o de la matr\u00edcula de coche de Isla Pr\u00edncipe Eduardo, sus secretos y qu\u00e9 conlleva este cambio.","robots":{"index":"index","follow":"follow","max-snippet":"max-snippet:-1","max-image-preview":"max-image-preview:large","max-video-preview":"max-video-preview:-1"},"canonical":"https:\/\/matriculasdelmundo.com\/noticias\/nuevo-diseno-matricula-principe-eduardo\/","og_locale":"es_ES","og_type":"article","og_title":"Nuevo dise\u00f1o de matr\u00edcula en la Isla de Pr\u00edncipe Eduardo","og_description":"Descubre c\u00f3mo es el nuevo dise\u00f1o de la matr\u00edcula de coche de Isla Pr\u00edncipe Eduardo, sus secretos y qu\u00e9 conlleva este cambio.","og_url":"https:\/\/matriculasdelmundo.com\/noticias\/nuevo-diseno-matricula-principe-eduardo\/","og_site_name":"Noticias de matr\u00edculas del mundo","article_publisher":"https:\/\/www.facebook.com\/matriculasdelmundo\/","article_published_time":"2022-11-17T14:43:14+00:00","article_modified_time":"2022-11-17T14:43:16+00:00","og_image":[{"width":900,"height":553,"url":"https:\/\/matriculasdelmundo.com\/noticias\/wp-content\/uploads\/2022\/11\/prince-edward-island-licence-plate-map-new-green.png","type":"image\/png"}],"author":"Matriculasdelmundo","twitter_card":"summary_large_image","twitter_creator":"@matriculasdm","twitter_site":"@matriculasdm","twitter_misc":{"Escrito por":"Matriculasdelmundo","Tiempo de lectura":"3 minutos"},"schema":{"@context":"https:\/\/schema.org","@graph":[{"@type":"Article","@id":"https:\/\/matriculasdelmundo.com\/noticias\/nuevo-diseno-matricula-principe-eduardo\/#article","isPartOf":{"@id":"https:\/\/matriculasdelmundo.com\/noticias\/nuevo-diseno-matricula-principe-eduardo\/"},"author":{"name":"Matriculasdelmundo","@id":"https:\/\/matriculasdelmundo.com\/noticias\/#\/schema\/person\/91e4edcb4c5c7a2e9f6d5f83d116aa90"},"headline":"Isla del Pr\u00edncipe Eduardo renueva su dise\u00f1o","datePublished":"2022-11-17T14:43:14+00:00","dateModified":"2022-11-17T14:43:16+00:00","mainEntityOfPage":{"@id":"https:\/\/matriculasdelmundo.com\/noticias\/nuevo-diseno-matricula-principe-eduardo\/"},"wordCount":415,"commentCount":0,"publisher":{"@id":"https:\/\/matriculasdelmundo.com\/noticias\/#organization"},"image":{"@id":"https:\/\/matriculasdelmundo.com\/noticias\/nuevo-diseno-matricula-principe-eduardo\/#primaryimage"},"thumbnailUrl":"https:\/\/matriculasdelmundo.com\/noticias\/wp-content\/uploads\/2022\/11\/prince-edward-island-licence-plate-map-new-green.png","keywords":["2022","canada","islaprincipeeduardo","nueva matricula"],"articleSection":["Am\u00e9rica","Canad\u00e1"],"inLanguage":"es","potentialAction":[{"@type":"CommentAction","name":"Comment","target":["https:\/\/matriculasdelmundo.com\/noticias\/nuevo-diseno-matricula-principe-eduardo\/#respond"]}]},{"@type":"WebPage","@id":"https:\/\/matriculasdelmundo.com\/noticias\/nuevo-diseno-matricula-principe-eduardo\/","url":"https:\/\/matriculasdelmundo.com\/noticias\/nuevo-diseno-matricula-principe-eduardo\/","name":"Nuevo dise\u00f1o de matr\u00edcula en la Isla de Pr\u00edncipe Eduardo","isPartOf":{"@id":"https:\/\/matriculasdelmundo.com\/noticias\/#website"},"primaryImageOfPage":{"@id":"https:\/\/matriculasdelmundo.com\/noticias\/nuevo-diseno-matricula-principe-eduardo\/#primaryimage"},"image":{"@id":"https:\/\/matriculasdelmundo.com\/noticias\/nuevo-diseno-matricula-principe-eduardo\/#primaryimage"},"thumbnailUrl":"https:\/\/matriculasdelmundo.com\/noticias\/wp-content\/uploads\/2022\/11\/prince-edward-island-licence-plate-map-new-green.png","datePublished":"2022-11-17T14:43:14+00:00","dateModified":"2022-11-17T14:43:16+00:00","description":"Descubre c\u00f3mo es el nuevo dise\u00f1o de la matr\u00edcula de coche de Isla Pr\u00edncipe Eduardo, sus secretos y qu\u00e9 conlleva este cambio.","breadcrumb":{"@id":"https:\/\/matriculasdelmundo.com\/noticias\/nuevo-diseno-matricula-principe-eduardo\/#breadcrumb"},"inLanguage":"es","potentialAction":[{"@type":"ReadAction","target":["https:\/\/matriculasdelmundo.com\/noticias\/nuevo-diseno-matricula-principe-eduardo\/"]}]},{"@type":"ImageObject","inLanguage":"es","@id":"https:\/\/matriculasdelmundo.com\/noticias\/nuevo-diseno-matricula-principe-eduardo\/#primaryimage","url":"https:\/\/matriculasdelmundo.com\/noticias\/wp-content\/uploads\/2022\/11\/prince-edward-island-licence-plate-map-new-green.png","contentUrl":"https:\/\/matriculasdelmundo.com\/noticias\/wp-content\/uploads\/2022\/11\/prince-edward-island-licence-plate-map-new-green.png","width":900,"height":553,"caption":"New Prince Edward Island new license plates"},{"@type":"BreadcrumbList","@id":"https:\/\/matriculasdelmundo.com\/noticias\/nuevo-diseno-matricula-principe-eduardo\/#breadcrumb","itemListElement":[{"@type":"ListItem","position":1,"name":"Portada","item":"https:\/\/matriculasdelmundo.com\/noticias\/"},{"@type":"ListItem","position":2,"name":"Isla del Pr\u00edncipe Eduardo renueva su dise\u00f1o"}]},{"@type":"WebSite","@id":"https:\/\/matriculasdelmundo.com\/noticias\/#website","url":"https:\/\/matriculasdelmundo.com\/noticias\/","name":"Noticias de matr\u00edculas del mundo","description":"Descubre las \u00faltimas noticias sobre matriculas de coches de todos los pa\u00edses del mundo. Actualizado semanalmente","publisher":{"@id":"https:\/\/matriculasdelmundo.com\/noticias\/#organization"},"potentialAction":[{"@type":"SearchAction","target":{"@type":"EntryPoint","urlTemplate":"https:\/\/matriculasdelmundo.com\/noticias\/?s={search_term_string}"},"query-input":{"@type":"PropertyValueSpecification","valueRequired":true,"valueName":"search_term_string"}}],"inLanguage":"es"},{"@type":"Organization","@id":"https:\/\/matriculasdelmundo.com\/noticias\/#organization","name":"Matriculasdelmundo.com","url":"https:\/\/matriculasdelmundo.com\/noticias\/","logo":{"@type":"ImageObject","inLanguage":"es","@id":"https:\/\/matriculasdelmundo.com\/noticias\/#\/schema\/logo\/image\/","url":"https:\/\/matriculasdelmundo.com\/noticias\/wp-content\/uploads\/2017\/09\/logo2.png","contentUrl":"https:\/\/matriculasdelmundo.com\/noticias\/wp-content\/uploads\/2017\/09\/logo2.png","width":100,"height":34,"caption":"Matriculasdelmundo.com"},"image":{"@id":"https:\/\/matriculasdelmundo.com\/noticias\/#\/schema\/logo\/image\/"},"sameAs":["https:\/\/www.facebook.com\/matriculasdelmundo\/","https:\/\/x.com\/matriculasdm","https:\/\/www.instagram.com\/matriculasdelmundo\/"]},{"@type":"Person","@id":"https:\/\/matriculasdelmundo.com\/noticias\/#\/schema\/person\/91e4edcb4c5c7a2e9f6d5f83d116aa90","name":"Matriculasdelmundo","image":{"@type":"ImageObject","inLanguage":"es","@id":"https:\/\/secure.gravatar.com\/avatar\/83f1597276b4fd718af4e3dae5c073f1efc6ca190953128b5ef9ba5696cc5297?s=96&d=mm&r=g","url":"https:\/\/secure.gravatar.com\/avatar\/83f1597276b4fd718af4e3dae5c073f1efc6ca190953128b5ef9ba5696cc5297?s=96&d=mm&r=g","contentUrl":"https:\/\/secure.gravatar.com\/avatar\/83f1597276b4fd718af4e3dae5c073f1efc6ca190953128b5ef9ba5696cc5297?s=96&d=mm&r=g","caption":"Matriculasdelmundo"}}]}},"_links":{"self":[{"href":"https:\/\/matriculasdelmundo.com\/noticias\/wp-json\/wp\/v2\/posts\/998","targetHints":{"allow":["GET"]}}],"collection":[{"href":"https:\/\/matriculasdelmundo.com\/noticias\/wp-json\/wp\/v2\/posts"}],"about":[{"href":"https:\/\/matriculasdelmundo.com\/noticias\/wp-json\/wp\/v2\/types\/post"}],"author":[{"embeddable":true,"href":"https:\/\/matriculasdelmundo.com\/noticias\/wp-json\/wp\/v2\/users\/1"}],"replies":[{"embeddable":true,"href":"https:\/\/matriculasdelmundo.com\/noticias\/wp-json\/wp\/v2\/comments?post=998"}],"version-history":[{"count":1,"href":"https:\/\/matriculasdelmundo.com\/noticias\/wp-json\/wp\/v2\/posts\/998\/revisions"}],"predecessor-version":[{"id":1002,"href":"https:\/\/matriculasdelmundo.com\/noticias\/wp-json\/wp\/v2\/posts\/998\/revisions\/1002"}],"wp:featuredmedia":[{"embeddable":true,"href":"https:\/\/matriculasdelmundo.com\/noticias\/wp-json\/wp\/v2\/media\/999"}],"wp:attachment":[{"href":"https:\/\/matriculasdelmundo.com\/noticias\/wp-json\/wp\/v2\/media?parent=998"}],"wp:term":[{"taxonomy":"category","embeddable":true,"href":"https:\/\/matriculasdelmundo.com\/noticias\/wp-json\/wp\/v2\/categories?post=998"},{"taxonomy":"post_tag","embeddable":true,"href":"https:\/\/matriculasdelmundo.com\/noticias\/wp-json\/wp\/v2\/tags?post=998"}],"curies":[{"name":"wp","href":"https:\/\/api.w.org\/{rel}","templated":true}]}}