{"id":904,"date":"2022-05-24T23:05:55","date_gmt":"2022-05-24T22:05:55","guid":{"rendered":"https:\/\/matriculasdelmundo.com\/noticias\/?p=904"},"modified":"2022-05-25T18:26:07","modified_gmt":"2022-05-25T17:26:07","slug":"matriculas-electricas-rumania","status":"publish","type":"post","link":"https:\/\/matriculasdelmundo.com\/noticias\/matriculas-electricas-rumania\/","title":{"rendered":"Matr\u00edculas el\u00e9ctricas para Ruman\u00eda"},"content":{"rendered":"\n<p>Desde junio de <strong>2022, <a href=\"https:\/\/matriculasdelmundo.com\/rumania.html\">Ruman\u00eda <\/a>utilizar\u00e1 matr\u00edculas diferenciadas para veh\u00edculos el\u00e9ctricos<\/strong>. Ruman\u00eda sigue el ejemplo de un <a href=\"https:\/\/matriculasdelmundo.com\/noticias\/tag\/electrico\/\">gran n\u00famero de pa\u00edses<\/a> que durante los \u00faltimos a\u00f1os han adoptado nuevos sistemas de matr\u00edculas para los<a href=\"https:\/\/matriculasdelmundo.com\/noticias\/matriculas-vehiculos-electricos-europa\/\"> veh\u00edculos el\u00e9ctricos<\/a>. Este cambio se debe al aumento en las ventas de veh\u00edculos el\u00e9ctricos, que est\u00e1n creciendo a lo largo de toda Europa y el mundo.<\/p>\n\n\n\n<div class=\"wp-block-image\"><figure class=\"aligncenter size-full\"><img decoding=\"async\" width=\"500\" height=\"281\" data-src=\"https:\/\/matriculasdelmundo.com\/noticias\/wp-content\/uploads\/2022\/05\/romania-green-number-plates-for-evs-1.jpg\" alt=\"Eejmplo oficial del nuevo tipo de matr\u00edcula para veh\u00edculo el\u00e9ctrico en Ruman\u00eda\" class=\"wp-image-907 lazyload\" data-srcset=\"https:\/\/matriculasdelmundo.com\/noticias\/wp-content\/uploads\/2022\/05\/romania-green-number-plates-for-evs-1.jpg 500w, https:\/\/matriculasdelmundo.com\/noticias\/wp-content\/uploads\/2022\/05\/romania-green-number-plates-for-evs-1-300x169.jpg 300w\" data-sizes=\"(max-width: 500px) 100vw, 500px\" src=\"data:image\/svg+xml;base64,PHN2ZyB3aWR0aD0iMSIgaGVpZ2h0PSIxIiB4bWxucz0iaHR0cDovL3d3dy53My5vcmcvMjAwMC9zdmciPjwvc3ZnPg==\" style=\"--smush-placeholder-width: 500px; --smush-placeholder-aspect-ratio: 500\/281;\" \/><figcaption>Eejmplo oficial del <strong>nuevo tipo de matr\u00edcula para veh\u00edculo el\u00e9ctrico <\/strong>en Ruman\u00eda<\/figcaption><\/figure><\/div>\n\n\n\n<h2 class=\"wp-block-heading\">\u00bfC\u00f3mo son las nuevas matr\u00edculas el\u00e9ctricas de Ruman\u00eda?<\/h2>\n\n\n\n<p>Las nuevas matr\u00edculas para veh\u00edculos el\u00e9ctricos en Ruman\u00eda utilizan el <strong>mismo dise\u00f1o y configuraci\u00f3n que el sistema ordinario. La \u00fanica diferencia es el color <\/strong>de los caracteres, que cambia a verde en vez de negro. Este tipo de peque\u00f1a alteraci\u00f3n en las matr\u00edculas para veh\u00edculos el\u00e9ctricos es muy similar al llevado a cabo en <a href=\"https:\/\/matriculasdelmundo.com\/noticias\/eslovaquia-matriculas-electricas-y-nuevo-codigo-bt\/\">Eslovaquia<\/a>, manteniendo la configuraci\u00f3n pero con cambios visuales. Hemos creado un ejemplo de c\u00f3mo se ven este tipo de matr\u00edculas.<\/p>\n\n\n\n<div class=\"wp-block-image\"><figure class=\"aligncenter size-full\"><img decoding=\"async\" width=\"595\" height=\"111\" data-src=\"https:\/\/matriculasdelmundo.com\/noticias\/wp-content\/uploads\/2022\/05\/matricula-electrico-rumania.png\" alt=\"Matr\u00edcula de veh\u00edculo el\u00e9ctrico de Ruman\u00eda creada por matriculasdelmundo\" class=\"wp-image-905 lazyload\" data-srcset=\"https:\/\/matriculasdelmundo.com\/noticias\/wp-content\/uploads\/2022\/05\/matricula-electrico-rumania.png 595w, https:\/\/matriculasdelmundo.com\/noticias\/wp-content\/uploads\/2022\/05\/matricula-electrico-rumania-300x56.png 300w\" data-sizes=\"(max-width: 595px) 100vw, 595px\" src=\"data:image\/svg+xml;base64,PHN2ZyB3aWR0aD0iMSIgaGVpZ2h0PSIxIiB4bWxucz0iaHR0cDovL3d3dy53My5vcmcvMjAwMC9zdmciPjwvc3ZnPg==\" style=\"--smush-placeholder-width: 595px; --smush-placeholder-aspect-ratio: 595\/111;\" \/><figcaption>Nueva matr\u00edcula de veh\u00edculo el\u00e9ctrico de <a href=\"https:\/\/matriculasdelmundo.com\/rumania.html\">Ruman\u00eda<\/a>. B-Bucarest<\/figcaption><\/figure><\/div>\n\n\n\n<p>Como ha ocurrido con otros pa\u00edses, estas matr\u00edculas vienen acompa\u00f1adas de una serie de ventajas para sus propietarios o conductores. Zonas de aparcamiento gratuito en \u00abzonas de pago\u00bb y reducci\u00f3n de impuestos entre otros. Este nuevo tipo de matr\u00edcula ha estado precedido por la creaci\u00f3n de ayudas para comprar coches el\u00e9ctricos e h\u00edbridos durante los \u00faltimos a\u00f1os por parte del gobierno. Aproximadamente el 1% del parque m\u00f3vil nacional es de veh\u00edculos el\u00e9ctricos, n\u00famero que se est\u00e1 intentando aumentar.<\/p>\n\n\n\n<h2 class=\"wp-block-heading\">\u00bfCu\u00e1ndo comenzar\u00e1 el uso de estas matr\u00edculas para veh\u00edculos el\u00e9ctricos oficialmente?<\/h2>\n\n\n\n<p>Este <strong>nuevo tipo de matr\u00edcula para veh\u00edculos el\u00e9ctrico fue presentado a finales de abril de 2022<\/strong>. Por lo tanto, se comenzar\u00e1 oficialmente su uso 60 d\u00edas despu\u00e9s del <strong>29 de abril de 2022<\/strong>. Esto significa que a finales de junio se comenzar\u00e1 a utilizar dicho sistema. Se espera que los nuevos veh\u00edculos el\u00e9ctricos tengan autom\u00e1ticamente esta matr\u00edcula. Por otra parte, los veh\u00edculos el\u00e9ctricos que ya est\u00e1n en circulaci\u00f3n podr\u00e1n optar por hacer el cambio a este tipo de matr\u00edcula.<\/p>\n\n\n\n<h2 class=\"wp-block-heading\">Fuentes<\/h2>\n\n\n\n<p>Puedes consultar m\u00e1s informaci\u00f3n sobre las <strong>matr\u00edculas de Ruman\u00eda en <a href=\"https:\/\/matriculasdelmundo.com\/rumania.html\">este link<\/a><\/strong>. Han sido consultadas numerosas fuentes oficiales y medios locales e internacionales (como <a href=\"https:\/\/www.electrive.com\/2022\/05\/16\/romania-introduces-green-numberplates-for-zev\/\" target=\"_blank\" rel=\"noreferrer noopener nofollow\">electricdrive.com<\/a>). <\/p>\n\n\n<div class=\"kk-star-ratings kksr-auto kksr-align-center kksr-valign-bottom\"\n    data-payload='{&quot;align&quot;:&quot;center&quot;,&quot;id&quot;:&quot;904&quot;,&quot;slug&quot;:&quot;default&quot;,&quot;valign&quot;:&quot;bottom&quot;,&quot;ignore&quot;:&quot;&quot;,&quot;reference&quot;:&quot;auto&quot;,&quot;class&quot;:&quot;&quot;,&quot;count&quot;:&quot;0&quot;,&quot;legendonly&quot;:&quot;&quot;,&quot;readonly&quot;:&quot;&quot;,&quot;score&quot;:&quot;0&quot;,&quot;starsonly&quot;:&quot;&quot;,&quot;best&quot;:&quot;5&quot;,&quot;gap&quot;:&quot;5&quot;,&quot;greet&quot;:&quot;Punt\u00faalo post&quot;,&quot;legend&quot;:&quot;0\\\/5 - (0 votos)&quot;,&quot;size&quot;:&quot;18&quot;,&quot;title&quot;:&quot;Matr\u00edculas el\u00e9ctricas para Ruman\u00eda&quot;,&quot;width&quot;:&quot;0&quot;,&quot;_legend&quot;:&quot;{score}\\\/{best} - ({count} {votes})&quot;,&quot;font_factor&quot;:&quot;1.25&quot;}'>\n            \n<div class=\"kksr-stars\">\n    \n<div class=\"kksr-stars-inactive\">\n            <div class=\"kksr-star\" data-star=\"1\" style=\"padding-right: 5px\">\n            \n\n<div class=\"kksr-icon\" style=\"width: 18px; height: 18px;\"><\/div>\n        <\/div>\n            <div class=\"kksr-star\" data-star=\"2\" style=\"padding-right: 5px\">\n            \n\n<div class=\"kksr-icon\" style=\"width: 18px; height: 18px;\"><\/div>\n        <\/div>\n            <div class=\"kksr-star\" data-star=\"3\" style=\"padding-right: 5px\">\n            \n\n<div class=\"kksr-icon\" style=\"width: 18px; height: 18px;\"><\/div>\n        <\/div>\n            <div class=\"kksr-star\" data-star=\"4\" style=\"padding-right: 5px\">\n            \n\n<div class=\"kksr-icon\" style=\"width: 18px; height: 18px;\"><\/div>\n        <\/div>\n            <div class=\"kksr-star\" data-star=\"5\" style=\"padding-right: 5px\">\n            \n\n<div class=\"kksr-icon\" style=\"width: 18px; height: 18px;\"><\/div>\n        <\/div>\n    <\/div>\n    \n<div class=\"kksr-stars-active\" style=\"width: 0px;\">\n            <div class=\"kksr-star\" style=\"padding-right: 5px\">\n            \n\n<div class=\"kksr-icon\" style=\"width: 18px; height: 18px;\"><\/div>\n        <\/div>\n            <div class=\"kksr-star\" style=\"padding-right: 5px\">\n            \n\n<div class=\"kksr-icon\" style=\"width: 18px; height: 18px;\"><\/div>\n        <\/div>\n            <div class=\"kksr-star\" style=\"padding-right: 5px\">\n            \n\n<div class=\"kksr-icon\" style=\"width: 18px; height: 18px;\"><\/div>\n        <\/div>\n            <div class=\"kksr-star\" style=\"padding-right: 5px\">\n            \n\n<div class=\"kksr-icon\" style=\"width: 18px; height: 18px;\"><\/div>\n        <\/div>\n            <div class=\"kksr-star\" style=\"padding-right: 5px\">\n            \n\n<div class=\"kksr-icon\" style=\"width: 18px; height: 18px;\"><\/div>\n        <\/div>\n    <\/div>\n<\/div>\n                \n\n<div class=\"kksr-legend\" style=\"font-size: 14.4px;\">\n            <span class=\"kksr-muted\">Punt\u00faalo post<\/span>\n    <\/div>\n    <\/div>\n","protected":false},"excerpt":{"rendered":"<p>Desde junio de 2022, Ruman\u00eda utilizar\u00e1 matr\u00edculas diferenciadas para veh\u00edculos el\u00e9ctricos. Ruman\u00eda sigue el ejemplo de un gran n\u00famero de pa\u00edses que durante los \u00faltimos a\u00f1os han adoptado nuevos sistemas de matr\u00edculas para los veh\u00edculos el\u00e9ctricos. Este cambio se debe al aumento en las ventas de veh\u00edculos el\u00e9ctricos, que est\u00e1n creciendo a lo largo de&hellip;&nbsp;<a href=\"https:\/\/matriculasdelmundo.com\/noticias\/matriculas-electricas-rumania\/\" rel=\"bookmark\">Leer m\u00e1s &raquo;<span class=\"screen-reader-text\">Matr\u00edculas el\u00e9ctricas para Ruman\u00eda<\/span><\/a><\/p>\n","protected":false},"author":1,"featured_media":908,"comment_status":"open","ping_status":"open","sticky":false,"template":"","format":"standard","meta":{"neve_meta_sidebar":"","neve_meta_container":"","neve_meta_enable_content_width":"","neve_meta_content_width":0,"neve_meta_title_alignment":"","neve_meta_author_avatar":"","neve_post_elements_order":"","neve_meta_disable_header":"","neve_meta_disable_footer":"","neve_meta_disable_title":"","footnotes":""},"categories":[13,298],"tags":[255,299,245,183],"class_list":["post-904","post","type-post","status-publish","format-standard","has-post-thumbnail","hentry","category-paises","category-rumania","tag-255","tag-rumania","tag-vehiculo-electrico","tag-verde"],"yoast_head":"<!-- This site is optimized with the Yoast SEO plugin v27.5 - https:\/\/yoast.com\/product\/yoast-seo-wordpress\/ -->\n<title>Nuevas matr\u00edculas el\u00e9ctricas en Ruman\u00eda | \u00a1\u00daltima hora!<\/title>\n<meta name=\"description\" content=\"Descubre c\u00f3mo son las nuevas matr\u00edculas el\u00e9ctricas de Ruman\u00eda. Conoce los detalles y cu\u00e1ndo comenzar\u00e1 oficialmente su uso.\" \/>\n<meta name=\"robots\" content=\"index, follow, max-snippet:-1, max-image-preview:large, max-video-preview:-1\" \/>\n<link rel=\"canonical\" href=\"https:\/\/matriculasdelmundo.com\/noticias\/matriculas-electricas-rumania\/\" \/>\n<meta property=\"og:locale\" content=\"es_ES\" \/>\n<meta property=\"og:type\" content=\"article\" \/>\n<meta property=\"og:title\" content=\"Nuevas matr\u00edculas el\u00e9ctricas en Ruman\u00eda | \u00a1\u00daltima hora!\" \/>\n<meta property=\"og:description\" content=\"Descubre c\u00f3mo son las nuevas matr\u00edculas el\u00e9ctricas de Ruman\u00eda. Conoce los detalles y cu\u00e1ndo comenzar\u00e1 oficialmente su uso.\" \/>\n<meta property=\"og:url\" content=\"https:\/\/matriculasdelmundo.com\/noticias\/matriculas-electricas-rumania\/\" \/>\n<meta property=\"og:site_name\" content=\"Noticias de matr\u00edculas del mundo\" \/>\n<meta property=\"article:publisher\" content=\"https:\/\/www.facebook.com\/matriculasdelmundo\/\" \/>\n<meta property=\"article:published_time\" content=\"2022-05-24T22:05:55+00:00\" \/>\n<meta property=\"article:modified_time\" content=\"2022-05-25T17:26:07+00:00\" \/>\n<meta property=\"og:image\" content=\"https:\/\/matriculasdelmundo.com\/noticias\/wp-content\/uploads\/2022\/05\/matricula-electrico-rumania-copia.png\" \/>\n\t<meta property=\"og:image:width\" content=\"661\" \/>\n\t<meta property=\"og:image:height\" content=\"395\" \/>\n\t<meta property=\"og:image:type\" content=\"image\/png\" \/>\n<meta name=\"author\" content=\"Matriculasdelmundo\" \/>\n<meta name=\"twitter:card\" content=\"summary_large_image\" \/>\n<meta name=\"twitter:creator\" content=\"@matriculasdm\" \/>\n<meta name=\"twitter:site\" content=\"@matriculasdm\" \/>\n<meta name=\"twitter:label1\" content=\"Escrito por\" \/>\n\t<meta name=\"twitter:data1\" content=\"Matriculasdelmundo\" \/>\n\t<meta name=\"twitter:label2\" content=\"Tiempo de lectura\" \/>\n\t<meta name=\"twitter:data2\" content=\"3 minutos\" \/>\n<script type=\"application\/ld+json\" class=\"yoast-schema-graph\">{\"@context\":\"https:\\\/\\\/schema.org\",\"@graph\":[{\"@type\":\"Article\",\"@id\":\"https:\\\/\\\/matriculasdelmundo.com\\\/noticias\\\/matriculas-electricas-rumania\\\/#article\",\"isPartOf\":{\"@id\":\"https:\\\/\\\/matriculasdelmundo.com\\\/noticias\\\/matriculas-electricas-rumania\\\/\"},\"author\":{\"name\":\"Matriculasdelmundo\",\"@id\":\"https:\\\/\\\/matriculasdelmundo.com\\\/noticias\\\/#\\\/schema\\\/person\\\/91e4edcb4c5c7a2e9f6d5f83d116aa90\"},\"headline\":\"Matr\u00edculas el\u00e9ctricas para Ruman\u00eda\",\"datePublished\":\"2022-05-24T22:05:55+00:00\",\"dateModified\":\"2022-05-25T17:26:07+00:00\",\"mainEntityOfPage\":{\"@id\":\"https:\\\/\\\/matriculasdelmundo.com\\\/noticias\\\/matriculas-electricas-rumania\\\/\"},\"wordCount\":434,\"commentCount\":0,\"publisher\":{\"@id\":\"https:\\\/\\\/matriculasdelmundo.com\\\/noticias\\\/#organization\"},\"image\":{\"@id\":\"https:\\\/\\\/matriculasdelmundo.com\\\/noticias\\\/matriculas-electricas-rumania\\\/#primaryimage\"},\"thumbnailUrl\":\"https:\\\/\\\/matriculasdelmundo.com\\\/noticias\\\/wp-content\\\/uploads\\\/2022\\\/05\\\/matricula-electrico-rumania-copia.png\",\"keywords\":[\"2022\",\"ruman\u00eda\",\"veh\u00edculo el\u00e9ctrico\",\"verde\"],\"articleSection\":[\"Pa\u00edses\",\"Ruman\u00eda\"],\"inLanguage\":\"es\",\"potentialAction\":[{\"@type\":\"CommentAction\",\"name\":\"Comment\",\"target\":[\"https:\\\/\\\/matriculasdelmundo.com\\\/noticias\\\/matriculas-electricas-rumania\\\/#respond\"]}]},{\"@type\":\"WebPage\",\"@id\":\"https:\\\/\\\/matriculasdelmundo.com\\\/noticias\\\/matriculas-electricas-rumania\\\/\",\"url\":\"https:\\\/\\\/matriculasdelmundo.com\\\/noticias\\\/matriculas-electricas-rumania\\\/\",\"name\":\"Nuevas matr\u00edculas el\u00e9ctricas en Ruman\u00eda | \u00a1\u00daltima hora!\",\"isPartOf\":{\"@id\":\"https:\\\/\\\/matriculasdelmundo.com\\\/noticias\\\/#website\"},\"primaryImageOfPage\":{\"@id\":\"https:\\\/\\\/matriculasdelmundo.com\\\/noticias\\\/matriculas-electricas-rumania\\\/#primaryimage\"},\"image\":{\"@id\":\"https:\\\/\\\/matriculasdelmundo.com\\\/noticias\\\/matriculas-electricas-rumania\\\/#primaryimage\"},\"thumbnailUrl\":\"https:\\\/\\\/matriculasdelmundo.com\\\/noticias\\\/wp-content\\\/uploads\\\/2022\\\/05\\\/matricula-electrico-rumania-copia.png\",\"datePublished\":\"2022-05-24T22:05:55+00:00\",\"dateModified\":\"2022-05-25T17:26:07+00:00\",\"description\":\"Descubre c\u00f3mo son las nuevas matr\u00edculas el\u00e9ctricas de Ruman\u00eda. Conoce los detalles y cu\u00e1ndo comenzar\u00e1 oficialmente su uso.\",\"breadcrumb\":{\"@id\":\"https:\\\/\\\/matriculasdelmundo.com\\\/noticias\\\/matriculas-electricas-rumania\\\/#breadcrumb\"},\"inLanguage\":\"es\",\"potentialAction\":[{\"@type\":\"ReadAction\",\"target\":[\"https:\\\/\\\/matriculasdelmundo.com\\\/noticias\\\/matriculas-electricas-rumania\\\/\"]}]},{\"@type\":\"ImageObject\",\"inLanguage\":\"es\",\"@id\":\"https:\\\/\\\/matriculasdelmundo.com\\\/noticias\\\/matriculas-electricas-rumania\\\/#primaryimage\",\"url\":\"https:\\\/\\\/matriculasdelmundo.com\\\/noticias\\\/wp-content\\\/uploads\\\/2022\\\/05\\\/matricula-electrico-rumania-copia.png\",\"contentUrl\":\"https:\\\/\\\/matriculasdelmundo.com\\\/noticias\\\/wp-content\\\/uploads\\\/2022\\\/05\\\/matricula-electrico-rumania-copia.png\",\"width\":661,\"height\":395,\"caption\":\"Nuevas matr\u00edculas para veh\u00edculos el\u00e9ctricos en Ruman\u00eda\"},{\"@type\":\"BreadcrumbList\",\"@id\":\"https:\\\/\\\/matriculasdelmundo.com\\\/noticias\\\/matriculas-electricas-rumania\\\/#breadcrumb\",\"itemListElement\":[{\"@type\":\"ListItem\",\"position\":1,\"name\":\"Portada\",\"item\":\"https:\\\/\\\/matriculasdelmundo.com\\\/noticias\\\/\"},{\"@type\":\"ListItem\",\"position\":2,\"name\":\"Matr\u00edculas el\u00e9ctricas para Ruman\u00eda\"}]},{\"@type\":\"WebSite\",\"@id\":\"https:\\\/\\\/matriculasdelmundo.com\\\/noticias\\\/#website\",\"url\":\"https:\\\/\\\/matriculasdelmundo.com\\\/noticias\\\/\",\"name\":\"Noticias de matr\u00edculas del mundo\",\"description\":\"Descubre las \u00faltimas noticias sobre matriculas de coches de todos los pa\u00edses del mundo. Actualizado semanalmente\",\"publisher\":{\"@id\":\"https:\\\/\\\/matriculasdelmundo.com\\\/noticias\\\/#organization\"},\"potentialAction\":[{\"@type\":\"SearchAction\",\"target\":{\"@type\":\"EntryPoint\",\"urlTemplate\":\"https:\\\/\\\/matriculasdelmundo.com\\\/noticias\\\/?s={search_term_string}\"},\"query-input\":{\"@type\":\"PropertyValueSpecification\",\"valueRequired\":true,\"valueName\":\"search_term_string\"}}],\"inLanguage\":\"es\"},{\"@type\":\"Organization\",\"@id\":\"https:\\\/\\\/matriculasdelmundo.com\\\/noticias\\\/#organization\",\"name\":\"Matriculasdelmundo.com\",\"url\":\"https:\\\/\\\/matriculasdelmundo.com\\\/noticias\\\/\",\"logo\":{\"@type\":\"ImageObject\",\"inLanguage\":\"es\",\"@id\":\"https:\\\/\\\/matriculasdelmundo.com\\\/noticias\\\/#\\\/schema\\\/logo\\\/image\\\/\",\"url\":\"https:\\\/\\\/matriculasdelmundo.com\\\/noticias\\\/wp-content\\\/uploads\\\/2017\\\/09\\\/logo2.png\",\"contentUrl\":\"https:\\\/\\\/matriculasdelmundo.com\\\/noticias\\\/wp-content\\\/uploads\\\/2017\\\/09\\\/logo2.png\",\"width\":100,\"height\":34,\"caption\":\"Matriculasdelmundo.com\"},\"image\":{\"@id\":\"https:\\\/\\\/matriculasdelmundo.com\\\/noticias\\\/#\\\/schema\\\/logo\\\/image\\\/\"},\"sameAs\":[\"https:\\\/\\\/www.facebook.com\\\/matriculasdelmundo\\\/\",\"https:\\\/\\\/x.com\\\/matriculasdm\",\"https:\\\/\\\/www.instagram.com\\\/matriculasdelmundo\\\/\"]},{\"@type\":\"Person\",\"@id\":\"https:\\\/\\\/matriculasdelmundo.com\\\/noticias\\\/#\\\/schema\\\/person\\\/91e4edcb4c5c7a2e9f6d5f83d116aa90\",\"name\":\"Matriculasdelmundo\",\"image\":{\"@type\":\"ImageObject\",\"inLanguage\":\"es\",\"@id\":\"https:\\\/\\\/secure.gravatar.com\\\/avatar\\\/83f1597276b4fd718af4e3dae5c073f1efc6ca190953128b5ef9ba5696cc5297?s=96&d=mm&r=g\",\"url\":\"https:\\\/\\\/secure.gravatar.com\\\/avatar\\\/83f1597276b4fd718af4e3dae5c073f1efc6ca190953128b5ef9ba5696cc5297?s=96&d=mm&r=g\",\"contentUrl\":\"https:\\\/\\\/secure.gravatar.com\\\/avatar\\\/83f1597276b4fd718af4e3dae5c073f1efc6ca190953128b5ef9ba5696cc5297?s=96&d=mm&r=g\",\"caption\":\"Matriculasdelmundo\"}}]}<\/script>\n<!-- \/ Yoast SEO plugin. -->","yoast_head_json":{"title":"Nuevas matr\u00edculas el\u00e9ctricas en Ruman\u00eda | \u00a1\u00daltima hora!","description":"Descubre c\u00f3mo son las nuevas matr\u00edculas el\u00e9ctricas de Ruman\u00eda. Conoce los detalles y cu\u00e1ndo comenzar\u00e1 oficialmente su uso.","robots":{"index":"index","follow":"follow","max-snippet":"max-snippet:-1","max-image-preview":"max-image-preview:large","max-video-preview":"max-video-preview:-1"},"canonical":"https:\/\/matriculasdelmundo.com\/noticias\/matriculas-electricas-rumania\/","og_locale":"es_ES","og_type":"article","og_title":"Nuevas matr\u00edculas el\u00e9ctricas en Ruman\u00eda | \u00a1\u00daltima hora!","og_description":"Descubre c\u00f3mo son las nuevas matr\u00edculas el\u00e9ctricas de Ruman\u00eda. Conoce los detalles y cu\u00e1ndo comenzar\u00e1 oficialmente su uso.","og_url":"https:\/\/matriculasdelmundo.com\/noticias\/matriculas-electricas-rumania\/","og_site_name":"Noticias de matr\u00edculas del mundo","article_publisher":"https:\/\/www.facebook.com\/matriculasdelmundo\/","article_published_time":"2022-05-24T22:05:55+00:00","article_modified_time":"2022-05-25T17:26:07+00:00","og_image":[{"width":661,"height":395,"url":"https:\/\/matriculasdelmundo.com\/noticias\/wp-content\/uploads\/2022\/05\/matricula-electrico-rumania-copia.png","type":"image\/png"}],"author":"Matriculasdelmundo","twitter_card":"summary_large_image","twitter_creator":"@matriculasdm","twitter_site":"@matriculasdm","twitter_misc":{"Escrito por":"Matriculasdelmundo","Tiempo de lectura":"3 minutos"},"schema":{"@context":"https:\/\/schema.org","@graph":[{"@type":"Article","@id":"https:\/\/matriculasdelmundo.com\/noticias\/matriculas-electricas-rumania\/#article","isPartOf":{"@id":"https:\/\/matriculasdelmundo.com\/noticias\/matriculas-electricas-rumania\/"},"author":{"name":"Matriculasdelmundo","@id":"https:\/\/matriculasdelmundo.com\/noticias\/#\/schema\/person\/91e4edcb4c5c7a2e9f6d5f83d116aa90"},"headline":"Matr\u00edculas el\u00e9ctricas para Ruman\u00eda","datePublished":"2022-05-24T22:05:55+00:00","dateModified":"2022-05-25T17:26:07+00:00","mainEntityOfPage":{"@id":"https:\/\/matriculasdelmundo.com\/noticias\/matriculas-electricas-rumania\/"},"wordCount":434,"commentCount":0,"publisher":{"@id":"https:\/\/matriculasdelmundo.com\/noticias\/#organization"},"image":{"@id":"https:\/\/matriculasdelmundo.com\/noticias\/matriculas-electricas-rumania\/#primaryimage"},"thumbnailUrl":"https:\/\/matriculasdelmundo.com\/noticias\/wp-content\/uploads\/2022\/05\/matricula-electrico-rumania-copia.png","keywords":["2022","ruman\u00eda","veh\u00edculo el\u00e9ctrico","verde"],"articleSection":["Pa\u00edses","Ruman\u00eda"],"inLanguage":"es","potentialAction":[{"@type":"CommentAction","name":"Comment","target":["https:\/\/matriculasdelmundo.com\/noticias\/matriculas-electricas-rumania\/#respond"]}]},{"@type":"WebPage","@id":"https:\/\/matriculasdelmundo.com\/noticias\/matriculas-electricas-rumania\/","url":"https:\/\/matriculasdelmundo.com\/noticias\/matriculas-electricas-rumania\/","name":"Nuevas matr\u00edculas el\u00e9ctricas en Ruman\u00eda | \u00a1\u00daltima hora!","isPartOf":{"@id":"https:\/\/matriculasdelmundo.com\/noticias\/#website"},"primaryImageOfPage":{"@id":"https:\/\/matriculasdelmundo.com\/noticias\/matriculas-electricas-rumania\/#primaryimage"},"image":{"@id":"https:\/\/matriculasdelmundo.com\/noticias\/matriculas-electricas-rumania\/#primaryimage"},"thumbnailUrl":"https:\/\/matriculasdelmundo.com\/noticias\/wp-content\/uploads\/2022\/05\/matricula-electrico-rumania-copia.png","datePublished":"2022-05-24T22:05:55+00:00","dateModified":"2022-05-25T17:26:07+00:00","description":"Descubre c\u00f3mo son las nuevas matr\u00edculas el\u00e9ctricas de Ruman\u00eda. Conoce los detalles y cu\u00e1ndo comenzar\u00e1 oficialmente su uso.","breadcrumb":{"@id":"https:\/\/matriculasdelmundo.com\/noticias\/matriculas-electricas-rumania\/#breadcrumb"},"inLanguage":"es","potentialAction":[{"@type":"ReadAction","target":["https:\/\/matriculasdelmundo.com\/noticias\/matriculas-electricas-rumania\/"]}]},{"@type":"ImageObject","inLanguage":"es","@id":"https:\/\/matriculasdelmundo.com\/noticias\/matriculas-electricas-rumania\/#primaryimage","url":"https:\/\/matriculasdelmundo.com\/noticias\/wp-content\/uploads\/2022\/05\/matricula-electrico-rumania-copia.png","contentUrl":"https:\/\/matriculasdelmundo.com\/noticias\/wp-content\/uploads\/2022\/05\/matricula-electrico-rumania-copia.png","width":661,"height":395,"caption":"Nuevas matr\u00edculas para veh\u00edculos el\u00e9ctricos en Ruman\u00eda"},{"@type":"BreadcrumbList","@id":"https:\/\/matriculasdelmundo.com\/noticias\/matriculas-electricas-rumania\/#breadcrumb","itemListElement":[{"@type":"ListItem","position":1,"name":"Portada","item":"https:\/\/matriculasdelmundo.com\/noticias\/"},{"@type":"ListItem","position":2,"name":"Matr\u00edculas el\u00e9ctricas para Ruman\u00eda"}]},{"@type":"WebSite","@id":"https:\/\/matriculasdelmundo.com\/noticias\/#website","url":"https:\/\/matriculasdelmundo.com\/noticias\/","name":"Noticias de matr\u00edculas del mundo","description":"Descubre las \u00faltimas noticias sobre matriculas de coches de todos los pa\u00edses del mundo. Actualizado semanalmente","publisher":{"@id":"https:\/\/matriculasdelmundo.com\/noticias\/#organization"},"potentialAction":[{"@type":"SearchAction","target":{"@type":"EntryPoint","urlTemplate":"https:\/\/matriculasdelmundo.com\/noticias\/?s={search_term_string}"},"query-input":{"@type":"PropertyValueSpecification","valueRequired":true,"valueName":"search_term_string"}}],"inLanguage":"es"},{"@type":"Organization","@id":"https:\/\/matriculasdelmundo.com\/noticias\/#organization","name":"Matriculasdelmundo.com","url":"https:\/\/matriculasdelmundo.com\/noticias\/","logo":{"@type":"ImageObject","inLanguage":"es","@id":"https:\/\/matriculasdelmundo.com\/noticias\/#\/schema\/logo\/image\/","url":"https:\/\/matriculasdelmundo.com\/noticias\/wp-content\/uploads\/2017\/09\/logo2.png","contentUrl":"https:\/\/matriculasdelmundo.com\/noticias\/wp-content\/uploads\/2017\/09\/logo2.png","width":100,"height":34,"caption":"Matriculasdelmundo.com"},"image":{"@id":"https:\/\/matriculasdelmundo.com\/noticias\/#\/schema\/logo\/image\/"},"sameAs":["https:\/\/www.facebook.com\/matriculasdelmundo\/","https:\/\/x.com\/matriculasdm","https:\/\/www.instagram.com\/matriculasdelmundo\/"]},{"@type":"Person","@id":"https:\/\/matriculasdelmundo.com\/noticias\/#\/schema\/person\/91e4edcb4c5c7a2e9f6d5f83d116aa90","name":"Matriculasdelmundo","image":{"@type":"ImageObject","inLanguage":"es","@id":"https:\/\/secure.gravatar.com\/avatar\/83f1597276b4fd718af4e3dae5c073f1efc6ca190953128b5ef9ba5696cc5297?s=96&d=mm&r=g","url":"https:\/\/secure.gravatar.com\/avatar\/83f1597276b4fd718af4e3dae5c073f1efc6ca190953128b5ef9ba5696cc5297?s=96&d=mm&r=g","contentUrl":"https:\/\/secure.gravatar.com\/avatar\/83f1597276b4fd718af4e3dae5c073f1efc6ca190953128b5ef9ba5696cc5297?s=96&d=mm&r=g","caption":"Matriculasdelmundo"}}]}},"_links":{"self":[{"href":"https:\/\/matriculasdelmundo.com\/noticias\/wp-json\/wp\/v2\/posts\/904","targetHints":{"allow":["GET"]}}],"collection":[{"href":"https:\/\/matriculasdelmundo.com\/noticias\/wp-json\/wp\/v2\/posts"}],"about":[{"href":"https:\/\/matriculasdelmundo.com\/noticias\/wp-json\/wp\/v2\/types\/post"}],"author":[{"embeddable":true,"href":"https:\/\/matriculasdelmundo.com\/noticias\/wp-json\/wp\/v2\/users\/1"}],"replies":[{"embeddable":true,"href":"https:\/\/matriculasdelmundo.com\/noticias\/wp-json\/wp\/v2\/comments?post=904"}],"version-history":[{"count":1,"href":"https:\/\/matriculasdelmundo.com\/noticias\/wp-json\/wp\/v2\/posts\/904\/revisions"}],"predecessor-version":[{"id":909,"href":"https:\/\/matriculasdelmundo.com\/noticias\/wp-json\/wp\/v2\/posts\/904\/revisions\/909"}],"wp:featuredmedia":[{"embeddable":true,"href":"https:\/\/matriculasdelmundo.com\/noticias\/wp-json\/wp\/v2\/media\/908"}],"wp:attachment":[{"href":"https:\/\/matriculasdelmundo.com\/noticias\/wp-json\/wp\/v2\/media?parent=904"}],"wp:term":[{"taxonomy":"category","embeddable":true,"href":"https:\/\/matriculasdelmundo.com\/noticias\/wp-json\/wp\/v2\/categories?post=904"},{"taxonomy":"post_tag","embeddable":true,"href":"https:\/\/matriculasdelmundo.com\/noticias\/wp-json\/wp\/v2\/tags?post=904"}],"curies":[{"name":"wp","href":"https:\/\/api.w.org\/{rel}","templated":true}]}}