{"id":857,"date":"2021-12-23T10:39:08","date_gmt":"2021-12-23T09:39:08","guid":{"rendered":"https:\/\/matriculasdelmundo.com\/noticias\/?p=857"},"modified":"2021-12-23T10:39:13","modified_gmt":"2021-12-23T09:39:13","slug":"2021-en-matriculas-2022","status":"publish","type":"post","link":"https:\/\/matriculasdelmundo.com\/noticias\/2021-en-matriculas-2022\/","title":{"rendered":"El a\u00f1o 2021 en matr\u00edculas. \u00a1Feliz 2022!"},"content":{"rendered":"\n<p>El 2021 se acerca a su final, y a falta de una semana, queremos <strong>mostraros todos los cambios y novedades<\/strong> que hay en cuanto a matr\u00edculas se trata, tanto en 2021 como en 2022. <a href=\"https:\/\/matriculasdelmundo.com\/noticias\/recopilacion-2020-matriculas\/\">A diferencia del 2020<\/a>, no ha habido tantas novedades con respecto a matr\u00edculas el\u00e9ctricas, pero s\u00ed que ha habido algunos cambios interesantes e incluso cambios de series en algunos pa\u00edses. <strong>En 2022 esperamos grandes cambios, especialmente para un par de pa\u00edses<\/strong> como vamos a ver a continuaci\u00f3n.<\/p>\n\n\n\n<h2 class=\"wp-block-heading\">Cambios que ha habido en las matr\u00edculas en 2021 <\/h2>\n\n\n\n<p>Estos son algunos de los principales cambios en el mundo de las matr\u00edculas. Te explicamos un muy breve resumen y el link para que puedas consultar en detalle en caso de que haya un art\u00edculo para ello. <\/p>\n\n\n\n<h3 class=\"wp-block-heading\">Angola<\/h3>\n\n\n\n<p><a href=\"https:\/\/matriculasdelmundo.com\/angola.html\">Angola <\/a>ha presentado un nuevo dise\u00f1o para sus matriculas. La configuraci\u00f3n es la misma, pero con algunos cambios est\u00e9ticos. <a href=\"https:\/\/matriculasdelmundo.com\/noticias\/matriculas-angola\/\">Descubre m\u00e1s<\/a>.<\/p>\n\n\n\n<h3 class=\"wp-block-heading\">Guatemala<\/h3>\n\n\n\n<p>Con la llegada de la <a href=\"https:\/\/matriculasdelmundo.com\/americanas.php#mercosur\">Patente \u00danica del Mercosur<\/a>, muchos otros pa\u00edses de la zona han visto esto como una oportunidad para crear dise\u00f1os similares. <a href=\"https:\/\/matriculasdelmundo.com\/guatemala.html\">Guatemala <\/a>y Honduras son algunos de ejemplos de ello. <a href=\"https:\/\/matriculasdelmundo.com\/noticias\/nuevo-diseno-matriculas-guatemala-2021\/\">Ver noticia completa<\/a>.<\/p>\n\n\n\n<div class=\"wp-block-image\"><figure class=\"aligncenter size-large is-resized\"><img decoding=\"async\" src=\"https:\/\/matriculasdelmundo.com\/gGCA2.php?textGCA2=a000aaa\" alt=\"Matr\u00edcula de Guatemala A000AAA\" width=\"290\" height=\"135\"\/><figcaption>Nuevas matr\u00edculas de Guatemala. <a href=\"https:\/\/matriculasdelmundo.com\/guatemala.html#GCAGEN\" target=\"_blank\" rel=\"noreferrer noopener\">Creador gratuito<\/a> para miniaturas<\/figcaption><\/figure><\/div>\n\n\n\n<h3 class=\"wp-block-heading\">Indonesia<\/h3>\n\n\n\n<p>Aunque este cambio no ha sido llevado a cabo 100% en 2021, su uso ha comenzado a hacerse m\u00e1s general durante este a\u00f1o. Descubre m\u00e1s sobre las matr\u00edculas de <a href=\"https:\/\/matriculasdelmundo.com\/indonesia.html\">Indonesia <\/a>o sobre la <strong>noticia sobre las <a href=\"https:\/\/matriculasdelmundo.com\/noticias\/matricula-coche-electrico-indonesia\/\">nuevas matr\u00edculas el\u00e9ctricas<\/a> de Indonesia.<\/strong><\/p>\n\n\n\n<h3 class=\"wp-block-heading\">Kosovo<\/h3>\n\n\n\n<p>Nuevas tensiones han aparecido en los Balcanes entre Serbia y <a href=\"https:\/\/matriculasdelmundo.com\/kosovo.html\">Kosovo<\/a>. Esto se ha visto reflejado en las matr\u00edculas utilizadas por los serbios en el lado kosovar.<a href=\"https:\/\/matriculasdelmundo.com\/noticias\/wp-content\/uploads\/2021\/10\/Matricula-kosovo-temporal-copia-1.png\"> <\/a><a href=\"https:\/\/matriculasdelmundo.com\/noticias\/conflicto-serbia-kosovo-matriculas\/\">Ver la no<\/a><a href=\"https:\/\/matriculasdelmundo.com\/noticias\/wp-content\/uploads\/2021\/10\/Matricula-kosovo-temporal-copia-1.png\">ticia<\/a>.<\/p>\n\n\n\n<h3 class=\"wp-block-heading\">Macao<\/h3>\n\n\n\n<p>Esta es <strong>una de las \u00faltimas noticias que os <\/strong>hemos contado. El pasado mes de noviembre, <a href=\"https:\/\/matriculasdelmundo.com\/macao.html\" target=\"_blank\" rel=\"noreferrer noopener\">Macao <\/a>ha presentado una nueva serie, dejando atr\u00e1s <strong>por primera vez en su historia la letra M en primera posici\u00f3n para hacerlo la letra A. <a href=\"https:\/\/matriculasdelmundo.com\/noticias\/serie-matriculas-macao\/\">Saber m\u00e1s. <\/a><\/strong><\/p>\n\n\n\n<div class=\"wp-block-image\"><figure class=\"aligncenter size-large is-resized\"><img decoding=\"async\" src=\"https:\/\/matriculasdelmundo.com\/gP4.php?textP4=AA-00-00\" alt=\"New Macao license plate AA0000\" width=\"233\" height=\"47\"\/><figcaption>Nueva serie en las matr\u00edculas de Macao<\/figcaption><\/figure><\/div>\n\n\n\n<h3 class=\"wp-block-heading\">Pa\u00edses Bajos<\/h3>\n\n\n\n<p>El 2021 comenz\u00f3 con la noticia de que <a href=\"https:\/\/matriculasdelmundo.com\/holanda.html\">Holanda <\/a>presentaba un nuevo sistema de matr\u00edculas basado en el ordinario para tractores y veh\u00edculos agr\u00edcolas. <a href=\"https:\/\/matriculasdelmundo.com\/noticias\/matriculas-tractores-agricolas-holanda\/\">Descubre los detalles<\/a>. <\/p>\n\n\n\n<h3 class=\"wp-block-heading\">Reino Unido<\/h3>\n\n\n\n<p>Desde mi punto de vista, uno de los principales cambios del 2021 en Europa y que m\u00e1s repercusi\u00f3n puede tener. <strong><a href=\"https:\/\/matriculasdelmundo.com\/reinounido.html#\">Reino Unido<\/a> ha dejado de utilizar el c\u00f3digo internacional GB para usar UK.<\/strong> Eso conlleva un cambio tambi\u00e9n en las propias matr\u00edculas. <a href=\"https:\/\/matriculasdelmundo.com\/noticias\/codigo-uk-reino-unido-2021\/\">Descubre los detalles<\/a>. <\/p>\n\n\n\n<p>Adem\u00e1s de todo esto, B\u00e9lgica estren\u00f3 una nueva serie comenzando por el n\u00famero 2, Francia pas\u00f3 a la Gx, y Espa\u00f1a se acerca a la LWx. Lesoto ha comenzado a usar el nuevo sistema. <\/p>\n\n\n\n<div class=\"wp-block-image\"><figure class=\"aligncenter size-large is-resized\"><img decoding=\"async\" data-src=\"https:\/\/matriculasdelmundo.com\/matriculas\/todas\/lesoto\/matricula-lesoto-actual.png\" alt=\"Matr\u00edcula de Lesoto\" width=\"316\" height=\"86\" src=\"data:image\/svg+xml;base64,PHN2ZyB3aWR0aD0iMSIgaGVpZ2h0PSIxIiB4bWxucz0iaHR0cDovL3d3dy53My5vcmcvMjAwMC9zdmciPjwvc3ZnPg==\" class=\"lazyload\" style=\"--smush-placeholder-width: 316px; --smush-placeholder-aspect-ratio: 316\/86;\" \/><figcaption>Nueva matr\u00edcula y dise\u00f1o de Lesoto<\/figcaption><\/figure><\/div>\n\n\n\n<h2 class=\"wp-block-heading\">\u00bfQu\u00e9 cambios se esperan en 2022?<\/h2>\n\n\n\n<p>Seguramente el a\u00f1o 2022 trae consigo algunos cambios importantes que a\u00fan no conocemos. De momento, sabemos los siguientes.<\/p>\n\n\n\n<h3 class=\"wp-block-heading\">Eslovaquia<\/h3>\n\n\n\n<p>Junta a Hungr\u00eda, <a href=\"https:\/\/matriculasdelmundo.com\/eslovaq.html\">Eslovaquia <\/a>presenta un gran cambio. Abandona el sistema provincial para pasar a un sistema completamente centralizado. <a href=\"https:\/\/matriculasdelmundo.com\/noticias\/nueva-matricula-eslovaquia\/\">Saber m\u00e1s<\/a>.<\/p>\n\n\n\n<h3 class=\"wp-block-heading\">Hungr\u00eda<\/h3>\n\n\n\n<p>Uno de los dos cambios m\u00e1s grandes esperados para el 2022 es la introducci\u00f3n de un completamente nuevo sistema para <a href=\"https:\/\/matriculasdelmundo.com\/hungria.html\">Hungr\u00eda<\/a>. Se espera que a mitad de a\u00f1o ocurra el cambio. <a href=\"https:\/\/matriculasdelmundo.com\/noticias\/nuevas-matriculas-hungria-2022\/\">Descubre los detalles<\/a>.<\/p>\n\n\n\n<div class=\"wp-block-image\"><figure class=\"aligncenter size-large is-resized\"><img decoding=\"async\" src=\"https:\/\/matriculasdelmundo.com\/gH1.php?textH1=AA&amp;textH1A=AA-000\" alt=\"Nueva matr\u00edcula de Hungr\u00eda desde 2022.\" width=\"335\" height=\"73\"\/><figcaption>Nueva matr\u00edcula de Hungr\u00eda desde 2022<\/figcaption><\/figure><\/div>\n\n\n\n<h3 class=\"wp-block-heading\">Suiza<\/h3>\n\n\n\n<p>Nuevas matr\u00edculas para los portabicicletas utilizados en en los coches en <a href=\"https:\/\/matriculasdelmundo.com\/suiza.html\">Suiza<\/a>. <a href=\"https:\/\/matriculasdelmundo.com\/noticias\/matricula-portabicicletas-suiza\/\">Saber m\u00e1s<\/a>. <\/p>\n\n\n\n<hr class=\"wp-block-separator\"\/>\n\n\n\n<p>Y eso es todo lo que esperamos y lo que sabemos para el 2022. Desde matriculasdelmundo queremos desearos unas felices fiestas y un Feliz A\u00f1o Nuevo. <\/p>\n\n\n\n<div class=\"wp-block-image\"><figure class=\"aligncenter size-large is-resized\"><img decoding=\"async\" data-src=\"https:\/\/matriculasdelmundo.com\/noticias\/wp-content\/uploads\/2021\/12\/Diseno-sin-titulo2-copia-766x1024.jpg\" alt=\"\" class=\"wp-image-858 lazyload\" width=\"288\" height=\"385\" data-srcset=\"https:\/\/matriculasdelmundo.com\/noticias\/wp-content\/uploads\/2021\/12\/Diseno-sin-titulo2-copia-766x1024.jpg 766w, https:\/\/matriculasdelmundo.com\/noticias\/wp-content\/uploads\/2021\/12\/Diseno-sin-titulo2-copia-224x300.jpg 224w, https:\/\/matriculasdelmundo.com\/noticias\/wp-content\/uploads\/2021\/12\/Diseno-sin-titulo2-copia-768x1027.jpg 768w, https:\/\/matriculasdelmundo.com\/noticias\/wp-content\/uploads\/2021\/12\/Diseno-sin-titulo2-copia.jpg 806w\" data-sizes=\"(max-width: 288px) 100vw, 288px\" src=\"data:image\/svg+xml;base64,PHN2ZyB3aWR0aD0iMSIgaGVpZ2h0PSIxIiB4bWxucz0iaHR0cDovL3d3dy53My5vcmcvMjAwMC9zdmciPjwvc3ZnPg==\" style=\"--smush-placeholder-width: 288px; --smush-placeholder-aspect-ratio: 288\/385;\" \/><figcaption>\u00a1\u00a1Feliz Navidad y feliz 2022!! desde matriculasdelmundo.com<\/figcaption><\/figure><\/div>\n\n\n<div class=\"kk-star-ratings kksr-auto kksr-align-center kksr-valign-bottom\"\n    data-payload='{&quot;align&quot;:&quot;center&quot;,&quot;id&quot;:&quot;857&quot;,&quot;slug&quot;:&quot;default&quot;,&quot;valign&quot;:&quot;bottom&quot;,&quot;ignore&quot;:&quot;&quot;,&quot;reference&quot;:&quot;auto&quot;,&quot;class&quot;:&quot;&quot;,&quot;count&quot;:&quot;1&quot;,&quot;legendonly&quot;:&quot;&quot;,&quot;readonly&quot;:&quot;&quot;,&quot;score&quot;:&quot;5&quot;,&quot;starsonly&quot;:&quot;&quot;,&quot;best&quot;:&quot;5&quot;,&quot;gap&quot;:&quot;5&quot;,&quot;greet&quot;:&quot;Punt\u00faalo post&quot;,&quot;legend&quot;:&quot;5\\\/5 - (1 voto)&quot;,&quot;size&quot;:&quot;18&quot;,&quot;title&quot;:&quot;El a\u00f1o 2021 en matr\u00edculas. \u00a1Feliz 2022!&quot;,&quot;width&quot;:&quot;112.5&quot;,&quot;_legend&quot;:&quot;{score}\\\/{best} - ({count} {votes})&quot;,&quot;font_factor&quot;:&quot;1.25&quot;}'>\n            \n<div class=\"kksr-stars\">\n    \n<div class=\"kksr-stars-inactive\">\n            <div class=\"kksr-star\" data-star=\"1\" style=\"padding-right: 5px\">\n            \n\n<div class=\"kksr-icon\" style=\"width: 18px; height: 18px;\"><\/div>\n        <\/div>\n            <div class=\"kksr-star\" data-star=\"2\" style=\"padding-right: 5px\">\n            \n\n<div class=\"kksr-icon\" style=\"width: 18px; height: 18px;\"><\/div>\n        <\/div>\n            <div class=\"kksr-star\" data-star=\"3\" style=\"padding-right: 5px\">\n            \n\n<div class=\"kksr-icon\" style=\"width: 18px; height: 18px;\"><\/div>\n        <\/div>\n            <div class=\"kksr-star\" data-star=\"4\" style=\"padding-right: 5px\">\n            \n\n<div class=\"kksr-icon\" style=\"width: 18px; height: 18px;\"><\/div>\n        <\/div>\n            <div class=\"kksr-star\" data-star=\"5\" style=\"padding-right: 5px\">\n            \n\n<div class=\"kksr-icon\" style=\"width: 18px; height: 18px;\"><\/div>\n        <\/div>\n    <\/div>\n    \n<div class=\"kksr-stars-active\" style=\"width: 112.5px;\">\n            <div class=\"kksr-star\" style=\"padding-right: 5px\">\n            \n\n<div class=\"kksr-icon\" style=\"width: 18px; height: 18px;\"><\/div>\n        <\/div>\n            <div class=\"kksr-star\" style=\"padding-right: 5px\">\n            \n\n<div class=\"kksr-icon\" style=\"width: 18px; height: 18px;\"><\/div>\n        <\/div>\n            <div class=\"kksr-star\" style=\"padding-right: 5px\">\n            \n\n<div class=\"kksr-icon\" style=\"width: 18px; height: 18px;\"><\/div>\n        <\/div>\n            <div class=\"kksr-star\" style=\"padding-right: 5px\">\n            \n\n<div class=\"kksr-icon\" style=\"width: 18px; height: 18px;\"><\/div>\n        <\/div>\n            <div class=\"kksr-star\" style=\"padding-right: 5px\">\n            \n\n<div class=\"kksr-icon\" style=\"width: 18px; height: 18px;\"><\/div>\n        <\/div>\n    <\/div>\n<\/div>\n                \n\n<div class=\"kksr-legend\" style=\"font-size: 14.4px;\">\n            5\/5 - (1 voto)    <\/div>\n    <\/div>\n","protected":false},"excerpt":{"rendered":"<p>El 2021 se acerca a su final, y a falta de una semana, queremos mostraros todos los cambios y novedades que hay en cuanto a matr\u00edculas se trata, tanto en 2021 como en 2022. A diferencia del 2020, no ha habido tantas novedades con respecto a matr\u00edculas el\u00e9ctricas, pero s\u00ed que ha habido algunos cambios&hellip;&nbsp;<a href=\"https:\/\/matriculasdelmundo.com\/noticias\/2021-en-matriculas-2022\/\" rel=\"bookmark\">Leer m\u00e1s &raquo;<span class=\"screen-reader-text\">El a\u00f1o 2021 en matr\u00edculas. \u00a1Feliz 2022!<\/span><\/a><\/p>\n","protected":false},"author":1,"featured_media":859,"comment_status":"open","ping_status":"open","sticky":false,"template":"","format":"standard","meta":{"neve_meta_sidebar":"","neve_meta_container":"","neve_meta_enable_content_width":"","neve_meta_content_width":0,"neve_meta_title_alignment":"","neve_meta_author_avatar":"","neve_post_elements_order":"","neve_meta_disable_header":"","neve_meta_disable_footer":"","neve_meta_disable_title":"","footnotes":""},"categories":[37],"tags":[171,255,38,25],"class_list":["post-857","post","type-post","status-publish","format-standard","has-post-thumbnail","hentry","category-blog","tag-171","tag-255","tag-blog","tag-novedades"],"yoast_head":"<!-- This site is optimized with the Yoast SEO plugin v27.5 - https:\/\/yoast.com\/product\/yoast-seo-wordpress\/ -->\n<title>A\u00f1o 2021 en matr\u00edculas. Recopilaci\u00f3n<\/title>\n<meta name=\"description\" content=\"\u00bfC\u00f3mo ha sido el 2021 en matr\u00edculas? En este art\u00edculo te mostramos todas las novedades y cambios. Todas las novedades para el 2022.\" \/>\n<meta name=\"robots\" content=\"index, follow, max-snippet:-1, max-image-preview:large, max-video-preview:-1\" \/>\n<link rel=\"canonical\" href=\"https:\/\/matriculasdelmundo.com\/noticias\/2021-en-matriculas-2022\/\" \/>\n<meta property=\"og:locale\" content=\"es_ES\" \/>\n<meta property=\"og:type\" content=\"article\" \/>\n<meta property=\"og:title\" content=\"A\u00f1o 2021 en matr\u00edculas. Recopilaci\u00f3n\" \/>\n<meta property=\"og:description\" content=\"\u00bfC\u00f3mo ha sido el 2021 en matr\u00edculas? En este art\u00edculo te mostramos todas las novedades y cambios. Todas las novedades para el 2022.\" \/>\n<meta property=\"og:url\" content=\"https:\/\/matriculasdelmundo.com\/noticias\/2021-en-matriculas-2022\/\" \/>\n<meta property=\"og:site_name\" content=\"Noticias de matr\u00edculas del mundo\" \/>\n<meta property=\"article:publisher\" content=\"https:\/\/www.facebook.com\/matriculasdelmundo\/\" \/>\n<meta property=\"article:published_time\" content=\"2021-12-23T09:39:08+00:00\" \/>\n<meta property=\"article:modified_time\" content=\"2021-12-23T09:39:13+00:00\" \/>\n<meta property=\"og:image\" content=\"https:\/\/matriculasdelmundo.com\/noticias\/wp-content\/uploads\/2021\/12\/matriculas-para-2022.jpg\" \/>\n\t<meta property=\"og:image:width\" content=\"493\" \/>\n\t<meta property=\"og:image:height\" content=\"490\" \/>\n\t<meta property=\"og:image:type\" content=\"image\/jpeg\" \/>\n<meta name=\"author\" content=\"Matriculasdelmundo\" \/>\n<meta name=\"twitter:card\" content=\"summary_large_image\" \/>\n<meta name=\"twitter:creator\" content=\"@matriculasdm\" \/>\n<meta name=\"twitter:site\" content=\"@matriculasdm\" \/>\n<meta name=\"twitter:label1\" content=\"Escrito por\" \/>\n\t<meta name=\"twitter:data1\" content=\"Matriculasdelmundo\" \/>\n\t<meta name=\"twitter:label2\" content=\"Tiempo de lectura\" \/>\n\t<meta name=\"twitter:data2\" content=\"4 minutos\" \/>\n<script type=\"application\/ld+json\" class=\"yoast-schema-graph\">{\"@context\":\"https:\\\/\\\/schema.org\",\"@graph\":[{\"@type\":\"Article\",\"@id\":\"https:\\\/\\\/matriculasdelmundo.com\\\/noticias\\\/2021-en-matriculas-2022\\\/#article\",\"isPartOf\":{\"@id\":\"https:\\\/\\\/matriculasdelmundo.com\\\/noticias\\\/2021-en-matriculas-2022\\\/\"},\"author\":{\"name\":\"Matriculasdelmundo\",\"@id\":\"https:\\\/\\\/matriculasdelmundo.com\\\/noticias\\\/#\\\/schema\\\/person\\\/91e4edcb4c5c7a2e9f6d5f83d116aa90\"},\"headline\":\"El a\u00f1o 2021 en matr\u00edculas. \u00a1Feliz 2022!\",\"datePublished\":\"2021-12-23T09:39:08+00:00\",\"dateModified\":\"2021-12-23T09:39:13+00:00\",\"mainEntityOfPage\":{\"@id\":\"https:\\\/\\\/matriculasdelmundo.com\\\/noticias\\\/2021-en-matriculas-2022\\\/\"},\"wordCount\":618,\"commentCount\":0,\"publisher\":{\"@id\":\"https:\\\/\\\/matriculasdelmundo.com\\\/noticias\\\/#organization\"},\"image\":{\"@id\":\"https:\\\/\\\/matriculasdelmundo.com\\\/noticias\\\/2021-en-matriculas-2022\\\/#primaryimage\"},\"thumbnailUrl\":\"https:\\\/\\\/matriculasdelmundo.com\\\/noticias\\\/wp-content\\\/uploads\\\/2021\\\/12\\\/matriculas-para-2022.jpg\",\"keywords\":[\"2021\",\"2022\",\"blog\",\"novedades\"],\"articleSection\":[\"Blog\"],\"inLanguage\":\"es\",\"potentialAction\":[{\"@type\":\"CommentAction\",\"name\":\"Comment\",\"target\":[\"https:\\\/\\\/matriculasdelmundo.com\\\/noticias\\\/2021-en-matriculas-2022\\\/#respond\"]}]},{\"@type\":\"WebPage\",\"@id\":\"https:\\\/\\\/matriculasdelmundo.com\\\/noticias\\\/2021-en-matriculas-2022\\\/\",\"url\":\"https:\\\/\\\/matriculasdelmundo.com\\\/noticias\\\/2021-en-matriculas-2022\\\/\",\"name\":\"A\u00f1o 2021 en matr\u00edculas. Recopilaci\u00f3n\",\"isPartOf\":{\"@id\":\"https:\\\/\\\/matriculasdelmundo.com\\\/noticias\\\/#website\"},\"primaryImageOfPage\":{\"@id\":\"https:\\\/\\\/matriculasdelmundo.com\\\/noticias\\\/2021-en-matriculas-2022\\\/#primaryimage\"},\"image\":{\"@id\":\"https:\\\/\\\/matriculasdelmundo.com\\\/noticias\\\/2021-en-matriculas-2022\\\/#primaryimage\"},\"thumbnailUrl\":\"https:\\\/\\\/matriculasdelmundo.com\\\/noticias\\\/wp-content\\\/uploads\\\/2021\\\/12\\\/matriculas-para-2022.jpg\",\"datePublished\":\"2021-12-23T09:39:08+00:00\",\"dateModified\":\"2021-12-23T09:39:13+00:00\",\"description\":\"\u00bfC\u00f3mo ha sido el 2021 en matr\u00edculas? En este art\u00edculo te mostramos todas las novedades y cambios. Todas las novedades para el 2022.\",\"breadcrumb\":{\"@id\":\"https:\\\/\\\/matriculasdelmundo.com\\\/noticias\\\/2021-en-matriculas-2022\\\/#breadcrumb\"},\"inLanguage\":\"es\",\"potentialAction\":[{\"@type\":\"ReadAction\",\"target\":[\"https:\\\/\\\/matriculasdelmundo.com\\\/noticias\\\/2021-en-matriculas-2022\\\/\"]}]},{\"@type\":\"ImageObject\",\"inLanguage\":\"es\",\"@id\":\"https:\\\/\\\/matriculasdelmundo.com\\\/noticias\\\/2021-en-matriculas-2022\\\/#primaryimage\",\"url\":\"https:\\\/\\\/matriculasdelmundo.com\\\/noticias\\\/wp-content\\\/uploads\\\/2021\\\/12\\\/matriculas-para-2022.jpg\",\"contentUrl\":\"https:\\\/\\\/matriculasdelmundo.com\\\/noticias\\\/wp-content\\\/uploads\\\/2021\\\/12\\\/matriculas-para-2022.jpg\",\"width\":493,\"height\":490,\"caption\":\"Novedades en las matr\u00edculas del mundo en 2022\"},{\"@type\":\"BreadcrumbList\",\"@id\":\"https:\\\/\\\/matriculasdelmundo.com\\\/noticias\\\/2021-en-matriculas-2022\\\/#breadcrumb\",\"itemListElement\":[{\"@type\":\"ListItem\",\"position\":1,\"name\":\"Portada\",\"item\":\"https:\\\/\\\/matriculasdelmundo.com\\\/noticias\\\/\"},{\"@type\":\"ListItem\",\"position\":2,\"name\":\"El a\u00f1o 2021 en matr\u00edculas. \u00a1Feliz 2022!\"}]},{\"@type\":\"WebSite\",\"@id\":\"https:\\\/\\\/matriculasdelmundo.com\\\/noticias\\\/#website\",\"url\":\"https:\\\/\\\/matriculasdelmundo.com\\\/noticias\\\/\",\"name\":\"Noticias de matr\u00edculas del mundo\",\"description\":\"Descubre las \u00faltimas noticias sobre matriculas de coches de todos los pa\u00edses del mundo. Actualizado semanalmente\",\"publisher\":{\"@id\":\"https:\\\/\\\/matriculasdelmundo.com\\\/noticias\\\/#organization\"},\"potentialAction\":[{\"@type\":\"SearchAction\",\"target\":{\"@type\":\"EntryPoint\",\"urlTemplate\":\"https:\\\/\\\/matriculasdelmundo.com\\\/noticias\\\/?s={search_term_string}\"},\"query-input\":{\"@type\":\"PropertyValueSpecification\",\"valueRequired\":true,\"valueName\":\"search_term_string\"}}],\"inLanguage\":\"es\"},{\"@type\":\"Organization\",\"@id\":\"https:\\\/\\\/matriculasdelmundo.com\\\/noticias\\\/#organization\",\"name\":\"Matriculasdelmundo.com\",\"url\":\"https:\\\/\\\/matriculasdelmundo.com\\\/noticias\\\/\",\"logo\":{\"@type\":\"ImageObject\",\"inLanguage\":\"es\",\"@id\":\"https:\\\/\\\/matriculasdelmundo.com\\\/noticias\\\/#\\\/schema\\\/logo\\\/image\\\/\",\"url\":\"https:\\\/\\\/matriculasdelmundo.com\\\/noticias\\\/wp-content\\\/uploads\\\/2017\\\/09\\\/logo2.png\",\"contentUrl\":\"https:\\\/\\\/matriculasdelmundo.com\\\/noticias\\\/wp-content\\\/uploads\\\/2017\\\/09\\\/logo2.png\",\"width\":100,\"height\":34,\"caption\":\"Matriculasdelmundo.com\"},\"image\":{\"@id\":\"https:\\\/\\\/matriculasdelmundo.com\\\/noticias\\\/#\\\/schema\\\/logo\\\/image\\\/\"},\"sameAs\":[\"https:\\\/\\\/www.facebook.com\\\/matriculasdelmundo\\\/\",\"https:\\\/\\\/x.com\\\/matriculasdm\",\"https:\\\/\\\/www.instagram.com\\\/matriculasdelmundo\\\/\"]},{\"@type\":\"Person\",\"@id\":\"https:\\\/\\\/matriculasdelmundo.com\\\/noticias\\\/#\\\/schema\\\/person\\\/91e4edcb4c5c7a2e9f6d5f83d116aa90\",\"name\":\"Matriculasdelmundo\",\"image\":{\"@type\":\"ImageObject\",\"inLanguage\":\"es\",\"@id\":\"https:\\\/\\\/secure.gravatar.com\\\/avatar\\\/83f1597276b4fd718af4e3dae5c073f1efc6ca190953128b5ef9ba5696cc5297?s=96&d=mm&r=g\",\"url\":\"https:\\\/\\\/secure.gravatar.com\\\/avatar\\\/83f1597276b4fd718af4e3dae5c073f1efc6ca190953128b5ef9ba5696cc5297?s=96&d=mm&r=g\",\"contentUrl\":\"https:\\\/\\\/secure.gravatar.com\\\/avatar\\\/83f1597276b4fd718af4e3dae5c073f1efc6ca190953128b5ef9ba5696cc5297?s=96&d=mm&r=g\",\"caption\":\"Matriculasdelmundo\"}}]}<\/script>\n<!-- \/ Yoast SEO plugin. -->","yoast_head_json":{"title":"A\u00f1o 2021 en matr\u00edculas. Recopilaci\u00f3n","description":"\u00bfC\u00f3mo ha sido el 2021 en matr\u00edculas? En este art\u00edculo te mostramos todas las novedades y cambios. Todas las novedades para el 2022.","robots":{"index":"index","follow":"follow","max-snippet":"max-snippet:-1","max-image-preview":"max-image-preview:large","max-video-preview":"max-video-preview:-1"},"canonical":"https:\/\/matriculasdelmundo.com\/noticias\/2021-en-matriculas-2022\/","og_locale":"es_ES","og_type":"article","og_title":"A\u00f1o 2021 en matr\u00edculas. Recopilaci\u00f3n","og_description":"\u00bfC\u00f3mo ha sido el 2021 en matr\u00edculas? En este art\u00edculo te mostramos todas las novedades y cambios. Todas las novedades para el 2022.","og_url":"https:\/\/matriculasdelmundo.com\/noticias\/2021-en-matriculas-2022\/","og_site_name":"Noticias de matr\u00edculas del mundo","article_publisher":"https:\/\/www.facebook.com\/matriculasdelmundo\/","article_published_time":"2021-12-23T09:39:08+00:00","article_modified_time":"2021-12-23T09:39:13+00:00","og_image":[{"width":493,"height":490,"url":"https:\/\/matriculasdelmundo.com\/noticias\/wp-content\/uploads\/2021\/12\/matriculas-para-2022.jpg","type":"image\/jpeg"}],"author":"Matriculasdelmundo","twitter_card":"summary_large_image","twitter_creator":"@matriculasdm","twitter_site":"@matriculasdm","twitter_misc":{"Escrito por":"Matriculasdelmundo","Tiempo de lectura":"4 minutos"},"schema":{"@context":"https:\/\/schema.org","@graph":[{"@type":"Article","@id":"https:\/\/matriculasdelmundo.com\/noticias\/2021-en-matriculas-2022\/#article","isPartOf":{"@id":"https:\/\/matriculasdelmundo.com\/noticias\/2021-en-matriculas-2022\/"},"author":{"name":"Matriculasdelmundo","@id":"https:\/\/matriculasdelmundo.com\/noticias\/#\/schema\/person\/91e4edcb4c5c7a2e9f6d5f83d116aa90"},"headline":"El a\u00f1o 2021 en matr\u00edculas. \u00a1Feliz 2022!","datePublished":"2021-12-23T09:39:08+00:00","dateModified":"2021-12-23T09:39:13+00:00","mainEntityOfPage":{"@id":"https:\/\/matriculasdelmundo.com\/noticias\/2021-en-matriculas-2022\/"},"wordCount":618,"commentCount":0,"publisher":{"@id":"https:\/\/matriculasdelmundo.com\/noticias\/#organization"},"image":{"@id":"https:\/\/matriculasdelmundo.com\/noticias\/2021-en-matriculas-2022\/#primaryimage"},"thumbnailUrl":"https:\/\/matriculasdelmundo.com\/noticias\/wp-content\/uploads\/2021\/12\/matriculas-para-2022.jpg","keywords":["2021","2022","blog","novedades"],"articleSection":["Blog"],"inLanguage":"es","potentialAction":[{"@type":"CommentAction","name":"Comment","target":["https:\/\/matriculasdelmundo.com\/noticias\/2021-en-matriculas-2022\/#respond"]}]},{"@type":"WebPage","@id":"https:\/\/matriculasdelmundo.com\/noticias\/2021-en-matriculas-2022\/","url":"https:\/\/matriculasdelmundo.com\/noticias\/2021-en-matriculas-2022\/","name":"A\u00f1o 2021 en matr\u00edculas. Recopilaci\u00f3n","isPartOf":{"@id":"https:\/\/matriculasdelmundo.com\/noticias\/#website"},"primaryImageOfPage":{"@id":"https:\/\/matriculasdelmundo.com\/noticias\/2021-en-matriculas-2022\/#primaryimage"},"image":{"@id":"https:\/\/matriculasdelmundo.com\/noticias\/2021-en-matriculas-2022\/#primaryimage"},"thumbnailUrl":"https:\/\/matriculasdelmundo.com\/noticias\/wp-content\/uploads\/2021\/12\/matriculas-para-2022.jpg","datePublished":"2021-12-23T09:39:08+00:00","dateModified":"2021-12-23T09:39:13+00:00","description":"\u00bfC\u00f3mo ha sido el 2021 en matr\u00edculas? En este art\u00edculo te mostramos todas las novedades y cambios. Todas las novedades para el 2022.","breadcrumb":{"@id":"https:\/\/matriculasdelmundo.com\/noticias\/2021-en-matriculas-2022\/#breadcrumb"},"inLanguage":"es","potentialAction":[{"@type":"ReadAction","target":["https:\/\/matriculasdelmundo.com\/noticias\/2021-en-matriculas-2022\/"]}]},{"@type":"ImageObject","inLanguage":"es","@id":"https:\/\/matriculasdelmundo.com\/noticias\/2021-en-matriculas-2022\/#primaryimage","url":"https:\/\/matriculasdelmundo.com\/noticias\/wp-content\/uploads\/2021\/12\/matriculas-para-2022.jpg","contentUrl":"https:\/\/matriculasdelmundo.com\/noticias\/wp-content\/uploads\/2021\/12\/matriculas-para-2022.jpg","width":493,"height":490,"caption":"Novedades en las matr\u00edculas del mundo en 2022"},{"@type":"BreadcrumbList","@id":"https:\/\/matriculasdelmundo.com\/noticias\/2021-en-matriculas-2022\/#breadcrumb","itemListElement":[{"@type":"ListItem","position":1,"name":"Portada","item":"https:\/\/matriculasdelmundo.com\/noticias\/"},{"@type":"ListItem","position":2,"name":"El a\u00f1o 2021 en matr\u00edculas. \u00a1Feliz 2022!"}]},{"@type":"WebSite","@id":"https:\/\/matriculasdelmundo.com\/noticias\/#website","url":"https:\/\/matriculasdelmundo.com\/noticias\/","name":"Noticias de matr\u00edculas del mundo","description":"Descubre las \u00faltimas noticias sobre matriculas de coches de todos los pa\u00edses del mundo. Actualizado semanalmente","publisher":{"@id":"https:\/\/matriculasdelmundo.com\/noticias\/#organization"},"potentialAction":[{"@type":"SearchAction","target":{"@type":"EntryPoint","urlTemplate":"https:\/\/matriculasdelmundo.com\/noticias\/?s={search_term_string}"},"query-input":{"@type":"PropertyValueSpecification","valueRequired":true,"valueName":"search_term_string"}}],"inLanguage":"es"},{"@type":"Organization","@id":"https:\/\/matriculasdelmundo.com\/noticias\/#organization","name":"Matriculasdelmundo.com","url":"https:\/\/matriculasdelmundo.com\/noticias\/","logo":{"@type":"ImageObject","inLanguage":"es","@id":"https:\/\/matriculasdelmundo.com\/noticias\/#\/schema\/logo\/image\/","url":"https:\/\/matriculasdelmundo.com\/noticias\/wp-content\/uploads\/2017\/09\/logo2.png","contentUrl":"https:\/\/matriculasdelmundo.com\/noticias\/wp-content\/uploads\/2017\/09\/logo2.png","width":100,"height":34,"caption":"Matriculasdelmundo.com"},"image":{"@id":"https:\/\/matriculasdelmundo.com\/noticias\/#\/schema\/logo\/image\/"},"sameAs":["https:\/\/www.facebook.com\/matriculasdelmundo\/","https:\/\/x.com\/matriculasdm","https:\/\/www.instagram.com\/matriculasdelmundo\/"]},{"@type":"Person","@id":"https:\/\/matriculasdelmundo.com\/noticias\/#\/schema\/person\/91e4edcb4c5c7a2e9f6d5f83d116aa90","name":"Matriculasdelmundo","image":{"@type":"ImageObject","inLanguage":"es","@id":"https:\/\/secure.gravatar.com\/avatar\/83f1597276b4fd718af4e3dae5c073f1efc6ca190953128b5ef9ba5696cc5297?s=96&d=mm&r=g","url":"https:\/\/secure.gravatar.com\/avatar\/83f1597276b4fd718af4e3dae5c073f1efc6ca190953128b5ef9ba5696cc5297?s=96&d=mm&r=g","contentUrl":"https:\/\/secure.gravatar.com\/avatar\/83f1597276b4fd718af4e3dae5c073f1efc6ca190953128b5ef9ba5696cc5297?s=96&d=mm&r=g","caption":"Matriculasdelmundo"}}]}},"_links":{"self":[{"href":"https:\/\/matriculasdelmundo.com\/noticias\/wp-json\/wp\/v2\/posts\/857","targetHints":{"allow":["GET"]}}],"collection":[{"href":"https:\/\/matriculasdelmundo.com\/noticias\/wp-json\/wp\/v2\/posts"}],"about":[{"href":"https:\/\/matriculasdelmundo.com\/noticias\/wp-json\/wp\/v2\/types\/post"}],"author":[{"embeddable":true,"href":"https:\/\/matriculasdelmundo.com\/noticias\/wp-json\/wp\/v2\/users\/1"}],"replies":[{"embeddable":true,"href":"https:\/\/matriculasdelmundo.com\/noticias\/wp-json\/wp\/v2\/comments?post=857"}],"version-history":[{"count":1,"href":"https:\/\/matriculasdelmundo.com\/noticias\/wp-json\/wp\/v2\/posts\/857\/revisions"}],"predecessor-version":[{"id":860,"href":"https:\/\/matriculasdelmundo.com\/noticias\/wp-json\/wp\/v2\/posts\/857\/revisions\/860"}],"wp:featuredmedia":[{"embeddable":true,"href":"https:\/\/matriculasdelmundo.com\/noticias\/wp-json\/wp\/v2\/media\/859"}],"wp:attachment":[{"href":"https:\/\/matriculasdelmundo.com\/noticias\/wp-json\/wp\/v2\/media?parent=857"}],"wp:term":[{"taxonomy":"category","embeddable":true,"href":"https:\/\/matriculasdelmundo.com\/noticias\/wp-json\/wp\/v2\/categories?post=857"},{"taxonomy":"post_tag","embeddable":true,"href":"https:\/\/matriculasdelmundo.com\/noticias\/wp-json\/wp\/v2\/tags?post=857"}],"curies":[{"name":"wp","href":"https:\/\/api.w.org\/{rel}","templated":true}]}}