{"id":793,"date":"2021-07-01T14:29:18","date_gmt":"2021-07-01T13:29:18","guid":{"rendered":"https:\/\/matriculasdelmundo.com\/noticias\/?p=793"},"modified":"2022-08-01T18:59:52","modified_gmt":"2022-08-01T17:59:52","slug":"matriculas-tractores-agricolas-holanda","status":"publish","type":"post","link":"https:\/\/matriculasdelmundo.com\/noticias\/matriculas-tractores-agricolas-holanda\/","title":{"rendered":"Matr\u00edculas para tractores y veh\u00edculos agr\u00edcolas en Holanda"},"content":{"rendered":"\n<p>A <strong>comienzos del a\u00f1o 2021<\/strong>, los <a href=\"https:\/\/matriculasdelmundo.com\/holanda.html\"><strong>Pa\u00edses Bajos<\/strong><\/a> (a veces llamados Holanda), estrenaron<strong> dos nuevos tipos de matr\u00edculas especiales<\/strong>. Estos nuevos tipos fueron<strong> tractores y veh\u00edculos agr\u00edcolas<\/strong>. En el <a href=\"https:\/\/matriculasdelmundo.com\/\">mundo<\/a>, muchos pa\u00edses utilizan matr\u00edculas especiales para veh\u00edculos agr\u00edcolas, pero no tantos lo hacen para los tractores. <\/p>\n\n\n\n<div class=\"wp-block-image\"><figure class=\"aligncenter size-large is-resized\"><img decoding=\"async\" data-src=\"https:\/\/matriculasdelmundo.com\/noticias\/wp-content\/uploads\/2021\/07\/matriculas-tractor-holanda.png\" alt=\"Nuevas matr\u00edculas de tractores y agr\u00edcolas en Holanda\" class=\"wp-image-794 lazyload\" width=\"402\" height=\"233\" data-srcset=\"https:\/\/matriculasdelmundo.com\/noticias\/wp-content\/uploads\/2021\/07\/matriculas-tractor-holanda.png 600w, https:\/\/matriculasdelmundo.com\/noticias\/wp-content\/uploads\/2021\/07\/matriculas-tractor-holanda-300x174.png 300w\" data-sizes=\"(max-width: 402px) 100vw, 402px\" src=\"data:image\/svg+xml;base64,PHN2ZyB3aWR0aD0iMSIgaGVpZ2h0PSIxIiB4bWxucz0iaHR0cDovL3d3dy53My5vcmcvMjAwMC9zdmciPjwvc3ZnPg==\" style=\"--smush-placeholder-width: 402px; --smush-placeholder-aspect-ratio: 402\/233;\" \/><figcaption>Nuevas <strong>matr\u00edculas de tractores<\/strong> y <strong>veh\u00edculos agr\u00edcola<\/strong>s en Holanda desde 2021<\/figcaption><\/figure><\/div>\n\n\n\n<h2 class=\"wp-block-heading\">Matr\u00edculas actuales de Holanda. Coches y especiales<\/h2>\n\n\n\n<p>Ambos nuevos sistemas, utilizan la misma <strong>configuraci\u00f3n y caracter\u00edsticas <\/strong>que las matr\u00edculas est\u00e1ndares del sistema ordinario. Esto significa que utilizan caracteres negros sobre fondo amarillo y mostrando la eurobanda con el <strong>c\u00f3digo NL<\/strong> en la parte derecha de la placa. Estas placas pueden ser rectangulares altas o rectangulares cuadradas, como explicamos a continuaci\u00f3n.<\/p>\n\n\n\n<h3 class=\"wp-block-heading\">Nuevas matr\u00edculas para tractores<\/h3>\n\n\n\n<p>Similar a lo que ocurre con los vecinos <a href=\"https:\/\/matriculasdelmundo.com\/belgica.html\">belgas<\/a>, los <strong>Pa\u00edses Bajos<\/strong> utilizan una configuraci\u00f3n en la que la <strong>primera letra identifica al tipo de veh\u00edculo<\/strong> del que se trata. Para el caso de los <strong>tractores<\/strong>, la primera letra utilizada es la<strong> letra T<\/strong>.<\/p>\n\n\n\n<div class=\"wp-block-image\"><figure class=\"aligncenter size-large\"><img decoding=\"async\" src=\"https:\/\/matriculasdelmundo.com\/gNL1.php?textNL1=TBB-01-B\" alt=\"\"\/><figcaption>Nueva<strong> matr\u00edcula de tractor holand\u00e9s desde 2021<\/strong><\/figcaption><\/figure><\/div>\n\n\n\n<h3 class=\"wp-block-heading\">Nuevas matr\u00edculas para veh\u00edculos agr\u00edcolas<\/h3>\n\n\n\n<p>Para el caso de los <strong>veh\u00edculos agr\u00edcolas<\/strong>, la primera letra utilizada es la letra L. La <strong>letra L<\/strong> debe su existencia a la primera letra del t\u00e9rmino <em>Landbouwvoertuigen<\/em>.<\/p>\n\n\n\n<div class=\"wp-block-image\"><figure class=\"aligncenter size-large\"><img decoding=\"async\" src=\"https:\/\/matriculasdelmundo.com\/gNL1.php?textNL1=LBB-01-B\" alt=\"\"\/><figcaption>Nueva <strong>matr\u00edcula de veh\u00edculo agr\u00edcola de Holanda desde 2021<\/strong><\/figcaption><\/figure><\/div>\n\n\n\n<h3 class=\"wp-block-heading\">Avance de estos nuevos tipos de matr\u00edculas<\/h3>\n\n\n\n<p>Ambos tipos de matr\u00edculas han sido ya <strong>utilizados <\/strong>durante al <strong>menos medio a\u00f1o<\/strong>. El sistema de <strong>veh\u00edculos agr\u00edcolas<\/strong> ha conseguido avanzar hasta la matriculaci\u00f3n<strong> L<\/strong>DS-10-K, mientras que el de <strong>tractores <\/strong>ha alcanzado <strong>T<\/strong>HN-98-G.<\/p>\n\n\n\n<iframe width=\"560\" height=\"315\" data-src=\"https:\/\/www.youtube.com\/embed\/lvyzrO03AWg\" title=\"YouTube video player\" frameborder=\"0\" allow=\"accelerometer; autoplay; clipboard-write; encrypted-media; gyroscope; picture-in-picture\" allowfullscreen=\"\" src=\"data:image\/svg+xml;base64,PHN2ZyB3aWR0aD0iMSIgaGVpZ2h0PSIxIiB4bWxucz0iaHR0cDovL3d3dy53My5vcmcvMjAwMC9zdmciPjwvc3ZnPg==\" class=\"lazyload\" data-load-mode=\"1\"><\/iframe>\n\n\n\n<h2 class=\"wp-block-heading\">\u00bfQuieres tener m\u00e1s informaci\u00f3n sobre matr\u00edculas holandesas?<\/h2>\n\n\n\n<p>Despu\u00e9s de esto, te recomendamos visitar el apartado completo de <a href=\"https:\/\/matriculasdelmundo.com\/holanda.html\" target=\"_blank\" rel=\"noreferrer noopener\">Holanda<\/a>, donde podr\u00e1s incluso crear matr\u00edculas para tus coches en miniatura y consultar la historia de todas las matr\u00edculas utilizadas durante toda la historia holandesa. Tambi\u00e9n puedes consultar <a href=\"https:\/\/www.cumela.nl\/nieuws\/nieuws\/handleiding-registratie-bestaande-landbouwvoertuigen\" target=\"_blank\" rel=\"noreferrer noopener nofollow\">cumela.nl<\/a>.<\/p>\n\n\n<div class=\"kk-star-ratings kksr-auto kksr-align-center kksr-valign-bottom\"\n    data-payload='{&quot;align&quot;:&quot;center&quot;,&quot;id&quot;:&quot;793&quot;,&quot;slug&quot;:&quot;default&quot;,&quot;valign&quot;:&quot;bottom&quot;,&quot;ignore&quot;:&quot;&quot;,&quot;reference&quot;:&quot;auto&quot;,&quot;class&quot;:&quot;&quot;,&quot;count&quot;:&quot;0&quot;,&quot;legendonly&quot;:&quot;&quot;,&quot;readonly&quot;:&quot;&quot;,&quot;score&quot;:&quot;0&quot;,&quot;starsonly&quot;:&quot;&quot;,&quot;best&quot;:&quot;5&quot;,&quot;gap&quot;:&quot;5&quot;,&quot;greet&quot;:&quot;Punt\u00faalo post&quot;,&quot;legend&quot;:&quot;0\\\/5 - (0 votos)&quot;,&quot;size&quot;:&quot;18&quot;,&quot;title&quot;:&quot;Matr\u00edculas para tractores y veh\u00edculos agr\u00edcolas en Holanda&quot;,&quot;width&quot;:&quot;0&quot;,&quot;_legend&quot;:&quot;{score}\\\/{best} - ({count} {votes})&quot;,&quot;font_factor&quot;:&quot;1.25&quot;}'>\n            \n<div class=\"kksr-stars\">\n    \n<div class=\"kksr-stars-inactive\">\n            <div class=\"kksr-star\" data-star=\"1\" style=\"padding-right: 5px\">\n            \n\n<div class=\"kksr-icon\" style=\"width: 18px; height: 18px;\"><\/div>\n        <\/div>\n            <div class=\"kksr-star\" data-star=\"2\" style=\"padding-right: 5px\">\n            \n\n<div class=\"kksr-icon\" style=\"width: 18px; height: 18px;\"><\/div>\n        <\/div>\n            <div class=\"kksr-star\" data-star=\"3\" style=\"padding-right: 5px\">\n            \n\n<div class=\"kksr-icon\" style=\"width: 18px; height: 18px;\"><\/div>\n        <\/div>\n            <div class=\"kksr-star\" data-star=\"4\" style=\"padding-right: 5px\">\n            \n\n<div class=\"kksr-icon\" style=\"width: 18px; height: 18px;\"><\/div>\n        <\/div>\n            <div class=\"kksr-star\" data-star=\"5\" style=\"padding-right: 5px\">\n            \n\n<div class=\"kksr-icon\" style=\"width: 18px; height: 18px;\"><\/div>\n        <\/div>\n    <\/div>\n    \n<div class=\"kksr-stars-active\" style=\"width: 0px;\">\n            <div class=\"kksr-star\" style=\"padding-right: 5px\">\n            \n\n<div class=\"kksr-icon\" style=\"width: 18px; height: 18px;\"><\/div>\n        <\/div>\n            <div class=\"kksr-star\" style=\"padding-right: 5px\">\n            \n\n<div class=\"kksr-icon\" style=\"width: 18px; height: 18px;\"><\/div>\n        <\/div>\n            <div class=\"kksr-star\" style=\"padding-right: 5px\">\n            \n\n<div class=\"kksr-icon\" style=\"width: 18px; height: 18px;\"><\/div>\n        <\/div>\n            <div class=\"kksr-star\" style=\"padding-right: 5px\">\n            \n\n<div class=\"kksr-icon\" style=\"width: 18px; height: 18px;\"><\/div>\n        <\/div>\n            <div class=\"kksr-star\" style=\"padding-right: 5px\">\n            \n\n<div class=\"kksr-icon\" style=\"width: 18px; height: 18px;\"><\/div>\n        <\/div>\n    <\/div>\n<\/div>\n                \n\n<div class=\"kksr-legend\" style=\"font-size: 14.4px;\">\n            <span class=\"kksr-muted\">Punt\u00faalo post<\/span>\n    <\/div>\n    <\/div>\n","protected":false},"excerpt":{"rendered":"<p>A comienzos del a\u00f1o 2021, los Pa\u00edses Bajos (a veces llamados Holanda), estrenaron dos nuevos tipos de matr\u00edculas especiales. Estos nuevos tipos fueron tractores y veh\u00edculos agr\u00edcolas. En el mundo, muchos pa\u00edses utilizan matr\u00edculas especiales para veh\u00edculos agr\u00edcolas, pero no tantos lo hacen para los tractores. Matr\u00edculas actuales de Holanda. Coches y especiales Ambos nuevos&hellip;&nbsp;<a href=\"https:\/\/matriculasdelmundo.com\/noticias\/matriculas-tractores-agricolas-holanda\/\" rel=\"bookmark\">Leer m\u00e1s &raquo;<span class=\"screen-reader-text\">Matr\u00edculas para tractores y veh\u00edculos agr\u00edcolas en Holanda<\/span><\/a><\/p>\n","protected":false},"author":1,"featured_media":794,"comment_status":"open","ping_status":"open","sticky":false,"template":"","format":"standard","meta":{"neve_meta_sidebar":"","neve_meta_container":"","neve_meta_enable_content_width":"","neve_meta_content_width":0,"neve_meta_title_alignment":"","neve_meta_author_avatar":"","neve_post_elements_order":"","neve_meta_disable_header":"","neve_meta_disable_footer":"","neve_meta_disable_title":"","footnotes":""},"categories":[81,267,268],"tags":[171,166,269,270,227,271],"class_list":["post-793","post","type-post","status-publish","format-standard","has-post-thumbnail","hentry","category-noticias-de-matriculas-de-europa","category-holanda","category-holanda-noticias-de-matriculas-de-europa","tag-171","tag-europa","tag-holanda","tag-paises-bajos","tag-tractor","tag-vehiculo-agricola"],"yoast_head":"<!-- This site is optimized with the Yoast SEO plugin v27.5 - https:\/\/yoast.com\/product\/yoast-seo-wordpress\/ -->\n<title>\ud83d\udcf0 Matr\u00edculas para tractores y veh\u00edculos agr\u00edcolas en Holanda \u2b07\ufe0f<\/title>\n<meta name=\"description\" content=\"\u27a4 Descubre c\u00f3mo son las nuevas matr\u00edculas para tractores y veh\u00edculos agr\u00edcolas en Holanda. Te mostramos todos los detalles.\" \/>\n<meta name=\"robots\" content=\"index, follow, max-snippet:-1, max-image-preview:large, max-video-preview:-1\" \/>\n<link rel=\"canonical\" href=\"https:\/\/matriculasdelmundo.com\/noticias\/matriculas-tractores-agricolas-holanda\/\" \/>\n<meta property=\"og:locale\" content=\"es_ES\" \/>\n<meta property=\"og:type\" content=\"article\" \/>\n<meta property=\"og:title\" content=\"\ud83d\udcf0 Matr\u00edculas para tractores y veh\u00edculos agr\u00edcolas en Holanda \u2b07\ufe0f\" \/>\n<meta property=\"og:description\" content=\"\u27a4 Descubre c\u00f3mo son las nuevas matr\u00edculas para tractores y veh\u00edculos agr\u00edcolas en Holanda. Te mostramos todos los detalles.\" \/>\n<meta property=\"og:url\" content=\"https:\/\/matriculasdelmundo.com\/noticias\/matriculas-tractores-agricolas-holanda\/\" \/>\n<meta property=\"og:site_name\" content=\"Noticias de matr\u00edculas del mundo\" \/>\n<meta property=\"article:publisher\" content=\"https:\/\/www.facebook.com\/matriculasdelmundo\/\" \/>\n<meta property=\"article:published_time\" content=\"2021-07-01T13:29:18+00:00\" \/>\n<meta property=\"article:modified_time\" content=\"2022-08-01T17:59:52+00:00\" \/>\n<meta property=\"og:image\" content=\"https:\/\/matriculasdelmundo.com\/noticias\/wp-content\/uploads\/2021\/07\/matriculas-tractor-holanda.png\" \/>\n\t<meta property=\"og:image:width\" content=\"600\" \/>\n\t<meta property=\"og:image:height\" content=\"348\" \/>\n\t<meta property=\"og:image:type\" content=\"image\/png\" \/>\n<meta name=\"author\" content=\"Matriculasdelmundo\" \/>\n<meta name=\"twitter:card\" content=\"summary_large_image\" \/>\n<meta name=\"twitter:creator\" content=\"@matriculasdm\" \/>\n<meta name=\"twitter:site\" content=\"@matriculasdm\" \/>\n<meta name=\"twitter:label1\" content=\"Escrito por\" \/>\n\t<meta name=\"twitter:data1\" content=\"Matriculasdelmundo\" \/>\n\t<meta name=\"twitter:label2\" content=\"Tiempo de lectura\" \/>\n\t<meta name=\"twitter:data2\" content=\"2 minutos\" \/>\n<script type=\"application\/ld+json\" class=\"yoast-schema-graph\">{\"@context\":\"https:\\\/\\\/schema.org\",\"@graph\":[{\"@type\":\"Article\",\"@id\":\"https:\\\/\\\/matriculasdelmundo.com\\\/noticias\\\/matriculas-tractores-agricolas-holanda\\\/#article\",\"isPartOf\":{\"@id\":\"https:\\\/\\\/matriculasdelmundo.com\\\/noticias\\\/matriculas-tractores-agricolas-holanda\\\/\"},\"author\":{\"name\":\"Matriculasdelmundo\",\"@id\":\"https:\\\/\\\/matriculasdelmundo.com\\\/noticias\\\/#\\\/schema\\\/person\\\/91e4edcb4c5c7a2e9f6d5f83d116aa90\"},\"headline\":\"Matr\u00edculas para tractores y veh\u00edculos agr\u00edcolas en Holanda\",\"datePublished\":\"2021-07-01T13:29:18+00:00\",\"dateModified\":\"2022-08-01T17:59:52+00:00\",\"mainEntityOfPage\":{\"@id\":\"https:\\\/\\\/matriculasdelmundo.com\\\/noticias\\\/matriculas-tractores-agricolas-holanda\\\/\"},\"wordCount\":358,\"commentCount\":2,\"publisher\":{\"@id\":\"https:\\\/\\\/matriculasdelmundo.com\\\/noticias\\\/#organization\"},\"image\":{\"@id\":\"https:\\\/\\\/matriculasdelmundo.com\\\/noticias\\\/matriculas-tractores-agricolas-holanda\\\/#primaryimage\"},\"thumbnailUrl\":\"https:\\\/\\\/matriculasdelmundo.com\\\/noticias\\\/wp-content\\\/uploads\\\/2021\\\/07\\\/matriculas-tractor-holanda.png\",\"keywords\":[\"2021\",\"europa\",\"holanda\",\"pa\u00edses bajos\",\"tractor\",\"veh\u00edculo agr\u00edcola\"],\"articleSection\":[\"Europa\",\"Holanda\",\"Holanda\"],\"inLanguage\":\"es\",\"potentialAction\":[{\"@type\":\"CommentAction\",\"name\":\"Comment\",\"target\":[\"https:\\\/\\\/matriculasdelmundo.com\\\/noticias\\\/matriculas-tractores-agricolas-holanda\\\/#respond\"]}]},{\"@type\":\"WebPage\",\"@id\":\"https:\\\/\\\/matriculasdelmundo.com\\\/noticias\\\/matriculas-tractores-agricolas-holanda\\\/\",\"url\":\"https:\\\/\\\/matriculasdelmundo.com\\\/noticias\\\/matriculas-tractores-agricolas-holanda\\\/\",\"name\":\"\ud83d\udcf0 Matr\u00edculas para tractores y veh\u00edculos agr\u00edcolas en Holanda \u2b07\ufe0f\",\"isPartOf\":{\"@id\":\"https:\\\/\\\/matriculasdelmundo.com\\\/noticias\\\/#website\"},\"primaryImageOfPage\":{\"@id\":\"https:\\\/\\\/matriculasdelmundo.com\\\/noticias\\\/matriculas-tractores-agricolas-holanda\\\/#primaryimage\"},\"image\":{\"@id\":\"https:\\\/\\\/matriculasdelmundo.com\\\/noticias\\\/matriculas-tractores-agricolas-holanda\\\/#primaryimage\"},\"thumbnailUrl\":\"https:\\\/\\\/matriculasdelmundo.com\\\/noticias\\\/wp-content\\\/uploads\\\/2021\\\/07\\\/matriculas-tractor-holanda.png\",\"datePublished\":\"2021-07-01T13:29:18+00:00\",\"dateModified\":\"2022-08-01T17:59:52+00:00\",\"description\":\"\u27a4 Descubre c\u00f3mo son las nuevas matr\u00edculas para tractores y veh\u00edculos agr\u00edcolas en Holanda. Te mostramos todos los detalles.\",\"breadcrumb\":{\"@id\":\"https:\\\/\\\/matriculasdelmundo.com\\\/noticias\\\/matriculas-tractores-agricolas-holanda\\\/#breadcrumb\"},\"inLanguage\":\"es\",\"potentialAction\":[{\"@type\":\"ReadAction\",\"target\":[\"https:\\\/\\\/matriculasdelmundo.com\\\/noticias\\\/matriculas-tractores-agricolas-holanda\\\/\"]}]},{\"@type\":\"ImageObject\",\"inLanguage\":\"es\",\"@id\":\"https:\\\/\\\/matriculasdelmundo.com\\\/noticias\\\/matriculas-tractores-agricolas-holanda\\\/#primaryimage\",\"url\":\"https:\\\/\\\/matriculasdelmundo.com\\\/noticias\\\/wp-content\\\/uploads\\\/2021\\\/07\\\/matriculas-tractor-holanda.png\",\"contentUrl\":\"https:\\\/\\\/matriculasdelmundo.com\\\/noticias\\\/wp-content\\\/uploads\\\/2021\\\/07\\\/matriculas-tractor-holanda.png\",\"width\":600,\"height\":348,\"caption\":\"Nuevas matr\u00edculas de tractores y veh\u00edculos agr\u00edcolas en Holanda\"},{\"@type\":\"BreadcrumbList\",\"@id\":\"https:\\\/\\\/matriculasdelmundo.com\\\/noticias\\\/matriculas-tractores-agricolas-holanda\\\/#breadcrumb\",\"itemListElement\":[{\"@type\":\"ListItem\",\"position\":1,\"name\":\"Portada\",\"item\":\"https:\\\/\\\/matriculasdelmundo.com\\\/noticias\\\/\"},{\"@type\":\"ListItem\",\"position\":2,\"name\":\"Matr\u00edculas para tractores y veh\u00edculos agr\u00edcolas en Holanda\"}]},{\"@type\":\"WebSite\",\"@id\":\"https:\\\/\\\/matriculasdelmundo.com\\\/noticias\\\/#website\",\"url\":\"https:\\\/\\\/matriculasdelmundo.com\\\/noticias\\\/\",\"name\":\"Noticias de matr\u00edculas del mundo\",\"description\":\"Descubre las \u00faltimas noticias sobre matriculas de coches de todos los pa\u00edses del mundo. Actualizado semanalmente\",\"publisher\":{\"@id\":\"https:\\\/\\\/matriculasdelmundo.com\\\/noticias\\\/#organization\"},\"potentialAction\":[{\"@type\":\"SearchAction\",\"target\":{\"@type\":\"EntryPoint\",\"urlTemplate\":\"https:\\\/\\\/matriculasdelmundo.com\\\/noticias\\\/?s={search_term_string}\"},\"query-input\":{\"@type\":\"PropertyValueSpecification\",\"valueRequired\":true,\"valueName\":\"search_term_string\"}}],\"inLanguage\":\"es\"},{\"@type\":\"Organization\",\"@id\":\"https:\\\/\\\/matriculasdelmundo.com\\\/noticias\\\/#organization\",\"name\":\"Matriculasdelmundo.com\",\"url\":\"https:\\\/\\\/matriculasdelmundo.com\\\/noticias\\\/\",\"logo\":{\"@type\":\"ImageObject\",\"inLanguage\":\"es\",\"@id\":\"https:\\\/\\\/matriculasdelmundo.com\\\/noticias\\\/#\\\/schema\\\/logo\\\/image\\\/\",\"url\":\"https:\\\/\\\/matriculasdelmundo.com\\\/noticias\\\/wp-content\\\/uploads\\\/2017\\\/09\\\/logo2.png\",\"contentUrl\":\"https:\\\/\\\/matriculasdelmundo.com\\\/noticias\\\/wp-content\\\/uploads\\\/2017\\\/09\\\/logo2.png\",\"width\":100,\"height\":34,\"caption\":\"Matriculasdelmundo.com\"},\"image\":{\"@id\":\"https:\\\/\\\/matriculasdelmundo.com\\\/noticias\\\/#\\\/schema\\\/logo\\\/image\\\/\"},\"sameAs\":[\"https:\\\/\\\/www.facebook.com\\\/matriculasdelmundo\\\/\",\"https:\\\/\\\/x.com\\\/matriculasdm\",\"https:\\\/\\\/www.instagram.com\\\/matriculasdelmundo\\\/\"]},{\"@type\":\"Person\",\"@id\":\"https:\\\/\\\/matriculasdelmundo.com\\\/noticias\\\/#\\\/schema\\\/person\\\/91e4edcb4c5c7a2e9f6d5f83d116aa90\",\"name\":\"Matriculasdelmundo\",\"image\":{\"@type\":\"ImageObject\",\"inLanguage\":\"es\",\"@id\":\"https:\\\/\\\/secure.gravatar.com\\\/avatar\\\/83f1597276b4fd718af4e3dae5c073f1efc6ca190953128b5ef9ba5696cc5297?s=96&d=mm&r=g\",\"url\":\"https:\\\/\\\/secure.gravatar.com\\\/avatar\\\/83f1597276b4fd718af4e3dae5c073f1efc6ca190953128b5ef9ba5696cc5297?s=96&d=mm&r=g\",\"contentUrl\":\"https:\\\/\\\/secure.gravatar.com\\\/avatar\\\/83f1597276b4fd718af4e3dae5c073f1efc6ca190953128b5ef9ba5696cc5297?s=96&d=mm&r=g\",\"caption\":\"Matriculasdelmundo\"}}]}<\/script>\n<!-- \/ Yoast SEO plugin. -->","yoast_head_json":{"title":"\ud83d\udcf0 Matr\u00edculas para tractores y veh\u00edculos agr\u00edcolas en Holanda \u2b07\ufe0f","description":"\u27a4 Descubre c\u00f3mo son las nuevas matr\u00edculas para tractores y veh\u00edculos agr\u00edcolas en Holanda. Te mostramos todos los detalles.","robots":{"index":"index","follow":"follow","max-snippet":"max-snippet:-1","max-image-preview":"max-image-preview:large","max-video-preview":"max-video-preview:-1"},"canonical":"https:\/\/matriculasdelmundo.com\/noticias\/matriculas-tractores-agricolas-holanda\/","og_locale":"es_ES","og_type":"article","og_title":"\ud83d\udcf0 Matr\u00edculas para tractores y veh\u00edculos agr\u00edcolas en Holanda \u2b07\ufe0f","og_description":"\u27a4 Descubre c\u00f3mo son las nuevas matr\u00edculas para tractores y veh\u00edculos agr\u00edcolas en Holanda. Te mostramos todos los detalles.","og_url":"https:\/\/matriculasdelmundo.com\/noticias\/matriculas-tractores-agricolas-holanda\/","og_site_name":"Noticias de matr\u00edculas del mundo","article_publisher":"https:\/\/www.facebook.com\/matriculasdelmundo\/","article_published_time":"2021-07-01T13:29:18+00:00","article_modified_time":"2022-08-01T17:59:52+00:00","og_image":[{"width":600,"height":348,"url":"https:\/\/matriculasdelmundo.com\/noticias\/wp-content\/uploads\/2021\/07\/matriculas-tractor-holanda.png","type":"image\/png"}],"author":"Matriculasdelmundo","twitter_card":"summary_large_image","twitter_creator":"@matriculasdm","twitter_site":"@matriculasdm","twitter_misc":{"Escrito por":"Matriculasdelmundo","Tiempo de lectura":"2 minutos"},"schema":{"@context":"https:\/\/schema.org","@graph":[{"@type":"Article","@id":"https:\/\/matriculasdelmundo.com\/noticias\/matriculas-tractores-agricolas-holanda\/#article","isPartOf":{"@id":"https:\/\/matriculasdelmundo.com\/noticias\/matriculas-tractores-agricolas-holanda\/"},"author":{"name":"Matriculasdelmundo","@id":"https:\/\/matriculasdelmundo.com\/noticias\/#\/schema\/person\/91e4edcb4c5c7a2e9f6d5f83d116aa90"},"headline":"Matr\u00edculas para tractores y veh\u00edculos agr\u00edcolas en Holanda","datePublished":"2021-07-01T13:29:18+00:00","dateModified":"2022-08-01T17:59:52+00:00","mainEntityOfPage":{"@id":"https:\/\/matriculasdelmundo.com\/noticias\/matriculas-tractores-agricolas-holanda\/"},"wordCount":358,"commentCount":2,"publisher":{"@id":"https:\/\/matriculasdelmundo.com\/noticias\/#organization"},"image":{"@id":"https:\/\/matriculasdelmundo.com\/noticias\/matriculas-tractores-agricolas-holanda\/#primaryimage"},"thumbnailUrl":"https:\/\/matriculasdelmundo.com\/noticias\/wp-content\/uploads\/2021\/07\/matriculas-tractor-holanda.png","keywords":["2021","europa","holanda","pa\u00edses bajos","tractor","veh\u00edculo agr\u00edcola"],"articleSection":["Europa","Holanda","Holanda"],"inLanguage":"es","potentialAction":[{"@type":"CommentAction","name":"Comment","target":["https:\/\/matriculasdelmundo.com\/noticias\/matriculas-tractores-agricolas-holanda\/#respond"]}]},{"@type":"WebPage","@id":"https:\/\/matriculasdelmundo.com\/noticias\/matriculas-tractores-agricolas-holanda\/","url":"https:\/\/matriculasdelmundo.com\/noticias\/matriculas-tractores-agricolas-holanda\/","name":"\ud83d\udcf0 Matr\u00edculas para tractores y veh\u00edculos agr\u00edcolas en Holanda \u2b07\ufe0f","isPartOf":{"@id":"https:\/\/matriculasdelmundo.com\/noticias\/#website"},"primaryImageOfPage":{"@id":"https:\/\/matriculasdelmundo.com\/noticias\/matriculas-tractores-agricolas-holanda\/#primaryimage"},"image":{"@id":"https:\/\/matriculasdelmundo.com\/noticias\/matriculas-tractores-agricolas-holanda\/#primaryimage"},"thumbnailUrl":"https:\/\/matriculasdelmundo.com\/noticias\/wp-content\/uploads\/2021\/07\/matriculas-tractor-holanda.png","datePublished":"2021-07-01T13:29:18+00:00","dateModified":"2022-08-01T17:59:52+00:00","description":"\u27a4 Descubre c\u00f3mo son las nuevas matr\u00edculas para tractores y veh\u00edculos agr\u00edcolas en Holanda. Te mostramos todos los detalles.","breadcrumb":{"@id":"https:\/\/matriculasdelmundo.com\/noticias\/matriculas-tractores-agricolas-holanda\/#breadcrumb"},"inLanguage":"es","potentialAction":[{"@type":"ReadAction","target":["https:\/\/matriculasdelmundo.com\/noticias\/matriculas-tractores-agricolas-holanda\/"]}]},{"@type":"ImageObject","inLanguage":"es","@id":"https:\/\/matriculasdelmundo.com\/noticias\/matriculas-tractores-agricolas-holanda\/#primaryimage","url":"https:\/\/matriculasdelmundo.com\/noticias\/wp-content\/uploads\/2021\/07\/matriculas-tractor-holanda.png","contentUrl":"https:\/\/matriculasdelmundo.com\/noticias\/wp-content\/uploads\/2021\/07\/matriculas-tractor-holanda.png","width":600,"height":348,"caption":"Nuevas matr\u00edculas de tractores y veh\u00edculos agr\u00edcolas en Holanda"},{"@type":"BreadcrumbList","@id":"https:\/\/matriculasdelmundo.com\/noticias\/matriculas-tractores-agricolas-holanda\/#breadcrumb","itemListElement":[{"@type":"ListItem","position":1,"name":"Portada","item":"https:\/\/matriculasdelmundo.com\/noticias\/"},{"@type":"ListItem","position":2,"name":"Matr\u00edculas para tractores y veh\u00edculos agr\u00edcolas en Holanda"}]},{"@type":"WebSite","@id":"https:\/\/matriculasdelmundo.com\/noticias\/#website","url":"https:\/\/matriculasdelmundo.com\/noticias\/","name":"Noticias de matr\u00edculas del mundo","description":"Descubre las \u00faltimas noticias sobre matriculas de coches de todos los pa\u00edses del mundo. Actualizado semanalmente","publisher":{"@id":"https:\/\/matriculasdelmundo.com\/noticias\/#organization"},"potentialAction":[{"@type":"SearchAction","target":{"@type":"EntryPoint","urlTemplate":"https:\/\/matriculasdelmundo.com\/noticias\/?s={search_term_string}"},"query-input":{"@type":"PropertyValueSpecification","valueRequired":true,"valueName":"search_term_string"}}],"inLanguage":"es"},{"@type":"Organization","@id":"https:\/\/matriculasdelmundo.com\/noticias\/#organization","name":"Matriculasdelmundo.com","url":"https:\/\/matriculasdelmundo.com\/noticias\/","logo":{"@type":"ImageObject","inLanguage":"es","@id":"https:\/\/matriculasdelmundo.com\/noticias\/#\/schema\/logo\/image\/","url":"https:\/\/matriculasdelmundo.com\/noticias\/wp-content\/uploads\/2017\/09\/logo2.png","contentUrl":"https:\/\/matriculasdelmundo.com\/noticias\/wp-content\/uploads\/2017\/09\/logo2.png","width":100,"height":34,"caption":"Matriculasdelmundo.com"},"image":{"@id":"https:\/\/matriculasdelmundo.com\/noticias\/#\/schema\/logo\/image\/"},"sameAs":["https:\/\/www.facebook.com\/matriculasdelmundo\/","https:\/\/x.com\/matriculasdm","https:\/\/www.instagram.com\/matriculasdelmundo\/"]},{"@type":"Person","@id":"https:\/\/matriculasdelmundo.com\/noticias\/#\/schema\/person\/91e4edcb4c5c7a2e9f6d5f83d116aa90","name":"Matriculasdelmundo","image":{"@type":"ImageObject","inLanguage":"es","@id":"https:\/\/secure.gravatar.com\/avatar\/83f1597276b4fd718af4e3dae5c073f1efc6ca190953128b5ef9ba5696cc5297?s=96&d=mm&r=g","url":"https:\/\/secure.gravatar.com\/avatar\/83f1597276b4fd718af4e3dae5c073f1efc6ca190953128b5ef9ba5696cc5297?s=96&d=mm&r=g","contentUrl":"https:\/\/secure.gravatar.com\/avatar\/83f1597276b4fd718af4e3dae5c073f1efc6ca190953128b5ef9ba5696cc5297?s=96&d=mm&r=g","caption":"Matriculasdelmundo"}}]}},"_links":{"self":[{"href":"https:\/\/matriculasdelmundo.com\/noticias\/wp-json\/wp\/v2\/posts\/793","targetHints":{"allow":["GET"]}}],"collection":[{"href":"https:\/\/matriculasdelmundo.com\/noticias\/wp-json\/wp\/v2\/posts"}],"about":[{"href":"https:\/\/matriculasdelmundo.com\/noticias\/wp-json\/wp\/v2\/types\/post"}],"author":[{"embeddable":true,"href":"https:\/\/matriculasdelmundo.com\/noticias\/wp-json\/wp\/v2\/users\/1"}],"replies":[{"embeddable":true,"href":"https:\/\/matriculasdelmundo.com\/noticias\/wp-json\/wp\/v2\/comments?post=793"}],"version-history":[{"count":2,"href":"https:\/\/matriculasdelmundo.com\/noticias\/wp-json\/wp\/v2\/posts\/793\/revisions"}],"predecessor-version":[{"id":796,"href":"https:\/\/matriculasdelmundo.com\/noticias\/wp-json\/wp\/v2\/posts\/793\/revisions\/796"}],"wp:featuredmedia":[{"embeddable":true,"href":"https:\/\/matriculasdelmundo.com\/noticias\/wp-json\/wp\/v2\/media\/794"}],"wp:attachment":[{"href":"https:\/\/matriculasdelmundo.com\/noticias\/wp-json\/wp\/v2\/media?parent=793"}],"wp:term":[{"taxonomy":"category","embeddable":true,"href":"https:\/\/matriculasdelmundo.com\/noticias\/wp-json\/wp\/v2\/categories?post=793"},{"taxonomy":"post_tag","embeddable":true,"href":"https:\/\/matriculasdelmundo.com\/noticias\/wp-json\/wp\/v2\/tags?post=793"}],"curies":[{"name":"wp","href":"https:\/\/api.w.org\/{rel}","templated":true}]}}