{"id":622,"date":"2020-10-23T11:44:04","date_gmt":"2020-10-23T10:44:04","guid":{"rendered":"http:\/\/matriculasdelmundo.com\/noticias\/?p=622"},"modified":"2020-11-08T23:39:50","modified_gmt":"2020-11-08T22:39:50","slug":"bielorrusia-matriculas-electricas","status":"publish","type":"post","link":"https:\/\/matriculasdelmundo.com\/noticias\/bielorrusia-matriculas-electricas\/","title":{"rendered":"Bielorrusia: Matr\u00edculas el\u00e9ctricas"},"content":{"rendered":"\n<h1 class=\"wp-block-heading\">Nuevas matr\u00edculas el\u00e9ctricas en Bielorrusia<\/h1>\n\n\n\n<p>A principios del verano de <strong>2020<\/strong>, <strong>Bielorrusia <\/strong>ha estrenado un <strong>nuevo sistema de matriculaci\u00f3n<\/strong> para coches el\u00e9ctricos. Se une al grupo de pa\u00edses que utilizan <strong><a href=\"\/noticias\/tag\/electrico\/\">matr\u00edculas el\u00e9ctricas<\/a><\/strong>. Adem\u00e1s, a mediados de septiembre ha incluido una <strong>novedad<\/strong> en el c\u00f3digo BY del sistema ordinario.<\/p>\n\n\n\n<p>El <strong>1 julio de<\/strong> <strong>2020<\/strong>, <strong>Bielorrusia <\/strong>ha estrenado un <strong>nuevo sistema<\/strong> de matriculaci\u00f3n. Este sistema es el de las <strong>matr\u00edculas el\u00e9ctricas<\/strong> para los \u00ab<em>coches verdes<\/em>\u00ab. Bielorrusia dispone actualmente <strong>267 estaciones de recarga <\/strong>para veh\u00edculos el\u00e9ctricos, adem\u00e1s de una prometedora industria en veh\u00edculos el\u00e9ctricos. Actualmente, aproximadamente el 90% de veh\u00edculos producidos en el pa\u00eds son el\u00e9ctricos.<\/p>\n\n\n\n<div id=\"veh\u00edculo-el\u00e9ctrico\" class=\"wp-block-image is-style-default\"><figure class=\"aligncenter size-medium\"><img decoding=\"async\" width=\"300\" height=\"259\" data-src=\"https:\/\/matriculasdelmundo.com\/noticias\/wp-content\/uploads\/2020\/10\/23-10-2020-12.10.44-1-300x259.jpg\" alt=\"Matr\u00edcula coche el\u00e9ctrica verde Bielorrusia\" class=\"wp-image-623 lazyload\" title=\"nuevas matriculas bielorrusia electrica vere\" data-srcset=\"https:\/\/matriculasdelmundo.com\/noticias\/wp-content\/uploads\/2020\/10\/23-10-2020-12.10.44-1-300x259.jpg 300w, https:\/\/matriculasdelmundo.com\/noticias\/wp-content\/uploads\/2020\/10\/23-10-2020-12.10.44-1-30x26.jpg 30w, https:\/\/matriculasdelmundo.com\/noticias\/wp-content\/uploads\/2020\/10\/23-10-2020-12.10.44-1.jpg 627w\" data-sizes=\"(max-width: 300px) 100vw, 300px\" src=\"data:image\/svg+xml;base64,PHN2ZyB3aWR0aD0iMSIgaGVpZ2h0PSIxIiB4bWxucz0iaHR0cDovL3d3dy53My5vcmcvMjAwMC9zdmciPjwvc3ZnPg==\" style=\"--smush-placeholder-width: 300px; --smush-placeholder-aspect-ratio: 300\/259;\" \/><figcaption>Matr\u00edcula de coche nueva de veh\u00edculo <strong>el\u00e9ctrico Bielorrusia<\/strong>. Fuente:<em> zviazda.by<\/em><\/figcaption><\/figure><\/div>\n\n\n\n<h3 class=\"wp-block-heading\">Ventajas del nuevo sistema para coches<\/h3>\n\n\n\n<p>Esta novedad, viene incluida en un <strong>grupo de ventajas<\/strong> para dichos veh\u00edculos, como la devoluci\u00f3n del IVA para quien compre uno de estos veh\u00edculos (desde junio de 2015). Tambi\u00e9n se proporciona gratuitamente el terreno para instalar una carga el\u00e9ctrica.<\/p>\n\n\n\n<figure class=\"wp-block-image size-large is-style-default\"><img decoding=\"async\" data-src=\"https:\/\/matriculasdelmundo.com\/matriculas\/todas\/bielorrusia\/015.jpg\" alt=\"\" src=\"data:image\/svg+xml;base64,PHN2ZyB3aWR0aD0iMSIgaGVpZ2h0PSIxIiB4bWxucz0iaHR0cDovL3d3dy53My5vcmcvMjAwMC9zdmciPjwvc3ZnPg==\" class=\"lazyload\" \/><figcaption>Matr\u00edcula del <strong>sistema ordinario<\/strong> anterior a 2020<\/figcaption><\/figure>\n\n\n\n<p id=\"matricula-bielorrusia-electrica\">La nueva <strong>matr\u00edcula el\u00e9ctrica<\/strong> utiliza el mismo tama\u00f1o y formato que en el <a href=\"\/bielorusia.html\">sistema anterior<\/a>, pero comenzando por la <strong>letra E<\/strong>, seguida de tres n\u00fameros, dos letras y el n\u00famero regional, pero todo en letras verdes sobre fondo blanco.<\/p>\n\n\n\n<h2 class=\"wp-block-heading\">Nuevo sistema de matriculaci\u00f3n en Bielorrusia<\/h2>\n\n\n\n<p>Adem\u00e1s de este nuevo sistema, Bielorrusia ha realizado un peque\u00f1o cambio en las <strong>matr\u00edculas ordinarias<\/strong>, modificando el c\u00f3digo internacional BY representado en las matr\u00edculas. El cambio consiste en cambiar de caracteres negros a caracteres <strong>verdes <\/strong>las letras <strong>BY<\/strong>.<\/p>\n\n\n\n<div id=\"c\u00f3digo-BY\" class=\"wp-block-image is-style-rounded\"><figure class=\"aligncenter size-medium\"><img decoding=\"async\" width=\"300\" height=\"143\" data-src=\"https:\/\/matriculasdelmundo.com\/noticias\/wp-content\/uploads\/2020\/10\/23-10-2020-12.10.41-2-300x143.jpg\" alt=\"Matr\u00edcula de coche de Bielorrusia con el nuevo c\u00f3digo verde\" class=\"wp-image-625 lazyload\" title=\"matr\u00edcula coche verde bielorrusia\" data-srcset=\"https:\/\/matriculasdelmundo.com\/noticias\/wp-content\/uploads\/2020\/10\/23-10-2020-12.10.41-2-300x143.jpg 300w, https:\/\/matriculasdelmundo.com\/noticias\/wp-content\/uploads\/2020\/10\/23-10-2020-12.10.41-2-30x14.jpg 30w, https:\/\/matriculasdelmundo.com\/noticias\/wp-content\/uploads\/2020\/10\/23-10-2020-12.10.41-2.jpg 760w\" data-sizes=\"(max-width: 300px) 100vw, 300px\" src=\"data:image\/svg+xml;base64,PHN2ZyB3aWR0aD0iMSIgaGVpZ2h0PSIxIiB4bWxucz0iaHR0cDovL3d3dy53My5vcmcvMjAwMC9zdmciPjwvc3ZnPg==\" style=\"--smush-placeholder-width: 300px; --smush-placeholder-aspect-ratio: 300\/143;\" \/><figcaption>Nueva matr\u00edculas de coche de <strong>Bielorrusia<\/strong>. Fuente: <em>onliner.by<\/em> <\/figcaption><\/figure><\/div>\n\n\n\n<p>M\u00e1s informaci\u00f3n sobre las matr\u00edculas de <strong>Bielorrusia<\/strong>: <a href=\"https:\/\/matriculasdelmundo.com\/bielorusia.html\">matriculasdelmundo.com<\/a><\/p>\n\n\n\n<p>Fuente (e imagen destacada): <a href=\"http:\/\/www.zviazda.by\/be\/news\/20200831\/1598860454-ruh-pa-shlyahu-ekalagichnasci\" target=\"_blank\" rel=\"noreferrer noopener nofollow\">zviazda.by<\/a> (veh\u00edculos el\u00e9ctricos)<\/p>\n\n\n\n<p>Fuente (e imagen):<a href=\"https:\/\/auto.onliner.by\/2020\/09\/16\/utverzhdeny-novye-nomera\" target=\"_blank\" rel=\"noreferrer noopener nofollow\"> onliner.by<\/a> (letras BY verde)<\/p>\n\n\n<div class=\"kk-star-ratings kksr-auto kksr-align-center kksr-valign-bottom\"\n    data-payload='{&quot;align&quot;:&quot;center&quot;,&quot;id&quot;:&quot;622&quot;,&quot;slug&quot;:&quot;default&quot;,&quot;valign&quot;:&quot;bottom&quot;,&quot;ignore&quot;:&quot;&quot;,&quot;reference&quot;:&quot;auto&quot;,&quot;class&quot;:&quot;&quot;,&quot;count&quot;:&quot;0&quot;,&quot;legendonly&quot;:&quot;&quot;,&quot;readonly&quot;:&quot;&quot;,&quot;score&quot;:&quot;0&quot;,&quot;starsonly&quot;:&quot;&quot;,&quot;best&quot;:&quot;5&quot;,&quot;gap&quot;:&quot;5&quot;,&quot;greet&quot;:&quot;Punt\u00faalo post&quot;,&quot;legend&quot;:&quot;0\\\/5 - (0 votos)&quot;,&quot;size&quot;:&quot;18&quot;,&quot;title&quot;:&quot;Bielorrusia: Matr\u00edculas el\u00e9ctricas&quot;,&quot;width&quot;:&quot;0&quot;,&quot;_legend&quot;:&quot;{score}\\\/{best} - ({count} {votes})&quot;,&quot;font_factor&quot;:&quot;1.25&quot;}'>\n            \n<div class=\"kksr-stars\">\n    \n<div class=\"kksr-stars-inactive\">\n            <div class=\"kksr-star\" data-star=\"1\" style=\"padding-right: 5px\">\n            \n\n<div class=\"kksr-icon\" style=\"width: 18px; height: 18px;\"><\/div>\n        <\/div>\n            <div class=\"kksr-star\" data-star=\"2\" style=\"padding-right: 5px\">\n            \n\n<div class=\"kksr-icon\" style=\"width: 18px; height: 18px;\"><\/div>\n        <\/div>\n            <div class=\"kksr-star\" data-star=\"3\" style=\"padding-right: 5px\">\n            \n\n<div class=\"kksr-icon\" style=\"width: 18px; height: 18px;\"><\/div>\n        <\/div>\n            <div class=\"kksr-star\" data-star=\"4\" style=\"padding-right: 5px\">\n            \n\n<div class=\"kksr-icon\" style=\"width: 18px; height: 18px;\"><\/div>\n        <\/div>\n            <div class=\"kksr-star\" data-star=\"5\" style=\"padding-right: 5px\">\n            \n\n<div class=\"kksr-icon\" style=\"width: 18px; height: 18px;\"><\/div>\n        <\/div>\n    <\/div>\n    \n<div class=\"kksr-stars-active\" style=\"width: 0px;\">\n            <div class=\"kksr-star\" style=\"padding-right: 5px\">\n            \n\n<div class=\"kksr-icon\" style=\"width: 18px; height: 18px;\"><\/div>\n        <\/div>\n            <div class=\"kksr-star\" style=\"padding-right: 5px\">\n            \n\n<div class=\"kksr-icon\" style=\"width: 18px; height: 18px;\"><\/div>\n        <\/div>\n            <div class=\"kksr-star\" style=\"padding-right: 5px\">\n            \n\n<div class=\"kksr-icon\" style=\"width: 18px; height: 18px;\"><\/div>\n        <\/div>\n            <div class=\"kksr-star\" style=\"padding-right: 5px\">\n            \n\n<div class=\"kksr-icon\" style=\"width: 18px; height: 18px;\"><\/div>\n        <\/div>\n            <div class=\"kksr-star\" style=\"padding-right: 5px\">\n            \n\n<div class=\"kksr-icon\" style=\"width: 18px; height: 18px;\"><\/div>\n        <\/div>\n    <\/div>\n<\/div>\n                \n\n<div class=\"kksr-legend\" style=\"font-size: 14.4px;\">\n            <span class=\"kksr-muted\">Punt\u00faalo post<\/span>\n    <\/div>\n    <\/div>\n","protected":false},"excerpt":{"rendered":"<p>Descubre las novedades sobre las  matr\u00edculas de coches en Bielorrusia para veh\u00edculos el\u00e9ctricos y cambio de colores en el c\u00f3digo BY<\/p>\n","protected":false},"author":1,"featured_media":626,"comment_status":"open","ping_status":"open","sticky":false,"template":"","format":"standard","meta":{"neve_meta_sidebar":"default","neve_meta_container":"","neve_meta_enable_content_width":"","neve_meta_content_width":0,"neve_meta_title_alignment":"","neve_meta_author_avatar":"off","neve_post_elements_order":"[\"title\",\"meta\",\"content\",\"comments\",\"thumbnail\"]","neve_meta_disable_header":"off","neve_meta_disable_footer":"","neve_meta_disable_title":"","footnotes":""},"categories":[244,81],"tags":[242,243,55,201,183],"class_list":["post-622","post","type-post","status-publish","format-standard","has-post-thumbnail","hentry","category-bielorrusia","category-noticias-de-matriculas-de-europa","tag-bielorrusia","tag-by","tag-electrico","tag-ev","tag-verde"],"yoast_head":"<!-- This site is optimized with the Yoast SEO plugin v27.5 - https:\/\/yoast.com\/product\/yoast-seo-wordpress\/ -->\n<title>Bielorrusia: Matr\u00edculas el\u00e9ctricas - Noticias de matr\u00edculas del mundo<\/title>\n<meta name=\"description\" content=\"Descubre las novedades sobre las matr\u00edculas de coches en Bielorrusia para veh\u00edculos el\u00e9ctricos y cambio de colores en el c\u00f3digo BY\" \/>\n<meta name=\"robots\" content=\"index, follow, max-snippet:-1, max-image-preview:large, max-video-preview:-1\" \/>\n<link rel=\"canonical\" href=\"https:\/\/matriculasdelmundo.com\/noticias\/bielorrusia-matriculas-electricas\/\" \/>\n<meta property=\"og:locale\" content=\"es_ES\" \/>\n<meta property=\"og:type\" content=\"article\" \/>\n<meta property=\"og:title\" content=\"Nuevas matr\u00edculas para veh\u00edculos el\u00e9ctricos en Bielorrusia\" \/>\n<meta property=\"og:description\" content=\"Descubre las nuevas matr\u00edculas para veh\u00edculos el\u00e9ctricos de Bielorrusia y otros peque\u00f1os cambios en el sistema general\" \/>\n<meta property=\"og:url\" content=\"https:\/\/matriculasdelmundo.com\/noticias\/bielorrusia-matriculas-electricas\/\" \/>\n<meta property=\"og:site_name\" content=\"Noticias de matr\u00edculas del mundo\" \/>\n<meta property=\"article:publisher\" content=\"https:\/\/www.facebook.com\/matriculasdelmundo\/\" \/>\n<meta property=\"article:published_time\" content=\"2020-10-23T10:44:04+00:00\" \/>\n<meta property=\"article:modified_time\" content=\"2020-11-08T22:39:50+00:00\" \/>\n<meta property=\"og:image\" content=\"https:\/\/matriculasdelmundo.com\/noticias\/wp-content\/uploads\/2020\/10\/23-10-2020-12.10.44-1.jpg\" \/>\n\t<meta property=\"og:image:width\" content=\"627\" \/>\n\t<meta property=\"og:image:height\" content=\"541\" \/>\n\t<meta property=\"og:image:type\" content=\"image\/jpeg\" \/>\n<meta name=\"author\" content=\"Matriculasdelmundo\" \/>\n<meta name=\"twitter:card\" content=\"summary_large_image\" \/>\n<meta name=\"twitter:title\" content=\"Nuevas matr\u00edculas para veh\u00edculos el\u00e9ctricos en Bielorrusia\" \/>\n<meta name=\"twitter:description\" content=\"Descubre las nuevas matr\u00edculas para veh\u00edculos el\u00e9ctricos de Bielorrusia y otros peque\u00f1os cambios en el sistema general\" \/>\n<meta name=\"twitter:image\" content=\"https:\/\/matriculasdelmundo.com\/noticias\/wp-content\/uploads\/2020\/10\/23-10-2020-12.10.44-1.jpg\" \/>\n<meta name=\"twitter:creator\" content=\"@matriculasdm\" \/>\n<meta name=\"twitter:site\" content=\"@matriculasdm\" \/>\n<meta name=\"twitter:label1\" content=\"Escrito por\" \/>\n\t<meta name=\"twitter:data1\" content=\"Matriculasdelmundo\" \/>\n\t<meta name=\"twitter:label2\" content=\"Tiempo de lectura\" \/>\n\t<meta name=\"twitter:data2\" content=\"2 minutos\" \/>\n<script type=\"application\/ld+json\" class=\"yoast-schema-graph\">{\"@context\":\"https:\\\/\\\/schema.org\",\"@graph\":[{\"@type\":\"Article\",\"@id\":\"https:\\\/\\\/matriculasdelmundo.com\\\/noticias\\\/bielorrusia-matriculas-electricas\\\/#article\",\"isPartOf\":{\"@id\":\"https:\\\/\\\/matriculasdelmundo.com\\\/noticias\\\/bielorrusia-matriculas-electricas\\\/\"},\"author\":{\"name\":\"Matriculasdelmundo\",\"@id\":\"https:\\\/\\\/matriculasdelmundo.com\\\/noticias\\\/#\\\/schema\\\/person\\\/91e4edcb4c5c7a2e9f6d5f83d116aa90\"},\"headline\":\"Bielorrusia: Matr\u00edculas el\u00e9ctricas\",\"datePublished\":\"2020-10-23T10:44:04+00:00\",\"dateModified\":\"2020-11-08T22:39:50+00:00\",\"mainEntityOfPage\":{\"@id\":\"https:\\\/\\\/matriculasdelmundo.com\\\/noticias\\\/bielorrusia-matriculas-electricas\\\/\"},\"wordCount\":327,\"commentCount\":0,\"publisher\":{\"@id\":\"https:\\\/\\\/matriculasdelmundo.com\\\/noticias\\\/#organization\"},\"image\":{\"@id\":\"https:\\\/\\\/matriculasdelmundo.com\\\/noticias\\\/bielorrusia-matriculas-electricas\\\/#primaryimage\"},\"thumbnailUrl\":\"https:\\\/\\\/matriculasdelmundo.com\\\/noticias\\\/wp-content\\\/uploads\\\/2020\\\/10\\\/nomer-zel.jpg\",\"keywords\":[\"bielorrusia\",\"by\",\"el\u00e9ctrico\",\"EV\",\"verde\"],\"articleSection\":[\"Bielorrusia\",\"Europa\"],\"inLanguage\":\"es\",\"potentialAction\":[{\"@type\":\"CommentAction\",\"name\":\"Comment\",\"target\":[\"https:\\\/\\\/matriculasdelmundo.com\\\/noticias\\\/bielorrusia-matriculas-electricas\\\/#respond\"]}]},{\"@type\":\"WebPage\",\"@id\":\"https:\\\/\\\/matriculasdelmundo.com\\\/noticias\\\/bielorrusia-matriculas-electricas\\\/\",\"url\":\"https:\\\/\\\/matriculasdelmundo.com\\\/noticias\\\/bielorrusia-matriculas-electricas\\\/\",\"name\":\"Bielorrusia: Matr\u00edculas el\u00e9ctricas - Noticias de matr\u00edculas del mundo\",\"isPartOf\":{\"@id\":\"https:\\\/\\\/matriculasdelmundo.com\\\/noticias\\\/#website\"},\"primaryImageOfPage\":{\"@id\":\"https:\\\/\\\/matriculasdelmundo.com\\\/noticias\\\/bielorrusia-matriculas-electricas\\\/#primaryimage\"},\"image\":{\"@id\":\"https:\\\/\\\/matriculasdelmundo.com\\\/noticias\\\/bielorrusia-matriculas-electricas\\\/#primaryimage\"},\"thumbnailUrl\":\"https:\\\/\\\/matriculasdelmundo.com\\\/noticias\\\/wp-content\\\/uploads\\\/2020\\\/10\\\/nomer-zel.jpg\",\"datePublished\":\"2020-10-23T10:44:04+00:00\",\"dateModified\":\"2020-11-08T22:39:50+00:00\",\"description\":\"Descubre las novedades sobre las matr\u00edculas de coches en Bielorrusia para veh\u00edculos el\u00e9ctricos y cambio de colores en el c\u00f3digo BY\",\"breadcrumb\":{\"@id\":\"https:\\\/\\\/matriculasdelmundo.com\\\/noticias\\\/bielorrusia-matriculas-electricas\\\/#breadcrumb\"},\"inLanguage\":\"es\",\"potentialAction\":[{\"@type\":\"ReadAction\",\"target\":[\"https:\\\/\\\/matriculasdelmundo.com\\\/noticias\\\/bielorrusia-matriculas-electricas\\\/\"]}]},{\"@type\":\"ImageObject\",\"inLanguage\":\"es\",\"@id\":\"https:\\\/\\\/matriculasdelmundo.com\\\/noticias\\\/bielorrusia-matriculas-electricas\\\/#primaryimage\",\"url\":\"https:\\\/\\\/matriculasdelmundo.com\\\/noticias\\\/wp-content\\\/uploads\\\/2020\\\/10\\\/nomer-zel.jpg\",\"contentUrl\":\"https:\\\/\\\/matriculasdelmundo.com\\\/noticias\\\/wp-content\\\/uploads\\\/2020\\\/10\\\/nomer-zel.jpg\",\"width\":920,\"height\":459,\"caption\":\"Matr\u00edcula con letras BY en verde de Bielorrusia\"},{\"@type\":\"BreadcrumbList\",\"@id\":\"https:\\\/\\\/matriculasdelmundo.com\\\/noticias\\\/bielorrusia-matriculas-electricas\\\/#breadcrumb\",\"itemListElement\":[{\"@type\":\"ListItem\",\"position\":1,\"name\":\"Portada\",\"item\":\"https:\\\/\\\/matriculasdelmundo.com\\\/noticias\\\/\"},{\"@type\":\"ListItem\",\"position\":2,\"name\":\"Bielorrusia: Matr\u00edculas el\u00e9ctricas\"}]},{\"@type\":\"WebSite\",\"@id\":\"https:\\\/\\\/matriculasdelmundo.com\\\/noticias\\\/#website\",\"url\":\"https:\\\/\\\/matriculasdelmundo.com\\\/noticias\\\/\",\"name\":\"Noticias de matr\u00edculas del mundo\",\"description\":\"Descubre las \u00faltimas noticias sobre matriculas de coches de todos los pa\u00edses del mundo. Actualizado semanalmente\",\"publisher\":{\"@id\":\"https:\\\/\\\/matriculasdelmundo.com\\\/noticias\\\/#organization\"},\"potentialAction\":[{\"@type\":\"SearchAction\",\"target\":{\"@type\":\"EntryPoint\",\"urlTemplate\":\"https:\\\/\\\/matriculasdelmundo.com\\\/noticias\\\/?s={search_term_string}\"},\"query-input\":{\"@type\":\"PropertyValueSpecification\",\"valueRequired\":true,\"valueName\":\"search_term_string\"}}],\"inLanguage\":\"es\"},{\"@type\":\"Organization\",\"@id\":\"https:\\\/\\\/matriculasdelmundo.com\\\/noticias\\\/#organization\",\"name\":\"Matriculasdelmundo.com\",\"url\":\"https:\\\/\\\/matriculasdelmundo.com\\\/noticias\\\/\",\"logo\":{\"@type\":\"ImageObject\",\"inLanguage\":\"es\",\"@id\":\"https:\\\/\\\/matriculasdelmundo.com\\\/noticias\\\/#\\\/schema\\\/logo\\\/image\\\/\",\"url\":\"https:\\\/\\\/matriculasdelmundo.com\\\/noticias\\\/wp-content\\\/uploads\\\/2017\\\/09\\\/logo2.png\",\"contentUrl\":\"https:\\\/\\\/matriculasdelmundo.com\\\/noticias\\\/wp-content\\\/uploads\\\/2017\\\/09\\\/logo2.png\",\"width\":100,\"height\":34,\"caption\":\"Matriculasdelmundo.com\"},\"image\":{\"@id\":\"https:\\\/\\\/matriculasdelmundo.com\\\/noticias\\\/#\\\/schema\\\/logo\\\/image\\\/\"},\"sameAs\":[\"https:\\\/\\\/www.facebook.com\\\/matriculasdelmundo\\\/\",\"https:\\\/\\\/x.com\\\/matriculasdm\",\"https:\\\/\\\/www.instagram.com\\\/matriculasdelmundo\\\/\"]},{\"@type\":\"Person\",\"@id\":\"https:\\\/\\\/matriculasdelmundo.com\\\/noticias\\\/#\\\/schema\\\/person\\\/91e4edcb4c5c7a2e9f6d5f83d116aa90\",\"name\":\"Matriculasdelmundo\",\"image\":{\"@type\":\"ImageObject\",\"inLanguage\":\"es\",\"@id\":\"https:\\\/\\\/secure.gravatar.com\\\/avatar\\\/83f1597276b4fd718af4e3dae5c073f1efc6ca190953128b5ef9ba5696cc5297?s=96&d=mm&r=g\",\"url\":\"https:\\\/\\\/secure.gravatar.com\\\/avatar\\\/83f1597276b4fd718af4e3dae5c073f1efc6ca190953128b5ef9ba5696cc5297?s=96&d=mm&r=g\",\"contentUrl\":\"https:\\\/\\\/secure.gravatar.com\\\/avatar\\\/83f1597276b4fd718af4e3dae5c073f1efc6ca190953128b5ef9ba5696cc5297?s=96&d=mm&r=g\",\"caption\":\"Matriculasdelmundo\"}}]}<\/script>\n<!-- \/ Yoast SEO plugin. -->","yoast_head_json":{"title":"Bielorrusia: Matr\u00edculas el\u00e9ctricas - Noticias de matr\u00edculas del mundo","description":"Descubre las novedades sobre las matr\u00edculas de coches en Bielorrusia para veh\u00edculos el\u00e9ctricos y cambio de colores en el c\u00f3digo BY","robots":{"index":"index","follow":"follow","max-snippet":"max-snippet:-1","max-image-preview":"max-image-preview:large","max-video-preview":"max-video-preview:-1"},"canonical":"https:\/\/matriculasdelmundo.com\/noticias\/bielorrusia-matriculas-electricas\/","og_locale":"es_ES","og_type":"article","og_title":"Nuevas matr\u00edculas para veh\u00edculos el\u00e9ctricos en Bielorrusia","og_description":"Descubre las nuevas matr\u00edculas para veh\u00edculos el\u00e9ctricos de Bielorrusia y otros peque\u00f1os cambios en el sistema general","og_url":"https:\/\/matriculasdelmundo.com\/noticias\/bielorrusia-matriculas-electricas\/","og_site_name":"Noticias de matr\u00edculas del mundo","article_publisher":"https:\/\/www.facebook.com\/matriculasdelmundo\/","article_published_time":"2020-10-23T10:44:04+00:00","article_modified_time":"2020-11-08T22:39:50+00:00","og_image":[{"width":627,"height":541,"url":"https:\/\/matriculasdelmundo.com\/noticias\/wp-content\/uploads\/2020\/10\/23-10-2020-12.10.44-1.jpg","type":"image\/jpeg"}],"author":"Matriculasdelmundo","twitter_card":"summary_large_image","twitter_title":"Nuevas matr\u00edculas para veh\u00edculos el\u00e9ctricos en Bielorrusia","twitter_description":"Descubre las nuevas matr\u00edculas para veh\u00edculos el\u00e9ctricos de Bielorrusia y otros peque\u00f1os cambios en el sistema general","twitter_image":"https:\/\/matriculasdelmundo.com\/noticias\/wp-content\/uploads\/2020\/10\/23-10-2020-12.10.44-1.jpg","twitter_creator":"@matriculasdm","twitter_site":"@matriculasdm","twitter_misc":{"Escrito por":"Matriculasdelmundo","Tiempo de lectura":"2 minutos"},"schema":{"@context":"https:\/\/schema.org","@graph":[{"@type":"Article","@id":"https:\/\/matriculasdelmundo.com\/noticias\/bielorrusia-matriculas-electricas\/#article","isPartOf":{"@id":"https:\/\/matriculasdelmundo.com\/noticias\/bielorrusia-matriculas-electricas\/"},"author":{"name":"Matriculasdelmundo","@id":"https:\/\/matriculasdelmundo.com\/noticias\/#\/schema\/person\/91e4edcb4c5c7a2e9f6d5f83d116aa90"},"headline":"Bielorrusia: Matr\u00edculas el\u00e9ctricas","datePublished":"2020-10-23T10:44:04+00:00","dateModified":"2020-11-08T22:39:50+00:00","mainEntityOfPage":{"@id":"https:\/\/matriculasdelmundo.com\/noticias\/bielorrusia-matriculas-electricas\/"},"wordCount":327,"commentCount":0,"publisher":{"@id":"https:\/\/matriculasdelmundo.com\/noticias\/#organization"},"image":{"@id":"https:\/\/matriculasdelmundo.com\/noticias\/bielorrusia-matriculas-electricas\/#primaryimage"},"thumbnailUrl":"https:\/\/matriculasdelmundo.com\/noticias\/wp-content\/uploads\/2020\/10\/nomer-zel.jpg","keywords":["bielorrusia","by","el\u00e9ctrico","EV","verde"],"articleSection":["Bielorrusia","Europa"],"inLanguage":"es","potentialAction":[{"@type":"CommentAction","name":"Comment","target":["https:\/\/matriculasdelmundo.com\/noticias\/bielorrusia-matriculas-electricas\/#respond"]}]},{"@type":"WebPage","@id":"https:\/\/matriculasdelmundo.com\/noticias\/bielorrusia-matriculas-electricas\/","url":"https:\/\/matriculasdelmundo.com\/noticias\/bielorrusia-matriculas-electricas\/","name":"Bielorrusia: Matr\u00edculas el\u00e9ctricas - Noticias de matr\u00edculas del mundo","isPartOf":{"@id":"https:\/\/matriculasdelmundo.com\/noticias\/#website"},"primaryImageOfPage":{"@id":"https:\/\/matriculasdelmundo.com\/noticias\/bielorrusia-matriculas-electricas\/#primaryimage"},"image":{"@id":"https:\/\/matriculasdelmundo.com\/noticias\/bielorrusia-matriculas-electricas\/#primaryimage"},"thumbnailUrl":"https:\/\/matriculasdelmundo.com\/noticias\/wp-content\/uploads\/2020\/10\/nomer-zel.jpg","datePublished":"2020-10-23T10:44:04+00:00","dateModified":"2020-11-08T22:39:50+00:00","description":"Descubre las novedades sobre las matr\u00edculas de coches en Bielorrusia para veh\u00edculos el\u00e9ctricos y cambio de colores en el c\u00f3digo BY","breadcrumb":{"@id":"https:\/\/matriculasdelmundo.com\/noticias\/bielorrusia-matriculas-electricas\/#breadcrumb"},"inLanguage":"es","potentialAction":[{"@type":"ReadAction","target":["https:\/\/matriculasdelmundo.com\/noticias\/bielorrusia-matriculas-electricas\/"]}]},{"@type":"ImageObject","inLanguage":"es","@id":"https:\/\/matriculasdelmundo.com\/noticias\/bielorrusia-matriculas-electricas\/#primaryimage","url":"https:\/\/matriculasdelmundo.com\/noticias\/wp-content\/uploads\/2020\/10\/nomer-zel.jpg","contentUrl":"https:\/\/matriculasdelmundo.com\/noticias\/wp-content\/uploads\/2020\/10\/nomer-zel.jpg","width":920,"height":459,"caption":"Matr\u00edcula con letras BY en verde de Bielorrusia"},{"@type":"BreadcrumbList","@id":"https:\/\/matriculasdelmundo.com\/noticias\/bielorrusia-matriculas-electricas\/#breadcrumb","itemListElement":[{"@type":"ListItem","position":1,"name":"Portada","item":"https:\/\/matriculasdelmundo.com\/noticias\/"},{"@type":"ListItem","position":2,"name":"Bielorrusia: Matr\u00edculas el\u00e9ctricas"}]},{"@type":"WebSite","@id":"https:\/\/matriculasdelmundo.com\/noticias\/#website","url":"https:\/\/matriculasdelmundo.com\/noticias\/","name":"Noticias de matr\u00edculas del mundo","description":"Descubre las \u00faltimas noticias sobre matriculas de coches de todos los pa\u00edses del mundo. Actualizado semanalmente","publisher":{"@id":"https:\/\/matriculasdelmundo.com\/noticias\/#organization"},"potentialAction":[{"@type":"SearchAction","target":{"@type":"EntryPoint","urlTemplate":"https:\/\/matriculasdelmundo.com\/noticias\/?s={search_term_string}"},"query-input":{"@type":"PropertyValueSpecification","valueRequired":true,"valueName":"search_term_string"}}],"inLanguage":"es"},{"@type":"Organization","@id":"https:\/\/matriculasdelmundo.com\/noticias\/#organization","name":"Matriculasdelmundo.com","url":"https:\/\/matriculasdelmundo.com\/noticias\/","logo":{"@type":"ImageObject","inLanguage":"es","@id":"https:\/\/matriculasdelmundo.com\/noticias\/#\/schema\/logo\/image\/","url":"https:\/\/matriculasdelmundo.com\/noticias\/wp-content\/uploads\/2017\/09\/logo2.png","contentUrl":"https:\/\/matriculasdelmundo.com\/noticias\/wp-content\/uploads\/2017\/09\/logo2.png","width":100,"height":34,"caption":"Matriculasdelmundo.com"},"image":{"@id":"https:\/\/matriculasdelmundo.com\/noticias\/#\/schema\/logo\/image\/"},"sameAs":["https:\/\/www.facebook.com\/matriculasdelmundo\/","https:\/\/x.com\/matriculasdm","https:\/\/www.instagram.com\/matriculasdelmundo\/"]},{"@type":"Person","@id":"https:\/\/matriculasdelmundo.com\/noticias\/#\/schema\/person\/91e4edcb4c5c7a2e9f6d5f83d116aa90","name":"Matriculasdelmundo","image":{"@type":"ImageObject","inLanguage":"es","@id":"https:\/\/secure.gravatar.com\/avatar\/83f1597276b4fd718af4e3dae5c073f1efc6ca190953128b5ef9ba5696cc5297?s=96&d=mm&r=g","url":"https:\/\/secure.gravatar.com\/avatar\/83f1597276b4fd718af4e3dae5c073f1efc6ca190953128b5ef9ba5696cc5297?s=96&d=mm&r=g","contentUrl":"https:\/\/secure.gravatar.com\/avatar\/83f1597276b4fd718af4e3dae5c073f1efc6ca190953128b5ef9ba5696cc5297?s=96&d=mm&r=g","caption":"Matriculasdelmundo"}}]}},"_links":{"self":[{"href":"https:\/\/matriculasdelmundo.com\/noticias\/wp-json\/wp\/v2\/posts\/622","targetHints":{"allow":["GET"]}}],"collection":[{"href":"https:\/\/matriculasdelmundo.com\/noticias\/wp-json\/wp\/v2\/posts"}],"about":[{"href":"https:\/\/matriculasdelmundo.com\/noticias\/wp-json\/wp\/v2\/types\/post"}],"author":[{"embeddable":true,"href":"https:\/\/matriculasdelmundo.com\/noticias\/wp-json\/wp\/v2\/users\/1"}],"replies":[{"embeddable":true,"href":"https:\/\/matriculasdelmundo.com\/noticias\/wp-json\/wp\/v2\/comments?post=622"}],"version-history":[{"count":8,"href":"https:\/\/matriculasdelmundo.com\/noticias\/wp-json\/wp\/v2\/posts\/622\/revisions"}],"predecessor-version":[{"id":649,"href":"https:\/\/matriculasdelmundo.com\/noticias\/wp-json\/wp\/v2\/posts\/622\/revisions\/649"}],"wp:featuredmedia":[{"embeddable":true,"href":"https:\/\/matriculasdelmundo.com\/noticias\/wp-json\/wp\/v2\/media\/626"}],"wp:attachment":[{"href":"https:\/\/matriculasdelmundo.com\/noticias\/wp-json\/wp\/v2\/media?parent=622"}],"wp:term":[{"taxonomy":"category","embeddable":true,"href":"https:\/\/matriculasdelmundo.com\/noticias\/wp-json\/wp\/v2\/categories?post=622"},{"taxonomy":"post_tag","embeddable":true,"href":"https:\/\/matriculasdelmundo.com\/noticias\/wp-json\/wp\/v2\/tags?post=622"}],"curies":[{"name":"wp","href":"https:\/\/api.w.org\/{rel}","templated":true}]}}