{"id":266,"date":"2018-12-07T21:13:17","date_gmt":"2018-12-07T20:13:17","guid":{"rendered":"http:\/\/matriculasdelmundo.com\/noticias\/?p=266"},"modified":"2018-12-07T21:13:17","modified_gmt":"2018-12-07T20:13:17","slug":"cambios-en-las-matriculas-rusas-desde-2019","status":"publish","type":"post","link":"https:\/\/matriculasdelmundo.com\/noticias\/cambios-en-las-matriculas-rusas-desde-2019\/","title":{"rendered":"Cambios en las matr\u00edculas rusas desde 2019"},"content":{"rendered":"<p style=\"font-weight: 400;\">Desde el 1 de enero de 2019 se introducir\u00e1n una serie de cambios en las matr\u00edculas rusas de acuerdo a los \u00faltimos datos oficiales publicados a finales del 2018. Se comenzar\u00e1n a emplear matr\u00edculas con dimensiones reducidas, tanto para veh\u00edculos importados como para motocicletas y ciclomotores. Se espera tambi\u00e9n que los veh\u00edculos de competici\u00f3n y los veh\u00edculos hist\u00f3ricos tengan su propio sistema diferenciado.<\/p>\n<p style=\"font-weight: 400;\"><!--more--><\/p>\n<figure id=\"attachment_267\" aria-describedby=\"caption-attachment-267\" style=\"width: 300px\" class=\"wp-caption aligncenter\"><img decoding=\"async\" class=\"size-medium wp-image-267 lazyload\" data-src=\"https:\/\/matriculasdelmundo.com\/noticias\/wp-content\/uploads\/2018\/12\/rus2019-300x221.png\" alt=\"Nuevas matr\u00edculas rusas\" width=\"300\" height=\"221\" data-srcset=\"https:\/\/matriculasdelmundo.com\/noticias\/wp-content\/uploads\/2018\/12\/rus2019-300x221.png 300w, https:\/\/matriculasdelmundo.com\/noticias\/wp-content\/uploads\/2018\/12\/rus2019-80x60.png 80w, https:\/\/matriculasdelmundo.com\/noticias\/wp-content\/uploads\/2018\/12\/rus2019.png 370w\" data-sizes=\"(max-width: 300px) 100vw, 300px\" src=\"data:image\/svg+xml;base64,PHN2ZyB3aWR0aD0iMSIgaGVpZ2h0PSIxIiB4bWxucz0iaHR0cDovL3d3dy53My5vcmcvMjAwMC9zdmciPjwvc3ZnPg==\" style=\"--smush-placeholder-width: 300px; --smush-placeholder-aspect-ratio: 300\/221;\" \/><figcaption id=\"caption-attachment-267\" class=\"wp-caption-text\">Nuevas matr\u00edculas especiales utilizadas en Rusia desde 2019. (Im\u00e1genes extra\u00eddas del archivo oficial y de <a href=\"https:\/\/www.kommersant.ru\/doc\/3745670\">kommersant.ru<\/a>)<\/figcaption><\/figure>\n<p style=\"font-weight: 400;\"><strong>Matr\u00edculas reducidas para motocicletas<\/strong><\/p>\n<p style=\"font-weight: 400;\">Las nuevas matr\u00edculas para motocicletas, que hasta esta fecha ten\u00edan \u00fanicamente las dimensiones de 245x160mm., pasar\u00e1n a tener unas dimensiones de 190x145mms. Tambi\u00e9n para las motocicletas en estatus diplom\u00e1tico se usar\u00e1n estas matr\u00edculas, disponiendo para ese caso, de los colores blanco sobre fondo rojo.<\/p>\n<p style=\"font-weight: 400;\"><strong>Matr\u00edculas de formato reducido (290 x 170 mm.)<\/strong><\/p>\n<p style=\"font-weight: 400;\">Otro de los cambios ser\u00e1 el de la creaci\u00f3n de matr\u00edculas cuadradas de formato reducido (290 x 170 mil\u00edmetros) para veh\u00edculos ordinarios. Estas matr\u00edculas se utilizar\u00e1n en veh\u00edculos con un espacio reducido para situar la matr\u00edcula, especialmente aquellos importados de\u00a0 Jap\u00f3n y Estados Unidos, los cuales utilizaban hasta este momento, en el caso de que el espacio fuera reducido, matr\u00edculas con los lados de la misma doblados.<\/p>\n<p style=\"font-weight: 400;\"><strong>Ciclomotores<\/strong><\/p>\n<p style=\"font-weight: 400;\">Por primera vez se utilizar\u00e1 un formato especial para los ciclomotores, con un tama\u00f1o reducido de 190x145mm. y una disposici\u00f3n de los caracteres de AA00AA99RUS (siendo 99 el <a href=\"http:\/\/matriculasdelmundo.com\/rusia.html#FRUSCP\">c\u00f3digo regional<\/a>).<\/p>\n<p style=\"font-weight: 400;\"><strong>Hist\u00f3ricos y de competici\u00f3n<\/strong><\/p>\n<p style=\"font-weight: 400;\">Por primera vez se emplear\u00e1n tambi\u00e9n matr\u00edculas especiales para veh\u00edculos hist\u00f3ricos y para veh\u00edculos de competici\u00f3n. El formato de estas matr\u00edculas tendr\u00e1n una configuraci\u00f3n de ZAA000 99RUS (siendo 99 el <a href=\"http:\/\/matriculasdelmundo.com\/rusia.html#FRUSCP\">c\u00f3digo regional<\/a>). La primera letra, que tendr\u00e1 unas dimensiones mayores a las del resto de la matr\u00edcula, estar\u00e1 separada del resto de la matr\u00edcula por una franja negra vertical, siendo una K para los veh\u00edculos hist\u00f3ricos, y una C para los de competici\u00f3n.<\/p>\n<p style=\"font-weight: 400;\">\n<p style=\"font-weight: 400;\">Para todos estos casos, el c\u00f3digo regional, la bandera y el <a href=\"http:\/\/matriculasdelmundo.com\/oval.php\">c\u00f3digo identificativo<\/a> <a href=\"http:\/\/matriculasdelmundo.com\/rusia.html\">RUS<\/a>, se mantendr\u00e1n con las mismas configuraciones como hasta ahora. Tambi\u00e9n se est\u00e1n barajando las posibilidades de introducir matr\u00edculas para veh\u00edculos el\u00e9ctricos y para porta bicicletas.<\/p>\n<p>&nbsp;<\/p>\n<p>M\u00e1s datos del pa\u00eds (Rusia):\u00a0<a href=\"http:\/\/matriculasdelmundo.com\/rusia.html\">http:\/\/matriculasdelmundo.com\/rusia.html<\/a><\/p>\n<p><em>Fuentes:\u00a0Archivo oficial\u00a0GOST R 50577-2018, <a href=\"http:\/\/www.1gai.ru\/autonews\/517679-novye-nomernye-znaki-dlya-avtomobiley-i-motociklov-uzhe-skoro.html\">1gai.ru,\u00a0 <\/a><a href=\"https:\/\/www.kommersant.ru\/doc\/3825628\">kommersant.ru<\/a><\/em><\/p>\n\n\n<div class=\"kk-star-ratings kksr-auto kksr-align-center kksr-valign-bottom\"\n    data-payload='{&quot;align&quot;:&quot;center&quot;,&quot;id&quot;:&quot;266&quot;,&quot;slug&quot;:&quot;default&quot;,&quot;valign&quot;:&quot;bottom&quot;,&quot;ignore&quot;:&quot;&quot;,&quot;reference&quot;:&quot;auto&quot;,&quot;class&quot;:&quot;&quot;,&quot;count&quot;:&quot;4&quot;,&quot;legendonly&quot;:&quot;&quot;,&quot;readonly&quot;:&quot;&quot;,&quot;score&quot;:&quot;2&quot;,&quot;starsonly&quot;:&quot;&quot;,&quot;best&quot;:&quot;5&quot;,&quot;gap&quot;:&quot;5&quot;,&quot;greet&quot;:&quot;Punt\u00faalo post&quot;,&quot;legend&quot;:&quot;2\\\/5 - (4 votos)&quot;,&quot;size&quot;:&quot;18&quot;,&quot;title&quot;:&quot;Cambios en las matr\u00edculas rusas desde 2019&quot;,&quot;width&quot;:&quot;43.5&quot;,&quot;_legend&quot;:&quot;{score}\\\/{best} - ({count} {votes})&quot;,&quot;font_factor&quot;:&quot;1.25&quot;}'>\n            \n<div class=\"kksr-stars\">\n    \n<div class=\"kksr-stars-inactive\">\n            <div class=\"kksr-star\" data-star=\"1\" style=\"padding-right: 5px\">\n            \n\n<div class=\"kksr-icon\" style=\"width: 18px; height: 18px;\"><\/div>\n        <\/div>\n            <div class=\"kksr-star\" data-star=\"2\" style=\"padding-right: 5px\">\n            \n\n<div class=\"kksr-icon\" style=\"width: 18px; height: 18px;\"><\/div>\n        <\/div>\n            <div class=\"kksr-star\" data-star=\"3\" style=\"padding-right: 5px\">\n            \n\n<div class=\"kksr-icon\" style=\"width: 18px; height: 18px;\"><\/div>\n        <\/div>\n            <div class=\"kksr-star\" data-star=\"4\" style=\"padding-right: 5px\">\n            \n\n<div class=\"kksr-icon\" style=\"width: 18px; height: 18px;\"><\/div>\n        <\/div>\n            <div class=\"kksr-star\" data-star=\"5\" style=\"padding-right: 5px\">\n            \n\n<div class=\"kksr-icon\" style=\"width: 18px; height: 18px;\"><\/div>\n        <\/div>\n    <\/div>\n    \n<div class=\"kksr-stars-active\" style=\"width: 43.5px;\">\n            <div class=\"kksr-star\" style=\"padding-right: 5px\">\n            \n\n<div class=\"kksr-icon\" style=\"width: 18px; height: 18px;\"><\/div>\n        <\/div>\n            <div class=\"kksr-star\" style=\"padding-right: 5px\">\n            \n\n<div class=\"kksr-icon\" style=\"width: 18px; height: 18px;\"><\/div>\n        <\/div>\n            <div class=\"kksr-star\" style=\"padding-right: 5px\">\n            \n\n<div class=\"kksr-icon\" style=\"width: 18px; height: 18px;\"><\/div>\n        <\/div>\n            <div class=\"kksr-star\" style=\"padding-right: 5px\">\n            \n\n<div class=\"kksr-icon\" style=\"width: 18px; height: 18px;\"><\/div>\n        <\/div>\n            <div class=\"kksr-star\" style=\"padding-right: 5px\">\n            \n\n<div class=\"kksr-icon\" style=\"width: 18px; height: 18px;\"><\/div>\n        <\/div>\n    <\/div>\n<\/div>\n                \n\n<div class=\"kksr-legend\" style=\"font-size: 14.4px;\">\n            2\/5 - (4 votos)    <\/div>\n    <\/div>\n","protected":false},"excerpt":{"rendered":"<p>Desde el 1 de enero de 2019 se introducir\u00e1n una serie de cambios en las matr\u00edculas rusas de acuerdo a los \u00faltimos datos oficiales publicados a finales del 2018. Se comenzar\u00e1n a emplear matr\u00edculas con dimensiones reducidas, tanto para veh\u00edculos importados como para motocicletas y ciclomotores. Se espera tambi\u00e9n que los veh\u00edculos de competici\u00f3n y&hellip;&nbsp;<a href=\"https:\/\/matriculasdelmundo.com\/noticias\/cambios-en-las-matriculas-rusas-desde-2019\/\" rel=\"bookmark\">Leer m\u00e1s &raquo;<span class=\"screen-reader-text\">Cambios en las matr\u00edculas rusas desde 2019<\/span><\/a><\/p>\n","protected":false},"author":1,"featured_media":267,"comment_status":"open","ping_status":"open","sticky":false,"template":"","format":"standard","meta":{"neve_meta_sidebar":"","neve_meta_container":"","neve_meta_enable_content_width":"","neve_meta_content_width":0,"neve_meta_title_alignment":"","neve_meta_author_avatar":"","neve_post_elements_order":"","neve_meta_disable_header":"","neve_meta_disable_footer":"","neve_meta_disable_title":"","footnotes":""},"categories":[81,13,111],"tags":[116,115,113,117,25,114,65,112],"class_list":["post-266","post","type-post","status-publish","format-standard","has-post-thumbnail","hentry","category-noticias-de-matriculas-de-europa","category-paises","category-rusia","tag-ciclomotor","tag-competicion","tag-historico","tag-motocicleta","tag-novedades","tag-rally","tag-reducido","tag-rusia"],"yoast_head":"<!-- This site is optimized with the Yoast SEO plugin v27.5 - https:\/\/yoast.com\/product\/yoast-seo-wordpress\/ -->\n<title>Cambios en las matr\u00edculas rusas desde 2019 - Noticias de matr\u00edculas del mundo<\/title>\n<meta name=\"description\" content=\"Desde el 1 de enero de 2019 se introducir\u00e1n una serie de cambios en las matr\u00edculas rusas de acuerdo a los \u00faltimos datos oficiales publicados a finales del\" \/>\n<meta name=\"robots\" content=\"index, follow, max-snippet:-1, max-image-preview:large, max-video-preview:-1\" \/>\n<link rel=\"canonical\" href=\"https:\/\/matriculasdelmundo.com\/noticias\/cambios-en-las-matriculas-rusas-desde-2019\/\" \/>\n<meta property=\"og:locale\" content=\"es_ES\" \/>\n<meta property=\"og:type\" content=\"article\" \/>\n<meta property=\"og:title\" content=\"Cambios en las matr\u00edculas rusas desde 2019 - Noticias de matr\u00edculas del mundo\" \/>\n<meta property=\"og:description\" content=\"Desde el 1 de enero de 2019 se introducir\u00e1n una serie de cambios en las matr\u00edculas rusas de acuerdo a los \u00faltimos datos oficiales publicados a finales del\" \/>\n<meta property=\"og:url\" content=\"https:\/\/matriculasdelmundo.com\/noticias\/cambios-en-las-matriculas-rusas-desde-2019\/\" \/>\n<meta property=\"og:site_name\" content=\"Noticias de matr\u00edculas del mundo\" \/>\n<meta property=\"article:publisher\" content=\"https:\/\/www.facebook.com\/matriculasdelmundo\/\" \/>\n<meta property=\"article:published_time\" content=\"2018-12-07T20:13:17+00:00\" \/>\n<meta property=\"og:image\" content=\"https:\/\/matriculasdelmundo.com\/noticias\/wp-content\/uploads\/2018\/12\/rus2019.png\" \/>\n\t<meta property=\"og:image:width\" content=\"370\" \/>\n\t<meta property=\"og:image:height\" content=\"273\" \/>\n\t<meta property=\"og:image:type\" content=\"image\/png\" \/>\n<meta name=\"author\" content=\"Matriculasdelmundo\" \/>\n<meta name=\"twitter:card\" content=\"summary_large_image\" \/>\n<meta name=\"twitter:creator\" content=\"@matriculasdm\" \/>\n<meta name=\"twitter:site\" content=\"@matriculasdm\" \/>\n<meta name=\"twitter:label1\" content=\"Escrito por\" \/>\n\t<meta name=\"twitter:data1\" content=\"Matriculasdelmundo\" \/>\n\t<meta name=\"twitter:label2\" content=\"Tiempo de lectura\" \/>\n\t<meta name=\"twitter:data2\" content=\"2 minutos\" \/>\n<script type=\"application\/ld+json\" class=\"yoast-schema-graph\">{\"@context\":\"https:\\\/\\\/schema.org\",\"@graph\":[{\"@type\":\"Article\",\"@id\":\"https:\\\/\\\/matriculasdelmundo.com\\\/noticias\\\/cambios-en-las-matriculas-rusas-desde-2019\\\/#article\",\"isPartOf\":{\"@id\":\"https:\\\/\\\/matriculasdelmundo.com\\\/noticias\\\/cambios-en-las-matriculas-rusas-desde-2019\\\/\"},\"author\":{\"name\":\"Matriculasdelmundo\",\"@id\":\"https:\\\/\\\/matriculasdelmundo.com\\\/noticias\\\/#\\\/schema\\\/person\\\/91e4edcb4c5c7a2e9f6d5f83d116aa90\"},\"headline\":\"Cambios en las matr\u00edculas rusas desde 2019\",\"datePublished\":\"2018-12-07T20:13:17+00:00\",\"mainEntityOfPage\":{\"@id\":\"https:\\\/\\\/matriculasdelmundo.com\\\/noticias\\\/cambios-en-las-matriculas-rusas-desde-2019\\\/\"},\"wordCount\":443,\"commentCount\":0,\"publisher\":{\"@id\":\"https:\\\/\\\/matriculasdelmundo.com\\\/noticias\\\/#organization\"},\"image\":{\"@id\":\"https:\\\/\\\/matriculasdelmundo.com\\\/noticias\\\/cambios-en-las-matriculas-rusas-desde-2019\\\/#primaryimage\"},\"thumbnailUrl\":\"https:\\\/\\\/matriculasdelmundo.com\\\/noticias\\\/wp-content\\\/uploads\\\/2018\\\/12\\\/rus2019.png\",\"keywords\":[\"ciclomotor\",\"competici\u00f3n\",\"hist\u00f3rico\",\"motocicleta\",\"novedades\",\"rally\",\"reducido\",\"Rusia\"],\"articleSection\":[\"Europa\",\"Pa\u00edses\",\"Rusia\"],\"inLanguage\":\"es\",\"potentialAction\":[{\"@type\":\"CommentAction\",\"name\":\"Comment\",\"target\":[\"https:\\\/\\\/matriculasdelmundo.com\\\/noticias\\\/cambios-en-las-matriculas-rusas-desde-2019\\\/#respond\"]}]},{\"@type\":\"WebPage\",\"@id\":\"https:\\\/\\\/matriculasdelmundo.com\\\/noticias\\\/cambios-en-las-matriculas-rusas-desde-2019\\\/\",\"url\":\"https:\\\/\\\/matriculasdelmundo.com\\\/noticias\\\/cambios-en-las-matriculas-rusas-desde-2019\\\/\",\"name\":\"Cambios en las matr\u00edculas rusas desde 2019 - Noticias de matr\u00edculas del mundo\",\"isPartOf\":{\"@id\":\"https:\\\/\\\/matriculasdelmundo.com\\\/noticias\\\/#website\"},\"primaryImageOfPage\":{\"@id\":\"https:\\\/\\\/matriculasdelmundo.com\\\/noticias\\\/cambios-en-las-matriculas-rusas-desde-2019\\\/#primaryimage\"},\"image\":{\"@id\":\"https:\\\/\\\/matriculasdelmundo.com\\\/noticias\\\/cambios-en-las-matriculas-rusas-desde-2019\\\/#primaryimage\"},\"thumbnailUrl\":\"https:\\\/\\\/matriculasdelmundo.com\\\/noticias\\\/wp-content\\\/uploads\\\/2018\\\/12\\\/rus2019.png\",\"datePublished\":\"2018-12-07T20:13:17+00:00\",\"description\":\"Desde el 1 de enero de 2019 se introducir\u00e1n una serie de cambios en las matr\u00edculas rusas de acuerdo a los \u00faltimos datos oficiales publicados a finales del\",\"breadcrumb\":{\"@id\":\"https:\\\/\\\/matriculasdelmundo.com\\\/noticias\\\/cambios-en-las-matriculas-rusas-desde-2019\\\/#breadcrumb\"},\"inLanguage\":\"es\",\"potentialAction\":[{\"@type\":\"ReadAction\",\"target\":[\"https:\\\/\\\/matriculasdelmundo.com\\\/noticias\\\/cambios-en-las-matriculas-rusas-desde-2019\\\/\"]}]},{\"@type\":\"ImageObject\",\"inLanguage\":\"es\",\"@id\":\"https:\\\/\\\/matriculasdelmundo.com\\\/noticias\\\/cambios-en-las-matriculas-rusas-desde-2019\\\/#primaryimage\",\"url\":\"https:\\\/\\\/matriculasdelmundo.com\\\/noticias\\\/wp-content\\\/uploads\\\/2018\\\/12\\\/rus2019.png\",\"contentUrl\":\"https:\\\/\\\/matriculasdelmundo.com\\\/noticias\\\/wp-content\\\/uploads\\\/2018\\\/12\\\/rus2019.png\",\"width\":370,\"height\":273,\"caption\":\"Nuevas matr\u00edculas especiales utilizadas en Rusia desde 2019\"},{\"@type\":\"BreadcrumbList\",\"@id\":\"https:\\\/\\\/matriculasdelmundo.com\\\/noticias\\\/cambios-en-las-matriculas-rusas-desde-2019\\\/#breadcrumb\",\"itemListElement\":[{\"@type\":\"ListItem\",\"position\":1,\"name\":\"Portada\",\"item\":\"https:\\\/\\\/matriculasdelmundo.com\\\/noticias\\\/\"},{\"@type\":\"ListItem\",\"position\":2,\"name\":\"Cambios en las matr\u00edculas rusas desde 2019\"}]},{\"@type\":\"WebSite\",\"@id\":\"https:\\\/\\\/matriculasdelmundo.com\\\/noticias\\\/#website\",\"url\":\"https:\\\/\\\/matriculasdelmundo.com\\\/noticias\\\/\",\"name\":\"Noticias de matr\u00edculas del mundo\",\"description\":\"Descubre las \u00faltimas noticias sobre matriculas de coches de todos los pa\u00edses del mundo. Actualizado semanalmente\",\"publisher\":{\"@id\":\"https:\\\/\\\/matriculasdelmundo.com\\\/noticias\\\/#organization\"},\"potentialAction\":[{\"@type\":\"SearchAction\",\"target\":{\"@type\":\"EntryPoint\",\"urlTemplate\":\"https:\\\/\\\/matriculasdelmundo.com\\\/noticias\\\/?s={search_term_string}\"},\"query-input\":{\"@type\":\"PropertyValueSpecification\",\"valueRequired\":true,\"valueName\":\"search_term_string\"}}],\"inLanguage\":\"es\"},{\"@type\":\"Organization\",\"@id\":\"https:\\\/\\\/matriculasdelmundo.com\\\/noticias\\\/#organization\",\"name\":\"Matriculasdelmundo.com\",\"url\":\"https:\\\/\\\/matriculasdelmundo.com\\\/noticias\\\/\",\"logo\":{\"@type\":\"ImageObject\",\"inLanguage\":\"es\",\"@id\":\"https:\\\/\\\/matriculasdelmundo.com\\\/noticias\\\/#\\\/schema\\\/logo\\\/image\\\/\",\"url\":\"https:\\\/\\\/matriculasdelmundo.com\\\/noticias\\\/wp-content\\\/uploads\\\/2017\\\/09\\\/logo2.png\",\"contentUrl\":\"https:\\\/\\\/matriculasdelmundo.com\\\/noticias\\\/wp-content\\\/uploads\\\/2017\\\/09\\\/logo2.png\",\"width\":100,\"height\":34,\"caption\":\"Matriculasdelmundo.com\"},\"image\":{\"@id\":\"https:\\\/\\\/matriculasdelmundo.com\\\/noticias\\\/#\\\/schema\\\/logo\\\/image\\\/\"},\"sameAs\":[\"https:\\\/\\\/www.facebook.com\\\/matriculasdelmundo\\\/\",\"https:\\\/\\\/x.com\\\/matriculasdm\",\"https:\\\/\\\/www.instagram.com\\\/matriculasdelmundo\\\/\"]},{\"@type\":\"Person\",\"@id\":\"https:\\\/\\\/matriculasdelmundo.com\\\/noticias\\\/#\\\/schema\\\/person\\\/91e4edcb4c5c7a2e9f6d5f83d116aa90\",\"name\":\"Matriculasdelmundo\",\"image\":{\"@type\":\"ImageObject\",\"inLanguage\":\"es\",\"@id\":\"https:\\\/\\\/secure.gravatar.com\\\/avatar\\\/83f1597276b4fd718af4e3dae5c073f1efc6ca190953128b5ef9ba5696cc5297?s=96&d=mm&r=g\",\"url\":\"https:\\\/\\\/secure.gravatar.com\\\/avatar\\\/83f1597276b4fd718af4e3dae5c073f1efc6ca190953128b5ef9ba5696cc5297?s=96&d=mm&r=g\",\"contentUrl\":\"https:\\\/\\\/secure.gravatar.com\\\/avatar\\\/83f1597276b4fd718af4e3dae5c073f1efc6ca190953128b5ef9ba5696cc5297?s=96&d=mm&r=g\",\"caption\":\"Matriculasdelmundo\"}}]}<\/script>\n<!-- \/ Yoast SEO plugin. -->","yoast_head_json":{"title":"Cambios en las matr\u00edculas rusas desde 2019 - Noticias de matr\u00edculas del mundo","description":"Desde el 1 de enero de 2019 se introducir\u00e1n una serie de cambios en las matr\u00edculas rusas de acuerdo a los \u00faltimos datos oficiales publicados a finales del","robots":{"index":"index","follow":"follow","max-snippet":"max-snippet:-1","max-image-preview":"max-image-preview:large","max-video-preview":"max-video-preview:-1"},"canonical":"https:\/\/matriculasdelmundo.com\/noticias\/cambios-en-las-matriculas-rusas-desde-2019\/","og_locale":"es_ES","og_type":"article","og_title":"Cambios en las matr\u00edculas rusas desde 2019 - Noticias de matr\u00edculas del mundo","og_description":"Desde el 1 de enero de 2019 se introducir\u00e1n una serie de cambios en las matr\u00edculas rusas de acuerdo a los \u00faltimos datos oficiales publicados a finales del","og_url":"https:\/\/matriculasdelmundo.com\/noticias\/cambios-en-las-matriculas-rusas-desde-2019\/","og_site_name":"Noticias de matr\u00edculas del mundo","article_publisher":"https:\/\/www.facebook.com\/matriculasdelmundo\/","article_published_time":"2018-12-07T20:13:17+00:00","og_image":[{"width":370,"height":273,"url":"https:\/\/matriculasdelmundo.com\/noticias\/wp-content\/uploads\/2018\/12\/rus2019.png","type":"image\/png"}],"author":"Matriculasdelmundo","twitter_card":"summary_large_image","twitter_creator":"@matriculasdm","twitter_site":"@matriculasdm","twitter_misc":{"Escrito por":"Matriculasdelmundo","Tiempo de lectura":"2 minutos"},"schema":{"@context":"https:\/\/schema.org","@graph":[{"@type":"Article","@id":"https:\/\/matriculasdelmundo.com\/noticias\/cambios-en-las-matriculas-rusas-desde-2019\/#article","isPartOf":{"@id":"https:\/\/matriculasdelmundo.com\/noticias\/cambios-en-las-matriculas-rusas-desde-2019\/"},"author":{"name":"Matriculasdelmundo","@id":"https:\/\/matriculasdelmundo.com\/noticias\/#\/schema\/person\/91e4edcb4c5c7a2e9f6d5f83d116aa90"},"headline":"Cambios en las matr\u00edculas rusas desde 2019","datePublished":"2018-12-07T20:13:17+00:00","mainEntityOfPage":{"@id":"https:\/\/matriculasdelmundo.com\/noticias\/cambios-en-las-matriculas-rusas-desde-2019\/"},"wordCount":443,"commentCount":0,"publisher":{"@id":"https:\/\/matriculasdelmundo.com\/noticias\/#organization"},"image":{"@id":"https:\/\/matriculasdelmundo.com\/noticias\/cambios-en-las-matriculas-rusas-desde-2019\/#primaryimage"},"thumbnailUrl":"https:\/\/matriculasdelmundo.com\/noticias\/wp-content\/uploads\/2018\/12\/rus2019.png","keywords":["ciclomotor","competici\u00f3n","hist\u00f3rico","motocicleta","novedades","rally","reducido","Rusia"],"articleSection":["Europa","Pa\u00edses","Rusia"],"inLanguage":"es","potentialAction":[{"@type":"CommentAction","name":"Comment","target":["https:\/\/matriculasdelmundo.com\/noticias\/cambios-en-las-matriculas-rusas-desde-2019\/#respond"]}]},{"@type":"WebPage","@id":"https:\/\/matriculasdelmundo.com\/noticias\/cambios-en-las-matriculas-rusas-desde-2019\/","url":"https:\/\/matriculasdelmundo.com\/noticias\/cambios-en-las-matriculas-rusas-desde-2019\/","name":"Cambios en las matr\u00edculas rusas desde 2019 - Noticias de matr\u00edculas del mundo","isPartOf":{"@id":"https:\/\/matriculasdelmundo.com\/noticias\/#website"},"primaryImageOfPage":{"@id":"https:\/\/matriculasdelmundo.com\/noticias\/cambios-en-las-matriculas-rusas-desde-2019\/#primaryimage"},"image":{"@id":"https:\/\/matriculasdelmundo.com\/noticias\/cambios-en-las-matriculas-rusas-desde-2019\/#primaryimage"},"thumbnailUrl":"https:\/\/matriculasdelmundo.com\/noticias\/wp-content\/uploads\/2018\/12\/rus2019.png","datePublished":"2018-12-07T20:13:17+00:00","description":"Desde el 1 de enero de 2019 se introducir\u00e1n una serie de cambios en las matr\u00edculas rusas de acuerdo a los \u00faltimos datos oficiales publicados a finales del","breadcrumb":{"@id":"https:\/\/matriculasdelmundo.com\/noticias\/cambios-en-las-matriculas-rusas-desde-2019\/#breadcrumb"},"inLanguage":"es","potentialAction":[{"@type":"ReadAction","target":["https:\/\/matriculasdelmundo.com\/noticias\/cambios-en-las-matriculas-rusas-desde-2019\/"]}]},{"@type":"ImageObject","inLanguage":"es","@id":"https:\/\/matriculasdelmundo.com\/noticias\/cambios-en-las-matriculas-rusas-desde-2019\/#primaryimage","url":"https:\/\/matriculasdelmundo.com\/noticias\/wp-content\/uploads\/2018\/12\/rus2019.png","contentUrl":"https:\/\/matriculasdelmundo.com\/noticias\/wp-content\/uploads\/2018\/12\/rus2019.png","width":370,"height":273,"caption":"Nuevas matr\u00edculas especiales utilizadas en Rusia desde 2019"},{"@type":"BreadcrumbList","@id":"https:\/\/matriculasdelmundo.com\/noticias\/cambios-en-las-matriculas-rusas-desde-2019\/#breadcrumb","itemListElement":[{"@type":"ListItem","position":1,"name":"Portada","item":"https:\/\/matriculasdelmundo.com\/noticias\/"},{"@type":"ListItem","position":2,"name":"Cambios en las matr\u00edculas rusas desde 2019"}]},{"@type":"WebSite","@id":"https:\/\/matriculasdelmundo.com\/noticias\/#website","url":"https:\/\/matriculasdelmundo.com\/noticias\/","name":"Noticias de matr\u00edculas del mundo","description":"Descubre las \u00faltimas noticias sobre matriculas de coches de todos los pa\u00edses del mundo. Actualizado semanalmente","publisher":{"@id":"https:\/\/matriculasdelmundo.com\/noticias\/#organization"},"potentialAction":[{"@type":"SearchAction","target":{"@type":"EntryPoint","urlTemplate":"https:\/\/matriculasdelmundo.com\/noticias\/?s={search_term_string}"},"query-input":{"@type":"PropertyValueSpecification","valueRequired":true,"valueName":"search_term_string"}}],"inLanguage":"es"},{"@type":"Organization","@id":"https:\/\/matriculasdelmundo.com\/noticias\/#organization","name":"Matriculasdelmundo.com","url":"https:\/\/matriculasdelmundo.com\/noticias\/","logo":{"@type":"ImageObject","inLanguage":"es","@id":"https:\/\/matriculasdelmundo.com\/noticias\/#\/schema\/logo\/image\/","url":"https:\/\/matriculasdelmundo.com\/noticias\/wp-content\/uploads\/2017\/09\/logo2.png","contentUrl":"https:\/\/matriculasdelmundo.com\/noticias\/wp-content\/uploads\/2017\/09\/logo2.png","width":100,"height":34,"caption":"Matriculasdelmundo.com"},"image":{"@id":"https:\/\/matriculasdelmundo.com\/noticias\/#\/schema\/logo\/image\/"},"sameAs":["https:\/\/www.facebook.com\/matriculasdelmundo\/","https:\/\/x.com\/matriculasdm","https:\/\/www.instagram.com\/matriculasdelmundo\/"]},{"@type":"Person","@id":"https:\/\/matriculasdelmundo.com\/noticias\/#\/schema\/person\/91e4edcb4c5c7a2e9f6d5f83d116aa90","name":"Matriculasdelmundo","image":{"@type":"ImageObject","inLanguage":"es","@id":"https:\/\/secure.gravatar.com\/avatar\/83f1597276b4fd718af4e3dae5c073f1efc6ca190953128b5ef9ba5696cc5297?s=96&d=mm&r=g","url":"https:\/\/secure.gravatar.com\/avatar\/83f1597276b4fd718af4e3dae5c073f1efc6ca190953128b5ef9ba5696cc5297?s=96&d=mm&r=g","contentUrl":"https:\/\/secure.gravatar.com\/avatar\/83f1597276b4fd718af4e3dae5c073f1efc6ca190953128b5ef9ba5696cc5297?s=96&d=mm&r=g","caption":"Matriculasdelmundo"}}]}},"_links":{"self":[{"href":"https:\/\/matriculasdelmundo.com\/noticias\/wp-json\/wp\/v2\/posts\/266","targetHints":{"allow":["GET"]}}],"collection":[{"href":"https:\/\/matriculasdelmundo.com\/noticias\/wp-json\/wp\/v2\/posts"}],"about":[{"href":"https:\/\/matriculasdelmundo.com\/noticias\/wp-json\/wp\/v2\/types\/post"}],"author":[{"embeddable":true,"href":"https:\/\/matriculasdelmundo.com\/noticias\/wp-json\/wp\/v2\/users\/1"}],"replies":[{"embeddable":true,"href":"https:\/\/matriculasdelmundo.com\/noticias\/wp-json\/wp\/v2\/comments?post=266"}],"version-history":[{"count":1,"href":"https:\/\/matriculasdelmundo.com\/noticias\/wp-json\/wp\/v2\/posts\/266\/revisions"}],"predecessor-version":[{"id":268,"href":"https:\/\/matriculasdelmundo.com\/noticias\/wp-json\/wp\/v2\/posts\/266\/revisions\/268"}],"wp:featuredmedia":[{"embeddable":true,"href":"https:\/\/matriculasdelmundo.com\/noticias\/wp-json\/wp\/v2\/media\/267"}],"wp:attachment":[{"href":"https:\/\/matriculasdelmundo.com\/noticias\/wp-json\/wp\/v2\/media?parent=266"}],"wp:term":[{"taxonomy":"category","embeddable":true,"href":"https:\/\/matriculasdelmundo.com\/noticias\/wp-json\/wp\/v2\/categories?post=266"},{"taxonomy":"post_tag","embeddable":true,"href":"https:\/\/matriculasdelmundo.com\/noticias\/wp-json\/wp\/v2\/tags?post=266"}],"curies":[{"name":"wp","href":"https:\/\/api.w.org\/{rel}","templated":true}]}}