{"id":255,"date":"2018-11-06T20:32:36","date_gmt":"2018-11-06T19:32:36","guid":{"rendered":"http:\/\/matriculasdelmundo.com\/noticias\/?p=255"},"modified":"2018-11-06T20:45:01","modified_gmt":"2018-11-06T19:45:01","slug":"255","status":"publish","type":"post","link":"https:\/\/matriculasdelmundo.com\/noticias\/255\/","title":{"rendered":"Matr\u00edcula neutral de Transdniester"},"content":{"rendered":"<p>Tras conocer la noticia de que Ucrania dejar\u00eda de autorizar la circulaci\u00f3n de veh\u00edculos con matr\u00edculas ordinarias de <a href=\"http:\/\/matriculasdelmundo.com\/transnistria.html\">Transdniester<\/a> a comienzos del 2018, el gobierno moldavo y el del territorio comenzaron a buscar una soluci\u00f3n al respecto, que concluy\u00f3 el pasado 1 de septiembre, aceptando la creaci\u00f3n de una nueva matr\u00edcula, que entrar\u00eda en vigor el 10 de septiembre. Con esta matr\u00edcula, es posible viajar, de manera temporal, al extranjero&#8230;<!--more--><\/p>\n<figure id=\"attachment_256\" aria-describedby=\"caption-attachment-256\" style=\"width: 300px\" class=\"wp-caption aligncenter\"><img decoding=\"async\" class=\"size-medium wp-image-256 lazyload\" data-src=\"https:\/\/matriculasdelmundo.com\/noticias\/wp-content\/uploads\/2018\/11\/IMG_2179-300x200.jpg\" alt=\"\" width=\"300\" height=\"200\" data-srcset=\"https:\/\/matriculasdelmundo.com\/noticias\/wp-content\/uploads\/2018\/11\/IMG_2179-300x200.jpg 300w, https:\/\/matriculasdelmundo.com\/noticias\/wp-content\/uploads\/2018\/11\/IMG_2179-768x512.jpg 768w, https:\/\/matriculasdelmundo.com\/noticias\/wp-content\/uploads\/2018\/11\/IMG_2179-1024x683.jpg 1024w, https:\/\/matriculasdelmundo.com\/noticias\/wp-content\/uploads\/2018\/11\/IMG_2179.jpg 920w\" data-sizes=\"(max-width: 300px) 100vw, 300px\" src=\"data:image\/svg+xml;base64,PHN2ZyB3aWR0aD0iMSIgaGVpZ2h0PSIxIiB4bWxucz0iaHR0cDovL3d3dy53My5vcmcvMjAwMC9zdmciPjwvc3ZnPg==\" style=\"--smush-placeholder-width: 300px; --smush-placeholder-aspect-ratio: 300\/200;\" \/><figcaption id=\"caption-attachment-256\" class=\"wp-caption-text\">Nuevas <em>matr\u00edculas neutrales<\/em> utilizadas por el PRV para veh\u00edculos que vayan a viajar al extranjero. Fuente: mvdpmr.org<\/figcaption><\/figure>\n<p>El 1 de septiembre de 2018, tuvo lugar en Tiraspol, capital de <a href=\"http:\/\/matriculasdelmundo.com\/transnistria.html\">Transdniester<\/a> (o Transnistria), una reuni\u00f3n entre representantes de <a href=\"http:\/\/matriculasdelmundo.com\/moldovia.html\">Moldavia<\/a>, Transdniester, la OSCE, y otros mediadores y observadores. El motivo de la reuni\u00f3n fue la b\u00fasqueda de una soluci\u00f3n a que los residentes en la zona de Transdniester pudiesen circular por el extranjero, ya que en los pr\u00f3ximos meses Ucrania dejar\u00e1 de permitir la circulaci\u00f3n con las matr\u00edculas ordinarias est\u00e1ndar por sus carreteras, y por tanto, dejar\u00e1 de haber salida del peque\u00f1o territorio hacia el exterior al ser Ucrania su \u00fanica salida. Moldavia, al no reconocer a Transdniester como estado independiente, tampoco reconoce sus matr\u00edculas, ya que el gobierno moldavo emit\u00eda hasta el cambio de sistema de 2015, matr\u00edculas con el c\u00f3digo TS para Tiraspol.<\/p>\n<p>Esta matr\u00edcula, conocida como <em>matr\u00edcula neutral<\/em>, con un dise\u00f1o similar al moldavo utilizado entre 1992 y 2015 pero sin la franja azul a la izquierda, tiene una configuraci\u00f3n muy b\u00e1sica y sencilla, consistente en caracteres negros sobre fondo blanco, careciendo de todo tipo de s\u00edmbolos o logos en la matr\u00edcula. Adem\u00e1s, para que sea v\u00e1lida la circulaci\u00f3n de dicho veh\u00edculo en el extranjero, es <strong>necesario<\/strong> que \u00e9ste porte el <a href=\"http:\/\/matriculasdelmundo.com\/oval.php\"><strong>c\u00f3digo oval<\/strong><\/a> moldavo <strong>MD<\/strong>.<\/p>\n<p>Para conseguir esta matr\u00edcula, es necesario pedirla en el Punto de Registro de Veh\u00edculos (PRV), y tiene funci\u00f3n por un per\u00edodo temporal. La obtenci\u00f3n de la matr\u00edcula var\u00eda en funci\u00f3n de la disponibilidad de \u00e9stas por parte del PRV.<\/p>\n<figure style=\"width: 200px\" class=\"wp-caption aligncenter\"><a href=\"http:\/\/matriculasdelmundo.com\/moldovia.html\"><img decoding=\"async\" class=\"size-medium lazyload\" data-src=\"http:\/\/matriculasdelmundo.com\/matriculas\/todas\/transnistria\/ejPMR1A.png\" alt=\"Matr\u00edcula ordinaria de Transdniester\" width=\"200\" height=\"44\" src=\"data:image\/svg+xml;base64,PHN2ZyB3aWR0aD0iMSIgaGVpZ2h0PSIxIiB4bWxucz0iaHR0cDovL3d3dy53My5vcmcvMjAwMC9zdmciPjwvc3ZnPg==\" style=\"--smush-placeholder-width: 200px; --smush-placeholder-aspect-ratio: 200\/44;\" \/><\/a><figcaption class=\"wp-caption-text\"><em>Matr\u00edcula ordinaria Transdniester<\/em><\/figcaption><\/figure>\n<p><iframe width=\"560\" height=\"315\" data-src=\"https:\/\/www.youtube.com\/embed\/rXRcnZ-PxbU\" frameborder=\"0\" allow=\"accelerometer; autoplay; encrypted-media; gyroscope; picture-in-picture\" allowfullscreen src=\"data:image\/svg+xml;base64,PHN2ZyB3aWR0aD0iMSIgaGVpZ2h0PSIxIiB4bWxucz0iaHR0cDovL3d3dy53My5vcmcvMjAwMC9zdmciPjwvc3ZnPg==\" class=\"lazyload\" data-load-mode=\"1\"><\/iframe><\/p>\n<p><em>Fuente: Archivo oficial del gobierno de Transdniester: https:\/\/www.mvdpmr.org del 1 de septiembre de 2018<\/em><\/p>\n<p>M\u00e1s informaci\u00f3n sobre las matr\u00edculas de <a href=\"http:\/\/matriculasdelmundo.com\/moldovia.html\">Moldavia<\/a> y del territorio\u00a0<a href=\"http:\/\/matriculasdelmundo.com\/transnistria.html\">Transdniester<\/a><\/p>\n\n\n<div class=\"kk-star-ratings kksr-auto kksr-align-center kksr-valign-bottom\"\n    data-payload='{&quot;align&quot;:&quot;center&quot;,&quot;id&quot;:&quot;255&quot;,&quot;slug&quot;:&quot;default&quot;,&quot;valign&quot;:&quot;bottom&quot;,&quot;ignore&quot;:&quot;&quot;,&quot;reference&quot;:&quot;auto&quot;,&quot;class&quot;:&quot;&quot;,&quot;count&quot;:&quot;10&quot;,&quot;legendonly&quot;:&quot;&quot;,&quot;readonly&quot;:&quot;&quot;,&quot;score&quot;:&quot;3&quot;,&quot;starsonly&quot;:&quot;&quot;,&quot;best&quot;:&quot;5&quot;,&quot;gap&quot;:&quot;5&quot;,&quot;greet&quot;:&quot;Punt\u00faalo post&quot;,&quot;legend&quot;:&quot;3\\\/5 - (10 votos)&quot;,&quot;size&quot;:&quot;18&quot;,&quot;title&quot;:&quot;Matr\u00edcula neutral de Transdniester&quot;,&quot;width&quot;:&quot;66.5&quot;,&quot;_legend&quot;:&quot;{score}\\\/{best} - ({count} {votes})&quot;,&quot;font_factor&quot;:&quot;1.25&quot;}'>\n            \n<div class=\"kksr-stars\">\n    \n<div class=\"kksr-stars-inactive\">\n            <div class=\"kksr-star\" data-star=\"1\" style=\"padding-right: 5px\">\n            \n\n<div class=\"kksr-icon\" style=\"width: 18px; height: 18px;\"><\/div>\n        <\/div>\n            <div class=\"kksr-star\" data-star=\"2\" style=\"padding-right: 5px\">\n            \n\n<div class=\"kksr-icon\" style=\"width: 18px; height: 18px;\"><\/div>\n        <\/div>\n            <div class=\"kksr-star\" data-star=\"3\" style=\"padding-right: 5px\">\n            \n\n<div class=\"kksr-icon\" style=\"width: 18px; height: 18px;\"><\/div>\n        <\/div>\n            <div class=\"kksr-star\" data-star=\"4\" style=\"padding-right: 5px\">\n            \n\n<div class=\"kksr-icon\" style=\"width: 18px; height: 18px;\"><\/div>\n        <\/div>\n            <div class=\"kksr-star\" data-star=\"5\" style=\"padding-right: 5px\">\n            \n\n<div class=\"kksr-icon\" style=\"width: 18px; height: 18px;\"><\/div>\n        <\/div>\n    <\/div>\n    \n<div class=\"kksr-stars-active\" style=\"width: 66.5px;\">\n            <div class=\"kksr-star\" style=\"padding-right: 5px\">\n            \n\n<div class=\"kksr-icon\" style=\"width: 18px; height: 18px;\"><\/div>\n        <\/div>\n            <div class=\"kksr-star\" style=\"padding-right: 5px\">\n            \n\n<div class=\"kksr-icon\" style=\"width: 18px; height: 18px;\"><\/div>\n        <\/div>\n            <div class=\"kksr-star\" style=\"padding-right: 5px\">\n            \n\n<div class=\"kksr-icon\" style=\"width: 18px; height: 18px;\"><\/div>\n        <\/div>\n            <div class=\"kksr-star\" style=\"padding-right: 5px\">\n            \n\n<div class=\"kksr-icon\" style=\"width: 18px; height: 18px;\"><\/div>\n        <\/div>\n            <div class=\"kksr-star\" style=\"padding-right: 5px\">\n            \n\n<div class=\"kksr-icon\" style=\"width: 18px; height: 18px;\"><\/div>\n        <\/div>\n    <\/div>\n<\/div>\n                \n\n<div class=\"kksr-legend\" style=\"font-size: 14.4px;\">\n            3\/5 - (10 votos)    <\/div>\n    <\/div>\n","protected":false},"excerpt":{"rendered":"<p>Tras conocer la noticia de que Ucrania dejar\u00eda de autorizar la circulaci\u00f3n de veh\u00edculos con matr\u00edculas ordinarias de Transdniester a comienzos del 2018, el gobierno moldavo y el del territorio comenzaron a buscar una soluci\u00f3n al respecto, que concluy\u00f3 el pasado 1 de septiembre, aceptando la creaci\u00f3n de una nueva matr\u00edcula, que entrar\u00eda en vigor&hellip;&nbsp;<a href=\"https:\/\/matriculasdelmundo.com\/noticias\/255\/\" rel=\"bookmark\">Leer m\u00e1s &raquo;<span class=\"screen-reader-text\">Matr\u00edcula neutral de Transdniester<\/span><\/a><\/p>\n","protected":false},"author":1,"featured_media":256,"comment_status":"open","ping_status":"open","sticky":false,"template":"","format":"standard","meta":{"neve_meta_sidebar":"","neve_meta_container":"","neve_meta_enable_content_width":"","neve_meta_content_width":0,"neve_meta_title_alignment":"","neve_meta_author_avatar":"","neve_post_elements_order":"","neve_meta_disable_header":"","neve_meta_disable_footer":"","neve_meta_disable_title":"","footnotes":""},"categories":[81,98,108],"tags":[99,47,109,110],"class_list":["post-255","post","type-post","status-publish","format-standard","has-post-thumbnail","hentry","category-noticias-de-matriculas-de-europa","category-moldavia","category-transdniester","tag-moldavia","tag-nuevamatricula","tag-transdniester","tag-viajar-al-extranjero"],"yoast_head":"<!-- This site is optimized with the Yoast SEO plugin v27.5 - https:\/\/yoast.com\/product\/yoast-seo-wordpress\/ -->\n<title>Matr\u00edcula neutral de Transdniester - Noticias de matr\u00edculas del mundo<\/title>\n<meta name=\"description\" content=\"Tras conocer la noticia de que Ucrania dejar\u00eda de autorizar la circulaci\u00f3n de veh\u00edculos con matr\u00edculas ordinarias de Transdniester a comienzos del 2018,\" \/>\n<meta name=\"robots\" content=\"index, follow, max-snippet:-1, max-image-preview:large, max-video-preview:-1\" \/>\n<link rel=\"canonical\" href=\"https:\/\/matriculasdelmundo.com\/noticias\/255\/\" \/>\n<meta property=\"og:locale\" content=\"es_ES\" \/>\n<meta property=\"og:type\" content=\"article\" \/>\n<meta property=\"og:title\" content=\"Matr\u00edcula neutral de Transdniester - Noticias de matr\u00edculas del mundo\" \/>\n<meta property=\"og:description\" content=\"Tras conocer la noticia de que Ucrania dejar\u00eda de autorizar la circulaci\u00f3n de veh\u00edculos con matr\u00edculas ordinarias de Transdniester a comienzos del 2018,\" \/>\n<meta property=\"og:url\" content=\"https:\/\/matriculasdelmundo.com\/noticias\/255\/\" \/>\n<meta property=\"og:site_name\" content=\"Noticias de matr\u00edculas del mundo\" \/>\n<meta property=\"article:publisher\" content=\"https:\/\/www.facebook.com\/matriculasdelmundo\/\" \/>\n<meta property=\"article:published_time\" content=\"2018-11-06T19:32:36+00:00\" \/>\n<meta property=\"article:modified_time\" content=\"2018-11-06T19:45:01+00:00\" \/>\n<meta property=\"og:image\" content=\"https:\/\/matriculasdelmundo.com\/noticias\/wp-content\/uploads\/2018\/11\/IMG_2179.jpg\" \/>\n\t<meta property=\"og:image:width\" content=\"920\" \/>\n\t<meta property=\"og:image:height\" content=\"613\" \/>\n\t<meta property=\"og:image:type\" content=\"image\/jpeg\" \/>\n<meta name=\"author\" content=\"Matriculasdelmundo\" \/>\n<meta name=\"twitter:card\" content=\"summary_large_image\" \/>\n<meta name=\"twitter:creator\" content=\"@matriculasdm\" \/>\n<meta name=\"twitter:site\" content=\"@matriculasdm\" \/>\n<meta name=\"twitter:label1\" content=\"Escrito por\" \/>\n\t<meta name=\"twitter:data1\" content=\"Matriculasdelmundo\" \/>\n\t<meta name=\"twitter:label2\" content=\"Tiempo de lectura\" \/>\n\t<meta name=\"twitter:data2\" content=\"2 minutos\" \/>\n<script type=\"application\/ld+json\" class=\"yoast-schema-graph\">{\"@context\":\"https:\\\/\\\/schema.org\",\"@graph\":[{\"@type\":\"Article\",\"@id\":\"https:\\\/\\\/matriculasdelmundo.com\\\/noticias\\\/255\\\/#article\",\"isPartOf\":{\"@id\":\"https:\\\/\\\/matriculasdelmundo.com\\\/noticias\\\/255\\\/\"},\"author\":{\"name\":\"Matriculasdelmundo\",\"@id\":\"https:\\\/\\\/matriculasdelmundo.com\\\/noticias\\\/#\\\/schema\\\/person\\\/91e4edcb4c5c7a2e9f6d5f83d116aa90\"},\"headline\":\"Matr\u00edcula neutral de Transdniester\",\"datePublished\":\"2018-11-06T19:32:36+00:00\",\"dateModified\":\"2018-11-06T19:45:01+00:00\",\"mainEntityOfPage\":{\"@id\":\"https:\\\/\\\/matriculasdelmundo.com\\\/noticias\\\/255\\\/\"},\"wordCount\":413,\"commentCount\":1,\"publisher\":{\"@id\":\"https:\\\/\\\/matriculasdelmundo.com\\\/noticias\\\/#organization\"},\"image\":{\"@id\":\"https:\\\/\\\/matriculasdelmundo.com\\\/noticias\\\/255\\\/#primaryimage\"},\"thumbnailUrl\":\"https:\\\/\\\/matriculasdelmundo.com\\\/noticias\\\/wp-content\\\/uploads\\\/2018\\\/11\\\/IMG_2179.jpg\",\"keywords\":[\"Moldavia\",\"nuevamatricula\",\"Transdniester\",\"viajar al extranjero\"],\"articleSection\":[\"Europa\",\"Moldavia\",\"Transdniester\"],\"inLanguage\":\"es\",\"potentialAction\":[{\"@type\":\"CommentAction\",\"name\":\"Comment\",\"target\":[\"https:\\\/\\\/matriculasdelmundo.com\\\/noticias\\\/255\\\/#respond\"]}]},{\"@type\":\"WebPage\",\"@id\":\"https:\\\/\\\/matriculasdelmundo.com\\\/noticias\\\/255\\\/\",\"url\":\"https:\\\/\\\/matriculasdelmundo.com\\\/noticias\\\/255\\\/\",\"name\":\"Matr\u00edcula neutral de Transdniester - Noticias de matr\u00edculas del mundo\",\"isPartOf\":{\"@id\":\"https:\\\/\\\/matriculasdelmundo.com\\\/noticias\\\/#website\"},\"primaryImageOfPage\":{\"@id\":\"https:\\\/\\\/matriculasdelmundo.com\\\/noticias\\\/255\\\/#primaryimage\"},\"image\":{\"@id\":\"https:\\\/\\\/matriculasdelmundo.com\\\/noticias\\\/255\\\/#primaryimage\"},\"thumbnailUrl\":\"https:\\\/\\\/matriculasdelmundo.com\\\/noticias\\\/wp-content\\\/uploads\\\/2018\\\/11\\\/IMG_2179.jpg\",\"datePublished\":\"2018-11-06T19:32:36+00:00\",\"dateModified\":\"2018-11-06T19:45:01+00:00\",\"description\":\"Tras conocer la noticia de que Ucrania dejar\u00eda de autorizar la circulaci\u00f3n de veh\u00edculos con matr\u00edculas ordinarias de Transdniester a comienzos del 2018,\",\"breadcrumb\":{\"@id\":\"https:\\\/\\\/matriculasdelmundo.com\\\/noticias\\\/255\\\/#breadcrumb\"},\"inLanguage\":\"es\",\"potentialAction\":[{\"@type\":\"ReadAction\",\"target\":[\"https:\\\/\\\/matriculasdelmundo.com\\\/noticias\\\/255\\\/\"]}]},{\"@type\":\"ImageObject\",\"inLanguage\":\"es\",\"@id\":\"https:\\\/\\\/matriculasdelmundo.com\\\/noticias\\\/255\\\/#primaryimage\",\"url\":\"https:\\\/\\\/matriculasdelmundo.com\\\/noticias\\\/wp-content\\\/uploads\\\/2018\\\/11\\\/IMG_2179.jpg\",\"contentUrl\":\"https:\\\/\\\/matriculasdelmundo.com\\\/noticias\\\/wp-content\\\/uploads\\\/2018\\\/11\\\/IMG_2179.jpg\",\"width\":920,\"height\":613,\"caption\":\"Nuevas matr\u00edculas neutras utilizadas por Transdniester para viajar al extranjero. Fuente: mvdpmr.org\"},{\"@type\":\"BreadcrumbList\",\"@id\":\"https:\\\/\\\/matriculasdelmundo.com\\\/noticias\\\/255\\\/#breadcrumb\",\"itemListElement\":[{\"@type\":\"ListItem\",\"position\":1,\"name\":\"Portada\",\"item\":\"https:\\\/\\\/matriculasdelmundo.com\\\/noticias\\\/\"},{\"@type\":\"ListItem\",\"position\":2,\"name\":\"Matr\u00edcula neutral de Transdniester\"}]},{\"@type\":\"WebSite\",\"@id\":\"https:\\\/\\\/matriculasdelmundo.com\\\/noticias\\\/#website\",\"url\":\"https:\\\/\\\/matriculasdelmundo.com\\\/noticias\\\/\",\"name\":\"Noticias de matr\u00edculas del mundo\",\"description\":\"Descubre las \u00faltimas noticias sobre matriculas de coches de todos los pa\u00edses del mundo. Actualizado semanalmente\",\"publisher\":{\"@id\":\"https:\\\/\\\/matriculasdelmundo.com\\\/noticias\\\/#organization\"},\"potentialAction\":[{\"@type\":\"SearchAction\",\"target\":{\"@type\":\"EntryPoint\",\"urlTemplate\":\"https:\\\/\\\/matriculasdelmundo.com\\\/noticias\\\/?s={search_term_string}\"},\"query-input\":{\"@type\":\"PropertyValueSpecification\",\"valueRequired\":true,\"valueName\":\"search_term_string\"}}],\"inLanguage\":\"es\"},{\"@type\":\"Organization\",\"@id\":\"https:\\\/\\\/matriculasdelmundo.com\\\/noticias\\\/#organization\",\"name\":\"Matriculasdelmundo.com\",\"url\":\"https:\\\/\\\/matriculasdelmundo.com\\\/noticias\\\/\",\"logo\":{\"@type\":\"ImageObject\",\"inLanguage\":\"es\",\"@id\":\"https:\\\/\\\/matriculasdelmundo.com\\\/noticias\\\/#\\\/schema\\\/logo\\\/image\\\/\",\"url\":\"https:\\\/\\\/matriculasdelmundo.com\\\/noticias\\\/wp-content\\\/uploads\\\/2017\\\/09\\\/logo2.png\",\"contentUrl\":\"https:\\\/\\\/matriculasdelmundo.com\\\/noticias\\\/wp-content\\\/uploads\\\/2017\\\/09\\\/logo2.png\",\"width\":100,\"height\":34,\"caption\":\"Matriculasdelmundo.com\"},\"image\":{\"@id\":\"https:\\\/\\\/matriculasdelmundo.com\\\/noticias\\\/#\\\/schema\\\/logo\\\/image\\\/\"},\"sameAs\":[\"https:\\\/\\\/www.facebook.com\\\/matriculasdelmundo\\\/\",\"https:\\\/\\\/x.com\\\/matriculasdm\",\"https:\\\/\\\/www.instagram.com\\\/matriculasdelmundo\\\/\"]},{\"@type\":\"Person\",\"@id\":\"https:\\\/\\\/matriculasdelmundo.com\\\/noticias\\\/#\\\/schema\\\/person\\\/91e4edcb4c5c7a2e9f6d5f83d116aa90\",\"name\":\"Matriculasdelmundo\",\"image\":{\"@type\":\"ImageObject\",\"inLanguage\":\"es\",\"@id\":\"https:\\\/\\\/secure.gravatar.com\\\/avatar\\\/83f1597276b4fd718af4e3dae5c073f1efc6ca190953128b5ef9ba5696cc5297?s=96&d=mm&r=g\",\"url\":\"https:\\\/\\\/secure.gravatar.com\\\/avatar\\\/83f1597276b4fd718af4e3dae5c073f1efc6ca190953128b5ef9ba5696cc5297?s=96&d=mm&r=g\",\"contentUrl\":\"https:\\\/\\\/secure.gravatar.com\\\/avatar\\\/83f1597276b4fd718af4e3dae5c073f1efc6ca190953128b5ef9ba5696cc5297?s=96&d=mm&r=g\",\"caption\":\"Matriculasdelmundo\"}}]}<\/script>\n<!-- \/ Yoast SEO plugin. -->","yoast_head_json":{"title":"Matr\u00edcula neutral de Transdniester - Noticias de matr\u00edculas del mundo","description":"Tras conocer la noticia de que Ucrania dejar\u00eda de autorizar la circulaci\u00f3n de veh\u00edculos con matr\u00edculas ordinarias de Transdniester a comienzos del 2018,","robots":{"index":"index","follow":"follow","max-snippet":"max-snippet:-1","max-image-preview":"max-image-preview:large","max-video-preview":"max-video-preview:-1"},"canonical":"https:\/\/matriculasdelmundo.com\/noticias\/255\/","og_locale":"es_ES","og_type":"article","og_title":"Matr\u00edcula neutral de Transdniester - Noticias de matr\u00edculas del mundo","og_description":"Tras conocer la noticia de que Ucrania dejar\u00eda de autorizar la circulaci\u00f3n de veh\u00edculos con matr\u00edculas ordinarias de Transdniester a comienzos del 2018,","og_url":"https:\/\/matriculasdelmundo.com\/noticias\/255\/","og_site_name":"Noticias de matr\u00edculas del mundo","article_publisher":"https:\/\/www.facebook.com\/matriculasdelmundo\/","article_published_time":"2018-11-06T19:32:36+00:00","article_modified_time":"2018-11-06T19:45:01+00:00","og_image":[{"width":920,"height":613,"url":"https:\/\/matriculasdelmundo.com\/noticias\/wp-content\/uploads\/2018\/11\/IMG_2179.jpg","type":"image\/jpeg"}],"author":"Matriculasdelmundo","twitter_card":"summary_large_image","twitter_creator":"@matriculasdm","twitter_site":"@matriculasdm","twitter_misc":{"Escrito por":"Matriculasdelmundo","Tiempo de lectura":"2 minutos"},"schema":{"@context":"https:\/\/schema.org","@graph":[{"@type":"Article","@id":"https:\/\/matriculasdelmundo.com\/noticias\/255\/#article","isPartOf":{"@id":"https:\/\/matriculasdelmundo.com\/noticias\/255\/"},"author":{"name":"Matriculasdelmundo","@id":"https:\/\/matriculasdelmundo.com\/noticias\/#\/schema\/person\/91e4edcb4c5c7a2e9f6d5f83d116aa90"},"headline":"Matr\u00edcula neutral de Transdniester","datePublished":"2018-11-06T19:32:36+00:00","dateModified":"2018-11-06T19:45:01+00:00","mainEntityOfPage":{"@id":"https:\/\/matriculasdelmundo.com\/noticias\/255\/"},"wordCount":413,"commentCount":1,"publisher":{"@id":"https:\/\/matriculasdelmundo.com\/noticias\/#organization"},"image":{"@id":"https:\/\/matriculasdelmundo.com\/noticias\/255\/#primaryimage"},"thumbnailUrl":"https:\/\/matriculasdelmundo.com\/noticias\/wp-content\/uploads\/2018\/11\/IMG_2179.jpg","keywords":["Moldavia","nuevamatricula","Transdniester","viajar al extranjero"],"articleSection":["Europa","Moldavia","Transdniester"],"inLanguage":"es","potentialAction":[{"@type":"CommentAction","name":"Comment","target":["https:\/\/matriculasdelmundo.com\/noticias\/255\/#respond"]}]},{"@type":"WebPage","@id":"https:\/\/matriculasdelmundo.com\/noticias\/255\/","url":"https:\/\/matriculasdelmundo.com\/noticias\/255\/","name":"Matr\u00edcula neutral de Transdniester - Noticias de matr\u00edculas del mundo","isPartOf":{"@id":"https:\/\/matriculasdelmundo.com\/noticias\/#website"},"primaryImageOfPage":{"@id":"https:\/\/matriculasdelmundo.com\/noticias\/255\/#primaryimage"},"image":{"@id":"https:\/\/matriculasdelmundo.com\/noticias\/255\/#primaryimage"},"thumbnailUrl":"https:\/\/matriculasdelmundo.com\/noticias\/wp-content\/uploads\/2018\/11\/IMG_2179.jpg","datePublished":"2018-11-06T19:32:36+00:00","dateModified":"2018-11-06T19:45:01+00:00","description":"Tras conocer la noticia de que Ucrania dejar\u00eda de autorizar la circulaci\u00f3n de veh\u00edculos con matr\u00edculas ordinarias de Transdniester a comienzos del 2018,","breadcrumb":{"@id":"https:\/\/matriculasdelmundo.com\/noticias\/255\/#breadcrumb"},"inLanguage":"es","potentialAction":[{"@type":"ReadAction","target":["https:\/\/matriculasdelmundo.com\/noticias\/255\/"]}]},{"@type":"ImageObject","inLanguage":"es","@id":"https:\/\/matriculasdelmundo.com\/noticias\/255\/#primaryimage","url":"https:\/\/matriculasdelmundo.com\/noticias\/wp-content\/uploads\/2018\/11\/IMG_2179.jpg","contentUrl":"https:\/\/matriculasdelmundo.com\/noticias\/wp-content\/uploads\/2018\/11\/IMG_2179.jpg","width":920,"height":613,"caption":"Nuevas matr\u00edculas neutras utilizadas por Transdniester para viajar al extranjero. Fuente: mvdpmr.org"},{"@type":"BreadcrumbList","@id":"https:\/\/matriculasdelmundo.com\/noticias\/255\/#breadcrumb","itemListElement":[{"@type":"ListItem","position":1,"name":"Portada","item":"https:\/\/matriculasdelmundo.com\/noticias\/"},{"@type":"ListItem","position":2,"name":"Matr\u00edcula neutral de Transdniester"}]},{"@type":"WebSite","@id":"https:\/\/matriculasdelmundo.com\/noticias\/#website","url":"https:\/\/matriculasdelmundo.com\/noticias\/","name":"Noticias de matr\u00edculas del mundo","description":"Descubre las \u00faltimas noticias sobre matriculas de coches de todos los pa\u00edses del mundo. Actualizado semanalmente","publisher":{"@id":"https:\/\/matriculasdelmundo.com\/noticias\/#organization"},"potentialAction":[{"@type":"SearchAction","target":{"@type":"EntryPoint","urlTemplate":"https:\/\/matriculasdelmundo.com\/noticias\/?s={search_term_string}"},"query-input":{"@type":"PropertyValueSpecification","valueRequired":true,"valueName":"search_term_string"}}],"inLanguage":"es"},{"@type":"Organization","@id":"https:\/\/matriculasdelmundo.com\/noticias\/#organization","name":"Matriculasdelmundo.com","url":"https:\/\/matriculasdelmundo.com\/noticias\/","logo":{"@type":"ImageObject","inLanguage":"es","@id":"https:\/\/matriculasdelmundo.com\/noticias\/#\/schema\/logo\/image\/","url":"https:\/\/matriculasdelmundo.com\/noticias\/wp-content\/uploads\/2017\/09\/logo2.png","contentUrl":"https:\/\/matriculasdelmundo.com\/noticias\/wp-content\/uploads\/2017\/09\/logo2.png","width":100,"height":34,"caption":"Matriculasdelmundo.com"},"image":{"@id":"https:\/\/matriculasdelmundo.com\/noticias\/#\/schema\/logo\/image\/"},"sameAs":["https:\/\/www.facebook.com\/matriculasdelmundo\/","https:\/\/x.com\/matriculasdm","https:\/\/www.instagram.com\/matriculasdelmundo\/"]},{"@type":"Person","@id":"https:\/\/matriculasdelmundo.com\/noticias\/#\/schema\/person\/91e4edcb4c5c7a2e9f6d5f83d116aa90","name":"Matriculasdelmundo","image":{"@type":"ImageObject","inLanguage":"es","@id":"https:\/\/secure.gravatar.com\/avatar\/83f1597276b4fd718af4e3dae5c073f1efc6ca190953128b5ef9ba5696cc5297?s=96&d=mm&r=g","url":"https:\/\/secure.gravatar.com\/avatar\/83f1597276b4fd718af4e3dae5c073f1efc6ca190953128b5ef9ba5696cc5297?s=96&d=mm&r=g","contentUrl":"https:\/\/secure.gravatar.com\/avatar\/83f1597276b4fd718af4e3dae5c073f1efc6ca190953128b5ef9ba5696cc5297?s=96&d=mm&r=g","caption":"Matriculasdelmundo"}}]}},"_links":{"self":[{"href":"https:\/\/matriculasdelmundo.com\/noticias\/wp-json\/wp\/v2\/posts\/255","targetHints":{"allow":["GET"]}}],"collection":[{"href":"https:\/\/matriculasdelmundo.com\/noticias\/wp-json\/wp\/v2\/posts"}],"about":[{"href":"https:\/\/matriculasdelmundo.com\/noticias\/wp-json\/wp\/v2\/types\/post"}],"author":[{"embeddable":true,"href":"https:\/\/matriculasdelmundo.com\/noticias\/wp-json\/wp\/v2\/users\/1"}],"replies":[{"embeddable":true,"href":"https:\/\/matriculasdelmundo.com\/noticias\/wp-json\/wp\/v2\/comments?post=255"}],"version-history":[{"count":6,"href":"https:\/\/matriculasdelmundo.com\/noticias\/wp-json\/wp\/v2\/posts\/255\/revisions"}],"predecessor-version":[{"id":264,"href":"https:\/\/matriculasdelmundo.com\/noticias\/wp-json\/wp\/v2\/posts\/255\/revisions\/264"}],"wp:featuredmedia":[{"embeddable":true,"href":"https:\/\/matriculasdelmundo.com\/noticias\/wp-json\/wp\/v2\/media\/256"}],"wp:attachment":[{"href":"https:\/\/matriculasdelmundo.com\/noticias\/wp-json\/wp\/v2\/media?parent=255"}],"wp:term":[{"taxonomy":"category","embeddable":true,"href":"https:\/\/matriculasdelmundo.com\/noticias\/wp-json\/wp\/v2\/categories?post=255"},{"taxonomy":"post_tag","embeddable":true,"href":"https:\/\/matriculasdelmundo.com\/noticias\/wp-json\/wp\/v2\/tags?post=255"}],"curies":[{"name":"wp","href":"https:\/\/api.w.org\/{rel}","templated":true}]}}