{"id":1546,"date":"2026-03-17T20:50:13","date_gmt":"2026-03-17T19:50:13","guid":{"rendered":"https:\/\/matriculasdelmundo.com\/noticias\/?p=1546"},"modified":"2026-03-17T20:50:16","modified_gmt":"2026-03-17T19:50:16","slug":"gibraltar-placas-personalizadas-g-less","status":"publish","type":"post","link":"https:\/\/matriculasdelmundo.com\/noticias\/gibraltar-placas-personalizadas-g-less\/","title":{"rendered":"Gibraltar lanza las nuevas placas personalizadas \u201cG-less\u201d para veh\u00edculos"},"content":{"rendered":"\n<p><strong><a href=\"http:\/\/matriculasdelmundo.com\/gibraltar.html\">Gibraltar<\/a>, 11 de diciembre de 2025<\/strong> \u2013 El Gobierno de Gibraltar anuncia el lanzamiento de las nuevas <strong>placas de matr\u00edcula personalizadas \u201cG-less\u201d<\/strong>, disponibles a trav\u00e9s del portal oficial <a href=\"http:\/\/www.personalisedplates.gov.gi\" type=\"link\" id=\"www.personalisedplates.gov.gi\" target=\"_blank\" rel=\"noreferrer noopener nofollow\">www.personalisedplates.gov.gi<\/a>. Estas placas permiten a los propietarios de veh\u00edculos dise\u00f1ar <strong>combinaciones \u00fanicas de letras y n\u00fameros<\/strong>, ofreciendo <strong>exclusividad y prestigio<\/strong> tanto a conductores locales como internacionales.<\/p>\n\n\n\n<p>Para garantizar claridad y evitar confusiones, <strong>ciertos caracteres (\u201cI\u201d, \u201cO\u201d, \u201cQ\u201d, \u201cS\u201d y \u201cZ\u201d) no estar\u00e1n disponibles<\/strong> en las placas personalizadas. Adem\u00e1s, el Gobierno ha reservado una selecci\u00f3n <strong>ultra-premium<\/strong> que ser\u00e1 <strong>subastada a partir del segundo trimestre de 2026<\/strong>, dirigida a <strong>coleccionistas y entusiastas de autom\u00f3viles de alto nivel<\/strong>.<\/p>\n\n\n<div class=\"wp-block-image\">\n<figure class=\"aligncenter size-large\"><img decoding=\"async\" width=\"1024\" height=\"683\" data-src=\"https:\/\/matriculasdelmundo.com\/noticias\/wp-content\/uploads\/2026\/03\/ferrari-gibraltar-matricula-personalizada-GBZ-1024x683.jpg\" alt=\"Ferrari Purosangue con matr\u00edcula personalizada G-less de Gibraltar\" class=\"wp-image-1561 lazyload\" data-srcset=\"https:\/\/matriculasdelmundo.com\/noticias\/wp-content\/uploads\/2026\/03\/ferrari-gibraltar-matricula-personalizada-GBZ-1024x683.jpg 1024w, https:\/\/matriculasdelmundo.com\/noticias\/wp-content\/uploads\/2026\/03\/ferrari-gibraltar-matricula-personalizada-GBZ-300x200.jpg 300w, https:\/\/matriculasdelmundo.com\/noticias\/wp-content\/uploads\/2026\/03\/ferrari-gibraltar-matricula-personalizada-GBZ-768x512.jpg 768w, https:\/\/matriculasdelmundo.com\/noticias\/wp-content\/uploads\/2026\/03\/ferrari-gibraltar-matricula-personalizada-GBZ-930x620.jpg 930w, https:\/\/matriculasdelmundo.com\/noticias\/wp-content\/uploads\/2026\/03\/ferrari-gibraltar-matricula-personalizada-GBZ.jpg 1536w\" data-sizes=\"(max-width: 1024px) 100vw, 1024px\" src=\"data:image\/svg+xml;base64,PHN2ZyB3aWR0aD0iMSIgaGVpZ2h0PSIxIiB4bWxucz0iaHR0cDovL3d3dy53My5vcmcvMjAwMC9zdmciPjwvc3ZnPg==\" style=\"--smush-placeholder-width: 1024px; --smush-placeholder-aspect-ratio: 1024\/683;\" \/><figcaption class=\"wp-element-caption\">Ferrari Purosangue gris con <strong>matr\u00edcula personalizada G-less <\/strong>de Gibraltar<\/figcaption><\/figure>\n<\/div>\n\n\n<h2 class=\"wp-block-heading\">Precios de las placas personalizadas \u201cG-less\u201d<\/h2>\n\n\n\n<p><strong>Combinaciones de letras y n\u00fameros:<\/strong><\/p>\n\n\n\n<ul class=\"wp-block-list\">\n<li><strong>1 letra:<\/strong> \u00a350,000<\/li>\n\n\n\n<li><strong>1 letra + 1 d\u00edgito:<\/strong> \u00a320,000<\/li>\n\n\n\n<li><strong>2 letras:<\/strong> \u00a320,000<\/li>\n\n\n\n<li><strong>Combinaciones de hasta 4 letras y 4 d\u00edgitos:<\/strong> desde \u00a35,000 hasta \u00a310,000<\/li>\n\n\n\n<li><strong>Placas premium:<\/strong> precio seg\u00fan caso o subasta<\/li>\n<\/ul>\n\n\n\n<p><strong>Combinaciones solo con n\u00fameros:<\/strong><\/p>\n\n\n\n<ul class=\"wp-block-list\">\n<li><strong>1 d\u00edgito:<\/strong> \u00a350,000<\/li>\n\n\n\n<li><strong>2 d\u00edgitos:<\/strong> \u00a320,000<\/li>\n\n\n\n<li><strong>3 d\u00edgitos:<\/strong> \u00a310,000<\/li>\n\n\n\n<li><strong>4 y 5 d\u00edgitos:<\/strong> \u00a35,000<\/li>\n\n\n\n<li><strong>Placas premium:<\/strong> precio seg\u00fan caso o subasta<\/li>\n<\/ul>\n\n\n\n<p>En caso de <strong>reventa de una placa personalizada<\/strong>, el propietario deber\u00e1 pagar al organismo licenciante el <strong>10% de cualquier beneficio<\/strong>, garantizando que el Gobierno mantenga un inter\u00e9s econ\u00f3mico en futuras transferencias.<\/p>\n\n\n<div class=\"wp-block-image\">\n<figure class=\"aligncenter size-large\"><img decoding=\"async\" width=\"1024\" height=\"683\" data-src=\"https:\/\/matriculasdelmundo.com\/noticias\/wp-content\/uploads\/2026\/03\/precios-nuevas-matriculas-personalizada-gibraltar-gless-1024x683.jpg\" alt=\"Listado de precios de las matr\u00edculas personalizadas de Gibraltar\" class=\"wp-image-1562 lazyload\" data-srcset=\"https:\/\/matriculasdelmundo.com\/noticias\/wp-content\/uploads\/2026\/03\/precios-nuevas-matriculas-personalizada-gibraltar-gless-1024x683.jpg 1024w, https:\/\/matriculasdelmundo.com\/noticias\/wp-content\/uploads\/2026\/03\/precios-nuevas-matriculas-personalizada-gibraltar-gless-300x200.jpg 300w, https:\/\/matriculasdelmundo.com\/noticias\/wp-content\/uploads\/2026\/03\/precios-nuevas-matriculas-personalizada-gibraltar-gless-768x512.jpg 768w, https:\/\/matriculasdelmundo.com\/noticias\/wp-content\/uploads\/2026\/03\/precios-nuevas-matriculas-personalizada-gibraltar-gless-930x620.jpg 930w, https:\/\/matriculasdelmundo.com\/noticias\/wp-content\/uploads\/2026\/03\/precios-nuevas-matriculas-personalizada-gibraltar-gless.jpg 1536w\" data-sizes=\"(max-width: 1024px) 100vw, 1024px\" src=\"data:image\/svg+xml;base64,PHN2ZyB3aWR0aD0iMSIgaGVpZ2h0PSIxIiB4bWxucz0iaHR0cDovL3d3dy53My5vcmcvMjAwMC9zdmciPjwvc3ZnPg==\" style=\"--smush-placeholder-width: 1024px; --smush-placeholder-aspect-ratio: 1024\/683;\" \/><figcaption class=\"wp-element-caption\">Precio de las nuevas matr\u00edculas personalizadas de Gibraltar sin letra G<\/figcaption><\/figure>\n<\/div>\n\n\n<h2 class=\"wp-block-heading\">Declaraci\u00f3n del Ministro Principal<\/h2>\n\n\n\n<p>El Ministro Principal de Gibraltar. <strong>Fabian Picardo<\/strong>, declar\u00f3:<\/p>\n\n\n\n<blockquote class=\"wp-block-quote is-layout-flow wp-block-quote-is-layout-flow\">\n<p>\u201cEl Gobierno lanz\u00f3 las primeras placas personalizadas de <a href=\"http:\/\/matriculasdelmundo.com\/gibraltar.html\">Gibraltar <\/a>hace un a\u00f1o, recaudando hasta la fecha casi <strong>\u00a32 millones<\/strong>. La introducci\u00f3n de las placas \u2018G-less\u2019 representa una nueva oportunidad para que los conductores obtengan <strong>combinaciones \u00fanicas y exclusivas<\/strong>.\u201d<\/p>\n<\/blockquote>\n\n\n\n<h2 class=\"wp-block-heading\">Contexto del mercado de placas personalizadas en Gibraltar<\/h2>\n\n\n\n<p>Desde el <strong>lanzamiento de las placas \u201cG-less\u201d en diciembre de 2025<\/strong>, el Gobierno ha vendido <strong>76 matr\u00edculas por un valor total de \u00a31 mill\u00f3n<\/strong>, con la placa m\u00e1s cara siendo una \u201cG-less\u201d. La fase inicial del programa, con placas personalizadas con <strong>prefijo G<\/strong>, gener\u00f3 <strong>\u00a31.8 millones adicionales<\/strong>.<\/p>\n\n\n\n<p>El Gobierno tambi\u00e9n ha invitado a presentar <strong>expresiones de inter\u00e9s<\/strong> para la concesi\u00f3n exclusiva de marketing y venta de <strong>placas ultra-premium<\/strong>, buscando <strong>maximizar los ingresos p\u00fablicos<\/strong> y <strong>preservar la reputaci\u00f3n internacional<\/strong> del programa de matr\u00edculas de Gibraltar. Entre las combinaciones m\u00e1s codiciadas se incluyen: <strong>1, A, F1, P1, 007, 911, V12, VIP, BOND, JB1, JB007, AMG, AMG63, BMW<\/strong>, y otras similares para <strong>coleccionistas internacionales<\/strong>.<\/p>\n\n\n\n<p>Las <strong>placas personalizadas \u201cG-less\u201d<\/strong> de Gibraltar ofrecen una oportunidad \u00fanica para que los propietarios de veh\u00edculos creen <strong>combinaciones distintivas<\/strong>, manteniendo <strong>exclusividad, prestigio y valor econ\u00f3mico<\/strong> en el mercado local e internacional.<\/p>\n\n\n\n<h2 class=\"wp-block-heading\">Preguntas frecuentes (FAQ)<\/h2>\n\n\n\n<p><strong>1. \u00bfC\u00f3mo puedo solicitar una placa personalizada \u201cG-less\u201d?<\/strong><br>Puedes solicitar tu placa directamente a trav\u00e9s del portal oficial: <a href=\"http:\/\/www.personalisedplates.gov.gi\" target=\"_blank\" rel=\"noreferrer noopener nofollow\">www.personalisedplates.gov.gi<\/a>. Se pueden elegir combinaciones de letras y n\u00fameros seg\u00fan disponibilidad y precio.<\/p>\n\n\n\n<p><strong>2. \u00bfQu\u00e9 caracteres no est\u00e1n permitidos en las placas \u201cG-less\u201d?<\/strong><br>Los caracteres <strong>\u201cI\u201d, \u201cO\u201d, \u201cQ\u201d, \u201cS\u201d y \u201cZ\u201d<\/strong> est\u00e1n reservados y no se pueden usar para evitar confusiones visuales.<\/p>\n\n\n\n<p><strong>3. \u00bfQu\u00e9 pasa si vendo mi placa personalizada en el futuro?<\/strong><br>El propietario debe pagar el <strong>10% de cualquier beneficio<\/strong> al organismo licenciante, asegurando que el Gobierno mantenga un inter\u00e9s econ\u00f3mico en la reventa.<\/p>\n\n\n\n<p><strong>4. \u00bfQu\u00e9 son las placas ultra-premium y c\u00f3mo se adquieren?<\/strong><br>Son combinaciones altamente codiciadas y exclusivas, disponibles solo mediante <strong>subasta<\/strong> o acuerdos especiales con el Gobierno de Gibraltar.<\/p>\n\n\n<div class=\"wp-block-image\">\n<figure class=\"aligncenter size-large\"><img decoding=\"async\" data-src=\"https:\/\/matriculasdelmundo.com\/matriculas\/todas\/gibraltar\/banner-matriculas-gibraltar-penon-renault.jpg\" alt=\"Renault Trafic en lo alto del Pe\u00f1\u00f3n de Gibraltar viendo Espa\u00f1a y Marruecos\" src=\"data:image\/svg+xml;base64,PHN2ZyB3aWR0aD0iMSIgaGVpZ2h0PSIxIiB4bWxucz0iaHR0cDovL3d3dy53My5vcmcvMjAwMC9zdmciPjwvc3ZnPg==\" class=\"lazyload\" \/><figcaption class=\"wp-element-caption\"><strong>Veh\u00edculo en lo alto del Pe\u00f1\u00f3n de Gibraltar <\/strong>con matr\u00edcula ordinaria no personalizada<\/figcaption><\/figure>\n<\/div>\n\n\n<h2 class=\"wp-block-heading\">M\u00e1s informaci\u00f3n<\/h2>\n\n\n\n<p>Puedes consultar m\u00e1s informaci\u00f3n sobre las matr\u00edculas de <strong>Gibraltar <\/strong>desde aqui: <a href=\"https:\/\/matriculasdelmundo.com\/gibraltar.html\" target=\"_blank\" rel=\"noreferrer noopener\">https:\/\/matriculasdelmundo.com\/gibraltar.html<\/a><\/p>\n\n\n\n<p><\/p>\n\n\n<div class=\"kk-star-ratings kksr-auto kksr-align-center kksr-valign-bottom\"\n    data-payload='{&quot;align&quot;:&quot;center&quot;,&quot;id&quot;:&quot;1546&quot;,&quot;slug&quot;:&quot;default&quot;,&quot;valign&quot;:&quot;bottom&quot;,&quot;ignore&quot;:&quot;&quot;,&quot;reference&quot;:&quot;auto&quot;,&quot;class&quot;:&quot;&quot;,&quot;count&quot;:&quot;0&quot;,&quot;legendonly&quot;:&quot;&quot;,&quot;readonly&quot;:&quot;&quot;,&quot;score&quot;:&quot;0&quot;,&quot;starsonly&quot;:&quot;&quot;,&quot;best&quot;:&quot;5&quot;,&quot;gap&quot;:&quot;5&quot;,&quot;greet&quot;:&quot;Punt\u00faalo post&quot;,&quot;legend&quot;:&quot;0\\\/5 - (0 votos)&quot;,&quot;size&quot;:&quot;18&quot;,&quot;title&quot;:&quot;Gibraltar lanza las nuevas placas personalizadas \u201cG-less\u201d para veh\u00edculos&quot;,&quot;width&quot;:&quot;0&quot;,&quot;_legend&quot;:&quot;{score}\\\/{best} - ({count} {votes})&quot;,&quot;font_factor&quot;:&quot;1.25&quot;}'>\n            \n<div class=\"kksr-stars\">\n    \n<div class=\"kksr-stars-inactive\">\n            <div class=\"kksr-star\" data-star=\"1\" style=\"padding-right: 5px\">\n            \n\n<div class=\"kksr-icon\" style=\"width: 18px; height: 18px;\"><\/div>\n        <\/div>\n            <div class=\"kksr-star\" data-star=\"2\" style=\"padding-right: 5px\">\n            \n\n<div class=\"kksr-icon\" style=\"width: 18px; height: 18px;\"><\/div>\n        <\/div>\n            <div class=\"kksr-star\" data-star=\"3\" style=\"padding-right: 5px\">\n            \n\n<div class=\"kksr-icon\" style=\"width: 18px; height: 18px;\"><\/div>\n        <\/div>\n            <div class=\"kksr-star\" data-star=\"4\" style=\"padding-right: 5px\">\n            \n\n<div class=\"kksr-icon\" style=\"width: 18px; height: 18px;\"><\/div>\n        <\/div>\n            <div class=\"kksr-star\" data-star=\"5\" style=\"padding-right: 5px\">\n            \n\n<div class=\"kksr-icon\" style=\"width: 18px; height: 18px;\"><\/div>\n        <\/div>\n    <\/div>\n    \n<div class=\"kksr-stars-active\" style=\"width: 0px;\">\n            <div class=\"kksr-star\" style=\"padding-right: 5px\">\n            \n\n<div class=\"kksr-icon\" style=\"width: 18px; height: 18px;\"><\/div>\n        <\/div>\n            <div class=\"kksr-star\" style=\"padding-right: 5px\">\n            \n\n<div class=\"kksr-icon\" style=\"width: 18px; height: 18px;\"><\/div>\n        <\/div>\n            <div class=\"kksr-star\" style=\"padding-right: 5px\">\n            \n\n<div class=\"kksr-icon\" style=\"width: 18px; height: 18px;\"><\/div>\n        <\/div>\n            <div class=\"kksr-star\" style=\"padding-right: 5px\">\n            \n\n<div class=\"kksr-icon\" style=\"width: 18px; height: 18px;\"><\/div>\n        <\/div>\n            <div class=\"kksr-star\" style=\"padding-right: 5px\">\n            \n\n<div class=\"kksr-icon\" style=\"width: 18px; height: 18px;\"><\/div>\n        <\/div>\n    <\/div>\n<\/div>\n                \n\n<div class=\"kksr-legend\" style=\"font-size: 14.4px;\">\n            <span class=\"kksr-muted\">Punt\u00faalo post<\/span>\n    <\/div>\n    <\/div>\n","protected":false},"excerpt":{"rendered":"<p>Gibraltar, 11 de diciembre de 2025 \u2013 El Gobierno de Gibraltar anuncia el lanzamiento de las nuevas placas de matr\u00edcula personalizadas \u201cG-less\u201d, disponibles a trav\u00e9s del portal oficial www.personalisedplates.gov.gi. Estas placas permiten a los propietarios de veh\u00edculos dise\u00f1ar combinaciones \u00fanicas de letras y n\u00fameros, ofreciendo exclusividad y prestigio tanto a conductores locales como internacionales. Para&hellip;&nbsp;<a href=\"https:\/\/matriculasdelmundo.com\/noticias\/gibraltar-placas-personalizadas-g-less\/\" rel=\"bookmark\">Leer m\u00e1s &raquo;<span class=\"screen-reader-text\">Gibraltar lanza las nuevas placas personalizadas \u201cG-less\u201d para veh\u00edculos<\/span><\/a><\/p>\n","protected":false},"author":1,"featured_media":1563,"comment_status":"open","ping_status":"open","sticky":false,"template":"","format":"standard","meta":{"neve_meta_sidebar":"","neve_meta_container":"","neve_meta_enable_content_width":"","neve_meta_content_width":0,"neve_meta_title_alignment":"","neve_meta_author_avatar":"","neve_post_elements_order":"","neve_meta_disable_header":"","neve_meta_disable_footer":"","neve_meta_disable_title":"","footnotes":""},"categories":[368],"tags":[363,354,369,9],"class_list":["post-1546","post","type-post","status-publish","format-standard","has-post-thumbnail","hentry","category-gibraltar","tag-363","tag-354","tag-gibraltar","tag-personalizada"],"yoast_head":"<!-- This site is optimized with the Yoast SEO plugin v27.5 - https:\/\/yoast.com\/product\/yoast-seo-wordpress\/ -->\n<title>Nuevas placas personalizadas Gibraltar \u201cG-less\u201d 2026<\/title>\n<meta name=\"description\" content=\"Descubre las nuevas placas personalizadas \u201cG-less\u201d en Gibraltar. Precios, combinaciones exclusivas y c\u00f3mo obtener tu matr\u00edcula \u00fanica.\" \/>\n<meta name=\"robots\" content=\"index, follow, max-snippet:-1, max-image-preview:large, max-video-preview:-1\" \/>\n<link rel=\"canonical\" href=\"https:\/\/matriculasdelmundo.com\/noticias\/gibraltar-placas-personalizadas-g-less\/\" \/>\n<meta property=\"og:locale\" content=\"es_ES\" \/>\n<meta property=\"og:type\" content=\"article\" \/>\n<meta property=\"og:title\" content=\"Nuevas placas personalizadas Gibraltar \u201cG-less\u201d 2026\" \/>\n<meta property=\"og:description\" content=\"Descubre las nuevas placas personalizadas \u201cG-less\u201d en Gibraltar. Precios, combinaciones exclusivas y c\u00f3mo obtener tu matr\u00edcula \u00fanica.\" \/>\n<meta property=\"og:url\" content=\"https:\/\/matriculasdelmundo.com\/noticias\/gibraltar-placas-personalizadas-g-less\/\" \/>\n<meta property=\"og:site_name\" content=\"Noticias de matr\u00edculas del mundo\" \/>\n<meta property=\"article:publisher\" content=\"https:\/\/www.facebook.com\/matriculasdelmundo\/\" \/>\n<meta property=\"article:published_time\" content=\"2026-03-17T19:50:13+00:00\" \/>\n<meta property=\"article:modified_time\" content=\"2026-03-17T19:50:16+00:00\" \/>\n<meta property=\"og:image\" content=\"https:\/\/matriculasdelmundo.com\/noticias\/wp-content\/uploads\/2026\/03\/Nuevas-matriculas-G-LESS-2026.jpg\" \/>\n\t<meta property=\"og:image:width\" content=\"1536\" \/>\n\t<meta property=\"og:image:height\" content=\"1024\" \/>\n\t<meta property=\"og:image:type\" content=\"image\/jpeg\" \/>\n<meta name=\"author\" content=\"Matriculasdelmundo\" \/>\n<meta name=\"twitter:card\" content=\"summary_large_image\" \/>\n<meta name=\"twitter:creator\" content=\"@matriculasdm\" \/>\n<meta name=\"twitter:site\" content=\"@matriculasdm\" \/>\n<meta name=\"twitter:label1\" content=\"Escrito por\" \/>\n\t<meta name=\"twitter:data1\" content=\"Matriculasdelmundo\" \/>\n\t<meta name=\"twitter:label2\" content=\"Tiempo de lectura\" \/>\n\t<meta name=\"twitter:data2\" content=\"4 minutos\" \/>\n<script type=\"application\/ld+json\" class=\"yoast-schema-graph\">{\"@context\":\"https:\\\/\\\/schema.org\",\"@graph\":[{\"@type\":\"Article\",\"@id\":\"https:\\\/\\\/matriculasdelmundo.com\\\/noticias\\\/gibraltar-placas-personalizadas-g-less\\\/#article\",\"isPartOf\":{\"@id\":\"https:\\\/\\\/matriculasdelmundo.com\\\/noticias\\\/gibraltar-placas-personalizadas-g-less\\\/\"},\"author\":{\"name\":\"Matriculasdelmundo\",\"@id\":\"https:\\\/\\\/matriculasdelmundo.com\\\/noticias\\\/#\\\/schema\\\/person\\\/91e4edcb4c5c7a2e9f6d5f83d116aa90\"},\"headline\":\"Gibraltar lanza las nuevas placas personalizadas \u201cG-less\u201d para veh\u00edculos\",\"datePublished\":\"2026-03-17T19:50:13+00:00\",\"dateModified\":\"2026-03-17T19:50:16+00:00\",\"mainEntityOfPage\":{\"@id\":\"https:\\\/\\\/matriculasdelmundo.com\\\/noticias\\\/gibraltar-placas-personalizadas-g-less\\\/\"},\"wordCount\":609,\"commentCount\":0,\"publisher\":{\"@id\":\"https:\\\/\\\/matriculasdelmundo.com\\\/noticias\\\/#organization\"},\"image\":{\"@id\":\"https:\\\/\\\/matriculasdelmundo.com\\\/noticias\\\/gibraltar-placas-personalizadas-g-less\\\/#primaryimage\"},\"thumbnailUrl\":\"https:\\\/\\\/matriculasdelmundo.com\\\/noticias\\\/wp-content\\\/uploads\\\/2026\\\/03\\\/Nuevas-matriculas-G-LESS-2026.jpg\",\"keywords\":[\"2025\",\"2026\",\"gibraltar\",\"personalizada\"],\"articleSection\":[\"Gibraltar\"],\"inLanguage\":\"es\",\"potentialAction\":[{\"@type\":\"CommentAction\",\"name\":\"Comment\",\"target\":[\"https:\\\/\\\/matriculasdelmundo.com\\\/noticias\\\/gibraltar-placas-personalizadas-g-less\\\/#respond\"]}]},{\"@type\":\"WebPage\",\"@id\":\"https:\\\/\\\/matriculasdelmundo.com\\\/noticias\\\/gibraltar-placas-personalizadas-g-less\\\/\",\"url\":\"https:\\\/\\\/matriculasdelmundo.com\\\/noticias\\\/gibraltar-placas-personalizadas-g-less\\\/\",\"name\":\"Nuevas placas personalizadas Gibraltar \u201cG-less\u201d 2026\",\"isPartOf\":{\"@id\":\"https:\\\/\\\/matriculasdelmundo.com\\\/noticias\\\/#website\"},\"primaryImageOfPage\":{\"@id\":\"https:\\\/\\\/matriculasdelmundo.com\\\/noticias\\\/gibraltar-placas-personalizadas-g-less\\\/#primaryimage\"},\"image\":{\"@id\":\"https:\\\/\\\/matriculasdelmundo.com\\\/noticias\\\/gibraltar-placas-personalizadas-g-less\\\/#primaryimage\"},\"thumbnailUrl\":\"https:\\\/\\\/matriculasdelmundo.com\\\/noticias\\\/wp-content\\\/uploads\\\/2026\\\/03\\\/Nuevas-matriculas-G-LESS-2026.jpg\",\"datePublished\":\"2026-03-17T19:50:13+00:00\",\"dateModified\":\"2026-03-17T19:50:16+00:00\",\"description\":\"Descubre las nuevas placas personalizadas \u201cG-less\u201d en Gibraltar. Precios, combinaciones exclusivas y c\u00f3mo obtener tu matr\u00edcula \u00fanica.\",\"breadcrumb\":{\"@id\":\"https:\\\/\\\/matriculasdelmundo.com\\\/noticias\\\/gibraltar-placas-personalizadas-g-less\\\/#breadcrumb\"},\"inLanguage\":\"es\",\"potentialAction\":[{\"@type\":\"ReadAction\",\"target\":[\"https:\\\/\\\/matriculasdelmundo.com\\\/noticias\\\/gibraltar-placas-personalizadas-g-less\\\/\"]}]},{\"@type\":\"ImageObject\",\"inLanguage\":\"es\",\"@id\":\"https:\\\/\\\/matriculasdelmundo.com\\\/noticias\\\/gibraltar-placas-personalizadas-g-less\\\/#primaryimage\",\"url\":\"https:\\\/\\\/matriculasdelmundo.com\\\/noticias\\\/wp-content\\\/uploads\\\/2026\\\/03\\\/Nuevas-matriculas-G-LESS-2026.jpg\",\"contentUrl\":\"https:\\\/\\\/matriculasdelmundo.com\\\/noticias\\\/wp-content\\\/uploads\\\/2026\\\/03\\\/Nuevas-matriculas-G-LESS-2026.jpg\",\"width\":1536,\"height\":1024,\"caption\":\"Portada de la noticia de las nuevas matr\u00edculas de Gibraltar\"},{\"@type\":\"BreadcrumbList\",\"@id\":\"https:\\\/\\\/matriculasdelmundo.com\\\/noticias\\\/gibraltar-placas-personalizadas-g-less\\\/#breadcrumb\",\"itemListElement\":[{\"@type\":\"ListItem\",\"position\":1,\"name\":\"Portada\",\"item\":\"https:\\\/\\\/matriculasdelmundo.com\\\/noticias\\\/\"},{\"@type\":\"ListItem\",\"position\":2,\"name\":\"Gibraltar lanza las nuevas placas personalizadas \u201cG-less\u201d para veh\u00edculos\"}]},{\"@type\":\"WebSite\",\"@id\":\"https:\\\/\\\/matriculasdelmundo.com\\\/noticias\\\/#website\",\"url\":\"https:\\\/\\\/matriculasdelmundo.com\\\/noticias\\\/\",\"name\":\"Noticias de matr\u00edculas del mundo\",\"description\":\"Descubre las \u00faltimas noticias sobre matriculas de coches de todos los pa\u00edses del mundo. Actualizado semanalmente\",\"publisher\":{\"@id\":\"https:\\\/\\\/matriculasdelmundo.com\\\/noticias\\\/#organization\"},\"potentialAction\":[{\"@type\":\"SearchAction\",\"target\":{\"@type\":\"EntryPoint\",\"urlTemplate\":\"https:\\\/\\\/matriculasdelmundo.com\\\/noticias\\\/?s={search_term_string}\"},\"query-input\":{\"@type\":\"PropertyValueSpecification\",\"valueRequired\":true,\"valueName\":\"search_term_string\"}}],\"inLanguage\":\"es\"},{\"@type\":\"Organization\",\"@id\":\"https:\\\/\\\/matriculasdelmundo.com\\\/noticias\\\/#organization\",\"name\":\"Matriculasdelmundo.com\",\"url\":\"https:\\\/\\\/matriculasdelmundo.com\\\/noticias\\\/\",\"logo\":{\"@type\":\"ImageObject\",\"inLanguage\":\"es\",\"@id\":\"https:\\\/\\\/matriculasdelmundo.com\\\/noticias\\\/#\\\/schema\\\/logo\\\/image\\\/\",\"url\":\"https:\\\/\\\/matriculasdelmundo.com\\\/noticias\\\/wp-content\\\/uploads\\\/2017\\\/09\\\/logo2.png\",\"contentUrl\":\"https:\\\/\\\/matriculasdelmundo.com\\\/noticias\\\/wp-content\\\/uploads\\\/2017\\\/09\\\/logo2.png\",\"width\":100,\"height\":34,\"caption\":\"Matriculasdelmundo.com\"},\"image\":{\"@id\":\"https:\\\/\\\/matriculasdelmundo.com\\\/noticias\\\/#\\\/schema\\\/logo\\\/image\\\/\"},\"sameAs\":[\"https:\\\/\\\/www.facebook.com\\\/matriculasdelmundo\\\/\",\"https:\\\/\\\/x.com\\\/matriculasdm\",\"https:\\\/\\\/www.instagram.com\\\/matriculasdelmundo\\\/\"]},{\"@type\":\"Person\",\"@id\":\"https:\\\/\\\/matriculasdelmundo.com\\\/noticias\\\/#\\\/schema\\\/person\\\/91e4edcb4c5c7a2e9f6d5f83d116aa90\",\"name\":\"Matriculasdelmundo\",\"image\":{\"@type\":\"ImageObject\",\"inLanguage\":\"es\",\"@id\":\"https:\\\/\\\/secure.gravatar.com\\\/avatar\\\/83f1597276b4fd718af4e3dae5c073f1efc6ca190953128b5ef9ba5696cc5297?s=96&d=mm&r=g\",\"url\":\"https:\\\/\\\/secure.gravatar.com\\\/avatar\\\/83f1597276b4fd718af4e3dae5c073f1efc6ca190953128b5ef9ba5696cc5297?s=96&d=mm&r=g\",\"contentUrl\":\"https:\\\/\\\/secure.gravatar.com\\\/avatar\\\/83f1597276b4fd718af4e3dae5c073f1efc6ca190953128b5ef9ba5696cc5297?s=96&d=mm&r=g\",\"caption\":\"Matriculasdelmundo\"}}]}<\/script>\n<!-- \/ Yoast SEO plugin. -->","yoast_head_json":{"title":"Nuevas placas personalizadas Gibraltar \u201cG-less\u201d 2026","description":"Descubre las nuevas placas personalizadas \u201cG-less\u201d en Gibraltar. Precios, combinaciones exclusivas y c\u00f3mo obtener tu matr\u00edcula \u00fanica.","robots":{"index":"index","follow":"follow","max-snippet":"max-snippet:-1","max-image-preview":"max-image-preview:large","max-video-preview":"max-video-preview:-1"},"canonical":"https:\/\/matriculasdelmundo.com\/noticias\/gibraltar-placas-personalizadas-g-less\/","og_locale":"es_ES","og_type":"article","og_title":"Nuevas placas personalizadas Gibraltar \u201cG-less\u201d 2026","og_description":"Descubre las nuevas placas personalizadas \u201cG-less\u201d en Gibraltar. Precios, combinaciones exclusivas y c\u00f3mo obtener tu matr\u00edcula \u00fanica.","og_url":"https:\/\/matriculasdelmundo.com\/noticias\/gibraltar-placas-personalizadas-g-less\/","og_site_name":"Noticias de matr\u00edculas del mundo","article_publisher":"https:\/\/www.facebook.com\/matriculasdelmundo\/","article_published_time":"2026-03-17T19:50:13+00:00","article_modified_time":"2026-03-17T19:50:16+00:00","og_image":[{"width":1536,"height":1024,"url":"https:\/\/matriculasdelmundo.com\/noticias\/wp-content\/uploads\/2026\/03\/Nuevas-matriculas-G-LESS-2026.jpg","type":"image\/jpeg"}],"author":"Matriculasdelmundo","twitter_card":"summary_large_image","twitter_creator":"@matriculasdm","twitter_site":"@matriculasdm","twitter_misc":{"Escrito por":"Matriculasdelmundo","Tiempo de lectura":"4 minutos"},"schema":{"@context":"https:\/\/schema.org","@graph":[{"@type":"Article","@id":"https:\/\/matriculasdelmundo.com\/noticias\/gibraltar-placas-personalizadas-g-less\/#article","isPartOf":{"@id":"https:\/\/matriculasdelmundo.com\/noticias\/gibraltar-placas-personalizadas-g-less\/"},"author":{"name":"Matriculasdelmundo","@id":"https:\/\/matriculasdelmundo.com\/noticias\/#\/schema\/person\/91e4edcb4c5c7a2e9f6d5f83d116aa90"},"headline":"Gibraltar lanza las nuevas placas personalizadas \u201cG-less\u201d para veh\u00edculos","datePublished":"2026-03-17T19:50:13+00:00","dateModified":"2026-03-17T19:50:16+00:00","mainEntityOfPage":{"@id":"https:\/\/matriculasdelmundo.com\/noticias\/gibraltar-placas-personalizadas-g-less\/"},"wordCount":609,"commentCount":0,"publisher":{"@id":"https:\/\/matriculasdelmundo.com\/noticias\/#organization"},"image":{"@id":"https:\/\/matriculasdelmundo.com\/noticias\/gibraltar-placas-personalizadas-g-less\/#primaryimage"},"thumbnailUrl":"https:\/\/matriculasdelmundo.com\/noticias\/wp-content\/uploads\/2026\/03\/Nuevas-matriculas-G-LESS-2026.jpg","keywords":["2025","2026","gibraltar","personalizada"],"articleSection":["Gibraltar"],"inLanguage":"es","potentialAction":[{"@type":"CommentAction","name":"Comment","target":["https:\/\/matriculasdelmundo.com\/noticias\/gibraltar-placas-personalizadas-g-less\/#respond"]}]},{"@type":"WebPage","@id":"https:\/\/matriculasdelmundo.com\/noticias\/gibraltar-placas-personalizadas-g-less\/","url":"https:\/\/matriculasdelmundo.com\/noticias\/gibraltar-placas-personalizadas-g-less\/","name":"Nuevas placas personalizadas Gibraltar \u201cG-less\u201d 2026","isPartOf":{"@id":"https:\/\/matriculasdelmundo.com\/noticias\/#website"},"primaryImageOfPage":{"@id":"https:\/\/matriculasdelmundo.com\/noticias\/gibraltar-placas-personalizadas-g-less\/#primaryimage"},"image":{"@id":"https:\/\/matriculasdelmundo.com\/noticias\/gibraltar-placas-personalizadas-g-less\/#primaryimage"},"thumbnailUrl":"https:\/\/matriculasdelmundo.com\/noticias\/wp-content\/uploads\/2026\/03\/Nuevas-matriculas-G-LESS-2026.jpg","datePublished":"2026-03-17T19:50:13+00:00","dateModified":"2026-03-17T19:50:16+00:00","description":"Descubre las nuevas placas personalizadas \u201cG-less\u201d en Gibraltar. Precios, combinaciones exclusivas y c\u00f3mo obtener tu matr\u00edcula \u00fanica.","breadcrumb":{"@id":"https:\/\/matriculasdelmundo.com\/noticias\/gibraltar-placas-personalizadas-g-less\/#breadcrumb"},"inLanguage":"es","potentialAction":[{"@type":"ReadAction","target":["https:\/\/matriculasdelmundo.com\/noticias\/gibraltar-placas-personalizadas-g-less\/"]}]},{"@type":"ImageObject","inLanguage":"es","@id":"https:\/\/matriculasdelmundo.com\/noticias\/gibraltar-placas-personalizadas-g-less\/#primaryimage","url":"https:\/\/matriculasdelmundo.com\/noticias\/wp-content\/uploads\/2026\/03\/Nuevas-matriculas-G-LESS-2026.jpg","contentUrl":"https:\/\/matriculasdelmundo.com\/noticias\/wp-content\/uploads\/2026\/03\/Nuevas-matriculas-G-LESS-2026.jpg","width":1536,"height":1024,"caption":"Portada de la noticia de las nuevas matr\u00edculas de Gibraltar"},{"@type":"BreadcrumbList","@id":"https:\/\/matriculasdelmundo.com\/noticias\/gibraltar-placas-personalizadas-g-less\/#breadcrumb","itemListElement":[{"@type":"ListItem","position":1,"name":"Portada","item":"https:\/\/matriculasdelmundo.com\/noticias\/"},{"@type":"ListItem","position":2,"name":"Gibraltar lanza las nuevas placas personalizadas \u201cG-less\u201d para veh\u00edculos"}]},{"@type":"WebSite","@id":"https:\/\/matriculasdelmundo.com\/noticias\/#website","url":"https:\/\/matriculasdelmundo.com\/noticias\/","name":"Noticias de matr\u00edculas del mundo","description":"Descubre las \u00faltimas noticias sobre matriculas de coches de todos los pa\u00edses del mundo. Actualizado semanalmente","publisher":{"@id":"https:\/\/matriculasdelmundo.com\/noticias\/#organization"},"potentialAction":[{"@type":"SearchAction","target":{"@type":"EntryPoint","urlTemplate":"https:\/\/matriculasdelmundo.com\/noticias\/?s={search_term_string}"},"query-input":{"@type":"PropertyValueSpecification","valueRequired":true,"valueName":"search_term_string"}}],"inLanguage":"es"},{"@type":"Organization","@id":"https:\/\/matriculasdelmundo.com\/noticias\/#organization","name":"Matriculasdelmundo.com","url":"https:\/\/matriculasdelmundo.com\/noticias\/","logo":{"@type":"ImageObject","inLanguage":"es","@id":"https:\/\/matriculasdelmundo.com\/noticias\/#\/schema\/logo\/image\/","url":"https:\/\/matriculasdelmundo.com\/noticias\/wp-content\/uploads\/2017\/09\/logo2.png","contentUrl":"https:\/\/matriculasdelmundo.com\/noticias\/wp-content\/uploads\/2017\/09\/logo2.png","width":100,"height":34,"caption":"Matriculasdelmundo.com"},"image":{"@id":"https:\/\/matriculasdelmundo.com\/noticias\/#\/schema\/logo\/image\/"},"sameAs":["https:\/\/www.facebook.com\/matriculasdelmundo\/","https:\/\/x.com\/matriculasdm","https:\/\/www.instagram.com\/matriculasdelmundo\/"]},{"@type":"Person","@id":"https:\/\/matriculasdelmundo.com\/noticias\/#\/schema\/person\/91e4edcb4c5c7a2e9f6d5f83d116aa90","name":"Matriculasdelmundo","image":{"@type":"ImageObject","inLanguage":"es","@id":"https:\/\/secure.gravatar.com\/avatar\/83f1597276b4fd718af4e3dae5c073f1efc6ca190953128b5ef9ba5696cc5297?s=96&d=mm&r=g","url":"https:\/\/secure.gravatar.com\/avatar\/83f1597276b4fd718af4e3dae5c073f1efc6ca190953128b5ef9ba5696cc5297?s=96&d=mm&r=g","contentUrl":"https:\/\/secure.gravatar.com\/avatar\/83f1597276b4fd718af4e3dae5c073f1efc6ca190953128b5ef9ba5696cc5297?s=96&d=mm&r=g","caption":"Matriculasdelmundo"}}]}},"_links":{"self":[{"href":"https:\/\/matriculasdelmundo.com\/noticias\/wp-json\/wp\/v2\/posts\/1546","targetHints":{"allow":["GET"]}}],"collection":[{"href":"https:\/\/matriculasdelmundo.com\/noticias\/wp-json\/wp\/v2\/posts"}],"about":[{"href":"https:\/\/matriculasdelmundo.com\/noticias\/wp-json\/wp\/v2\/types\/post"}],"author":[{"embeddable":true,"href":"https:\/\/matriculasdelmundo.com\/noticias\/wp-json\/wp\/v2\/users\/1"}],"replies":[{"embeddable":true,"href":"https:\/\/matriculasdelmundo.com\/noticias\/wp-json\/wp\/v2\/comments?post=1546"}],"version-history":[{"count":2,"href":"https:\/\/matriculasdelmundo.com\/noticias\/wp-json\/wp\/v2\/posts\/1546\/revisions"}],"predecessor-version":[{"id":1564,"href":"https:\/\/matriculasdelmundo.com\/noticias\/wp-json\/wp\/v2\/posts\/1546\/revisions\/1564"}],"wp:featuredmedia":[{"embeddable":true,"href":"https:\/\/matriculasdelmundo.com\/noticias\/wp-json\/wp\/v2\/media\/1563"}],"wp:attachment":[{"href":"https:\/\/matriculasdelmundo.com\/noticias\/wp-json\/wp\/v2\/media?parent=1546"}],"wp:term":[{"taxonomy":"category","embeddable":true,"href":"https:\/\/matriculasdelmundo.com\/noticias\/wp-json\/wp\/v2\/categories?post=1546"},{"taxonomy":"post_tag","embeddable":true,"href":"https:\/\/matriculasdelmundo.com\/noticias\/wp-json\/wp\/v2\/tags?post=1546"}],"curies":[{"name":"wp","href":"https:\/\/api.w.org\/{rel}","templated":true}]}}