{"id":1544,"date":"2026-03-10T22:23:11","date_gmt":"2026-03-10T21:23:11","guid":{"rendered":"https:\/\/matriculasdelmundo.com\/noticias\/?p=1544"},"modified":"2026-03-30T12:11:08","modified_gmt":"2026-03-30T11:11:08","slug":"de-donde-es-matricula-cd3un","status":"publish","type":"post","link":"https:\/\/matriculasdelmundo.com\/noticias\/de-donde-es-matricula-cd3un\/","title":{"rendered":"CD3UN en Budapest: la matr\u00edcula que parece de la ONU\u2026 pero no lo es"},"content":{"rendered":"\n<p>La matr\u00edcula <strong>CD3UN<\/strong> (tambi\u00e9n vista como <strong>CD 3 UN<\/strong>) se ha vuelto relativamente conocida en <strong>Budapest<\/strong> por su est\u00e9tica claramente inspirada en <strong><a href=\"https:\/\/matriculasdelmundo.com\/onu.html\">Naciones Unidas<\/a><\/strong>. A simple vista, muchos peatones o aficionados al motor creen estar ante un veh\u00edculo diplom\u00e1tico o perteneciente a alguna misi\u00f3n internacional. El frontal muestra el <strong>emblema de la <a href=\"https:\/\/matriculasdelmundo.com\/onu.html\">ONU<\/a><\/strong>, el texto <strong>\u201cUnited Nations\u201d<\/strong>, la combinaci\u00f3n <strong>CD3UN<\/strong> y la frase <strong>\u201cSupport the UN\u201d<\/strong>.<\/p>\n\n\n\n<p>Adem\u00e1s, el veh\u00edculo \u2014un <strong>Toyota 4Runner de los a\u00f1os 90<\/strong>\u2014 lleva las letras <strong>\u201cUN\u201d pintadas en los laterales<\/strong>, lo que refuerza a\u00fan m\u00e1s esa apariencia de coche humanitario o de misi\u00f3n internacional.<\/p>\n\n\n\n<p>Sin embargo, al analizar con detalle las fotograf\u00edas y el propio dise\u00f1o de la placa, la conclusi\u00f3n es bastante clara: <strong>CD3UN no es una matr\u00edcula diplom\u00e1tica real de <a href=\"https:\/\/matriculasdelmundo.com\/onu.html\">Naciones Unidas<\/a><\/strong>, sino una composici\u00f3n est\u00e9tica basada en una placa <a href=\"https:\/\/matriculasdelmundo.com\/estados-unidos-florida.html\">estadounidense<\/a>.<\/p>\n\n\n<div class=\"wp-block-image\">\n<figure class=\"aligncenter size-full\"><img decoding=\"async\" width=\"879\" height=\"747\" data-src=\"https:\/\/matriculasdelmundo.com\/noticias\/wp-content\/uploads\/2026\/03\/matricula-desconocida-cd3un.jpg\" alt=\"Matr\u00edcula desconocida de Naciones Unidas\" class=\"wp-image-1551 lazyload\" data-srcset=\"https:\/\/matriculasdelmundo.com\/noticias\/wp-content\/uploads\/2026\/03\/matricula-desconocida-cd3un.jpg 879w, https:\/\/matriculasdelmundo.com\/noticias\/wp-content\/uploads\/2026\/03\/matricula-desconocida-cd3un-300x255.jpg 300w, https:\/\/matriculasdelmundo.com\/noticias\/wp-content\/uploads\/2026\/03\/matricula-desconocida-cd3un-768x653.jpg 768w\" data-sizes=\"(max-width: 879px) 100vw, 879px\" src=\"data:image\/svg+xml;base64,PHN2ZyB3aWR0aD0iMSIgaGVpZ2h0PSIxIiB4bWxucz0iaHR0cDovL3d3dy53My5vcmcvMjAwMC9zdmciPjwvc3ZnPg==\" style=\"--smush-placeholder-width: 879px; --smush-placeholder-aspect-ratio: 879\/747;\" \/><figcaption class=\"wp-element-caption\">Matr\u00edcula desconocida aparentemente de Naciones Unidas CD3UN<\/figcaption><\/figure>\n<\/div>\n\n\n<figure class=\"wp-block-pullquote\"><blockquote><p>La <strong>matr\u00edcula CD3UN<\/strong> es una <strong>placa personalizada basada en una matr\u00edcula especial de Estados Unidos (Florida)<\/strong>. Las letras <strong>CD<\/strong> y <strong>UN<\/strong> pueden parecer diplom\u00e1ticas, por lo que muchas personas se preguntan <strong>de d\u00f3nde es la matr\u00edcula CD3UN<\/strong>.<\/p><cite>Matriculasdelmundo<\/cite><\/blockquote><\/figure>\n\n\n\n<figure class=\"wp-block-embed is-type-video is-provider-youtube wp-block-embed-youtube wp-embed-aspect-16-9 wp-has-aspect-ratio\"><div class=\"wp-block-embed__wrapper\">\n<div class=\"nv-iframe-embed\"><iframe title=\"Descifrando matr\u00edculas de coche raras #matricula #cd3un\" width=\"1200\" height=\"675\" data-src=\"https:\/\/www.youtube.com\/embed\/I6sPtkHYP-M?feature=oembed\" frameborder=\"0\" allow=\"accelerometer; autoplay; clipboard-write; encrypted-media; gyroscope; picture-in-picture; web-share\" referrerpolicy=\"strict-origin-when-cross-origin\" allowfullscreen src=\"data:image\/svg+xml;base64,PHN2ZyB3aWR0aD0iMSIgaGVpZ2h0PSIxIiB4bWxucz0iaHR0cDovL3d3dy53My5vcmcvMjAwMC9zdmciPjwvc3ZnPg==\" class=\"lazyload\" data-load-mode=\"1\"><\/iframe><\/div>\n<\/div><figcaption class=\"wp-element-caption\">V\u00eddeo propio para explicar este caso de <strong>matr\u00edcula rara<\/strong><\/figcaption><\/figure>\n\n\n\n<h2 class=\"wp-block-heading\">Qu\u00e9 aparenta ser la matr\u00edcula CD3UN<\/h2>\n\n\n\n<p>A primera vista, la matr\u00edcula <strong>CD3UN<\/strong> transmite una imagen muy concreta:<\/p>\n\n\n\n<ul class=\"wp-block-list\">\n<li>Emblema de <strong>Naciones Unidas<\/strong> a la izquierda<\/li>\n\n\n\n<li>Texto superior <strong>\u201cUnited Nations\u201d<\/strong><\/li>\n\n\n\n<li>Combinaci\u00f3n <strong>CD 3 UN<\/strong> en tipograf\u00eda grande<\/li>\n\n\n\n<li>Mensaje inferior <strong>\u201cSupport the UN\u201d<\/strong><\/li>\n\n\n\n<li>Veh\u00edculo con letras <strong>UN<\/strong> pintadas en la carrocer\u00eda<\/li>\n\n\n\n<li>La placa delantera y la trasera son diferentes<\/li>\n<\/ul>\n\n\n\n<p>Este conjunto visual genera inmediatamente la impresi\u00f3n de que se trata de un <strong>veh\u00edculo oficial o diplom\u00e1tico<\/strong>. Sin embargo, varios detalles t\u00e9cnicos de la propia placa revelan que <strong>no se trata de una matr\u00edcula diplom\u00e1tica operativa<\/strong>.<\/p>\n\n\n<div class=\"wp-block-image\">\n<figure class=\"aligncenter size-full\"><img decoding=\"async\" width=\"879\" height=\"747\" data-src=\"https:\/\/matriculasdelmundo.com\/noticias\/wp-content\/uploads\/2026\/03\/bbbh.jpg\" alt=\"Toyta con matr\u00edcula desconocida\" class=\"wp-image-1552 lazyload\" data-srcset=\"https:\/\/matriculasdelmundo.com\/noticias\/wp-content\/uploads\/2026\/03\/bbbh.jpg 879w, https:\/\/matriculasdelmundo.com\/noticias\/wp-content\/uploads\/2026\/03\/bbbh-300x255.jpg 300w, https:\/\/matriculasdelmundo.com\/noticias\/wp-content\/uploads\/2026\/03\/bbbh-768x653.jpg 768w\" data-sizes=\"(max-width: 879px) 100vw, 879px\" src=\"data:image\/svg+xml;base64,PHN2ZyB3aWR0aD0iMSIgaGVpZ2h0PSIxIiB4bWxucz0iaHR0cDovL3d3dy53My5vcmcvMjAwMC9zdmciPjwvc3ZnPg==\" style=\"--smush-placeholder-width: 879px; --smush-placeholder-aspect-ratio: 879\/747;\" \/><figcaption class=\"wp-element-caption\">Toyta con matr\u00edcula desconocida<\/figcaption><\/figure>\n<\/div>\n\n\n<h2 class=\"wp-block-heading\">Indicios que no encajan con una matr\u00edcula ONU<\/h2>\n\n\n\n<p>Las matr\u00edculas vinculadas a <strong>Naciones Unidas<\/strong> pueden variar bastante dependiendo del pa\u00eds, la misi\u00f3n o el acuerdo diplom\u00e1tico. Por ese motivo, conviene evitar afirmaciones absolutas.<\/p>\n\n\n\n<p>Aun as\u00ed, en el caso de <strong>CD3UN<\/strong> hay varios indicios claros que no encajan con un formato oficial.<\/p>\n\n\n\n<p><strong>1. Proporciones y tama\u00f1o de la placa<\/strong><\/p>\n\n\n\n<p>La placa delantera tiene <strong>dimensiones est\u00e1ndar estadounidenses<\/strong>, incluyendo la distancia t\u00edpica entre los orificios de fijaci\u00f3n y el uso de un <strong>marco de matr\u00edcula estilo USA<\/strong>.<\/p>\n\n\n\n<p><strong>2. Dise\u00f1o gr\u00e1fico<\/strong><\/p>\n\n\n\n<p>El dise\u00f1o recuerda mucho m\u00e1s a una <strong>placa conmemorativa o vanity plate estadounidense<\/strong> que a una matr\u00edcula administrativa con validez internacional. Adem\u00e1s, la placa de matriculaci\u00f3n delantera y la trasera son distintas, lo que hace sospechar su posible origen.<\/p>\n\n\n\n<p><strong>3. Estructura del c\u00f3digo<\/strong><\/p>\n\n\n\n<p>La combinaci\u00f3n <strong>CD 3 UN<\/strong> tampoco coincide con los esquemas habituales documentados para matr\u00edculas vinculadas a la ONU.<\/p>\n\n\n\n<p>Aunque Naciones Unidas suele utilizar prefijos como:<\/p>\n\n\n\n<ul class=\"wp-block-list\">\n<li>UN<\/li>\n\n\n\n<li>UNDP<\/li>\n\n\n\n<li>UNHCR<\/li>\n\n\n\n<li>UNTSO<\/li>\n\n\n\n<li>UNIFIL<\/li>\n<\/ul>\n\n\n\n<p>la estructura <strong>CD + n\u00famero + UN<\/strong> no aparece como formato operativo t\u00edpico en los dise\u00f1os de Matriculasdelmundo de ning\u00fan pa\u00eds del mundo ni de sistemas anteriores. Adem\u00e1s, las letras CD y UN no suelen ir a la vez en ninguna matr\u00edcula.<\/p>\n\n\n\n<p><strong>4. C\u00f3digos ovales con letras CD y KW<\/strong><\/p>\n\n\n\n<p>En la parte trasera del veh\u00edculo pueden verse dos \u00f3valos. El primero de ellos, muestra las letras KW. En un primer momento puedes pensar que se trata del c\u00f3digo internacional de <a href=\"https:\/\/matriculasdelmundo.com\/kuwait.html\">Kuwait<\/a>, pero no es as\u00ed, ya que Kuwait utiliza KWT. <strong>Las letras KW en este caso identifican a Key West,<\/strong> una de las islas m\u00e1s al sur del estado de Florida, Estados Unidos. Por otro lado, el <strong>c\u00f3digo CD son las letras utilizadas para identficar a <em>Corps Diplomatique<\/em><\/strong>, (Cuerpo Diplom\u00e1tico en espa\u00f1ol). Este c\u00f3digo no se utiliza para identificar a ning\u00fan estado, solamente para identificar a veh\u00edculos bajo el estatus diplom\u00e1tico. Sin embargo, esta pegatina suele ser utilizada en veh\u00edculos con matr\u00edculas diplom\u00e1ticas, que son diferentes a la utilizada por este veh\u00edculo. No sabemos la historia exacta detr\u00e1s, quiz\u00e1s este veh\u00edculo estuvo bajo posesi\u00f3n de una embajada con anterioridad.<\/p>\n\n\n<div class=\"wp-block-image\">\n<figure class=\"aligncenter size-large is-resized\"><img decoding=\"async\" src=\"https:\/\/matriculasdelmundo.com\/gOV.php?textOV=kw\" alt=\"C\u00f3digo de reconocimento internacional KW de Key West\" style=\"width:499px;height:auto\"\/><figcaption class=\"wp-element-caption\">C\u00f3digo oval con letras <strong>KW que identifican a Key West<\/strong><\/figcaption><\/figure>\n<\/div>\n\n\n<p>La conclusi\u00f3n m\u00e1s prudente es que esta placa <strong>CD3UN est\u00e1 dise\u00f1ada para parecer diplom\u00e1tica<\/strong> y VIP, pero no corresponde a ning\u00fan organismo internacional ni oficial. S\u00ed es una matr\u00edcula real, pero ordinaria, tal y como explicamos a continuaci\u00f3n. <\/p>\n\n\n\n<h2 class=\"wp-block-heading\">La pista clave: base de Florida (University of Florida)<\/h2>\n\n\n\n<p>El detalle m\u00e1s revelador aparece al observar la <strong>base de la placa<\/strong>. En las im\u00e1genes puede identificarse que la matr\u00edcula trasera est\u00e1 montada sobre una base antigua de <strong><a href=\"https:\/\/matriculasdelmundo.com\/estados-unidos-florida.html\">Florida (Estados Unidos)<\/a><\/strong> del tipo <strong>\u201cUniversity of Florida \u2013 National Champions\u201d<\/strong>. Por otro lado, la <strong>placa delantera<\/strong> no guarda la misma fuente, ni dise\u00f1o, por lo que si tenemos en cuenta de que en Florida no es necesario utilizar matr\u00edcula en la parte delantera, parece claro que es solamente una <strong>chapa con motivos decorativos<\/strong> que ha sido dise\u00f1ada para que sea muy parecida a la placa trasera oficial. <\/p>\n\n\n\n<p>Como se puede ver en la imagen a continuacion en detalle, debajo del logo de Naciones Unidas, en la parte inferior, se puede intuir que hay un dise\u00f1o compuesto de letras. Especialmente en la parte derecha se intuye la parte inferior de la letra S en la palabra \u00abChampions\u00bb del dise\u00f1o de la placa oficial. Incluso, debajo de la pegatina de Naciones Unidas puede verse las letras <strong>UN<\/strong>, que no provienen de \u00ab<strong>U<\/strong>nited <strong>N<\/strong>ations\u00bb, pero provienen de \u00ab<strong>UN<\/strong>iversity\u00bb. <\/p>\n\n\n<div class=\"wp-block-image\">\n<figure class=\"aligncenter size-full\"><img decoding=\"async\" width=\"879\" height=\"747\" data-src=\"https:\/\/matriculasdelmundo.com\/noticias\/wp-content\/uploads\/2026\/03\/detalle-matricula-logo-naciones-unidas.jpg\" alt=\"Detalle del logo de Naciones Unidas en la placa de matriculaci\u00f3n\" class=\"wp-image-1553 lazyload\" data-srcset=\"https:\/\/matriculasdelmundo.com\/noticias\/wp-content\/uploads\/2026\/03\/detalle-matricula-logo-naciones-unidas.jpg 879w, https:\/\/matriculasdelmundo.com\/noticias\/wp-content\/uploads\/2026\/03\/detalle-matricula-logo-naciones-unidas-300x255.jpg 300w, https:\/\/matriculasdelmundo.com\/noticias\/wp-content\/uploads\/2026\/03\/detalle-matricula-logo-naciones-unidas-768x653.jpg 768w\" data-sizes=\"(max-width: 879px) 100vw, 879px\" src=\"data:image\/svg+xml;base64,PHN2ZyB3aWR0aD0iMSIgaGVpZ2h0PSIxIiB4bWxucz0iaHR0cDovL3d3dy53My5vcmcvMjAwMC9zdmciPjwvc3ZnPg==\" style=\"--smush-placeholder-width: 879px; --smush-placeholder-aspect-ratio: 879\/747;\" \/><figcaption class=\"wp-element-caption\">Matr\u00edcula CD3UN en detalle<\/figcaption><\/figure>\n<\/div>\n\n\n<p>El dise\u00f1o de la placa CD3UN coincide con <strong>la serie especial del estado de <\/strong><a href=\"https:\/\/matriculasdelmundo.com\/estados-unidos-florida.html\"><strong>Florida<\/strong> <\/a>que hoy ya est\u00e1n retiradas o actualizadas. Cabe destacar que el dise\u00f1o actual de este tipo de matr\u00edcula especial es diferente al utilizado actualmente. Puedes consultar las imagenes m\u00e1s abajo.<\/p>\n\n\n<div class=\"wp-block-image\">\n<figure class=\"aligncenter size-full is-resized\"><img decoding=\"async\" width=\"450\" height=\"227\" data-src=\"https:\/\/matriculasdelmundo.com\/noticias\/wp-content\/uploads\/2026\/03\/image.jpg\" alt=\"Placa de matr\u00edcula de la Universidad de Florida especial\" class=\"wp-image-1556 lazyload\" style=\"--smush-placeholder-width: 450px; --smush-placeholder-aspect-ratio: 450\/227;aspect-ratio:1.9825153163075653;width:878px;height:auto\" data-srcset=\"https:\/\/matriculasdelmundo.com\/noticias\/wp-content\/uploads\/2026\/03\/image.jpg 450w, https:\/\/matriculasdelmundo.com\/noticias\/wp-content\/uploads\/2026\/03\/image-300x151.jpg 300w\" data-sizes=\"(max-width: 450px) 100vw, 450px\" src=\"data:image\/svg+xml;base64,PHN2ZyB3aWR0aD0iMSIgaGVpZ2h0PSIxIiB4bWxucz0iaHR0cDovL3d3dy53My5vcmcvMjAwMC9zdmciPjwvc3ZnPg==\" \/><figcaption class=\"wp-element-caption\">Ejemplo de matr\u00edcula especial de Florida de la \u00ab<strong>Universidad de Florida<\/strong>\u00ab<\/figcaption><\/figure>\n<\/div>\n\n\n<p>Este detalle explica varios elementos:<\/p>\n\n\n\n<ul class=\"wp-block-list\">\n<li>Tama\u00f1o: Las <strong>proporciones <a href=\"https:\/\/matriculasdelmundo.com\/estados-unidos-florida.html\">estadounidenses <\/a>de la placa<\/strong>.<\/li>\n\n\n\n<li>Marco: La presencia de <strong>marcos y fijaciones t\u00edpicos de matr\u00edculas estadounidenses<\/strong>.<\/li>\n\n\n\n<li>Estilo: El estilo gr\u00e1fico propio de placas personalizadas norteamericanas.<\/li>\n<\/ul>\n\n\n\n<h2 class=\"wp-block-heading\">Qu\u00e9 es realmente la matr\u00edcula CD3UN<\/h2>\n\n\n\n<p>En realidad, <strong>CD3UN es una composici\u00f3n est\u00e9tica<\/strong>, no una matr\u00edcula diplom\u00e1tica funcional.<\/p>\n\n\n\n<p>El conjunto combina:<\/p>\n\n\n\n<ul class=\"wp-block-list\">\n<li>Una <strong>base aut\u00e9ntica estadounidense de Florida<\/strong><\/li>\n\n\n\n<li>Un dise\u00f1o gr\u00e1fico inspirado en <strong>Naciones Unidas<\/strong><\/li>\n\n\n\n<li>Un estilo visual de <strong>veh\u00edculo humanitario de los a\u00f1os 90<\/strong><\/li>\n<\/ul>\n\n\n\n<p>El resultado es un coche particular con <strong>apariencia de veh\u00edculo de misi\u00f3n ONU<\/strong>, pero sin ning\u00fan estatus oficial.<\/p>\n\n\n\n<h2 class=\"wp-block-heading\">Por qu\u00e9 CD3UN llama tanto la atenci\u00f3n en Budapest<\/h2>\n\n\n\n<p>El <strong>Toyota 4Runner gris<\/strong> que lleva la matr\u00edcula <strong>CD3UN<\/strong> destaca mucho en las calles de Budapest por varios motivos. Primero, porque la est\u00e9tica de <strong>veh\u00edculos de misi\u00f3n de Naciones Unidas<\/strong> es muy reconocible en todo el mundo: todoterrenos robustos, pintura clara, letras grandes y s\u00edmbolos internacionales.<\/p>\n\n\n\n<p>Segundo, porque la combinaci\u00f3n <strong>CD3UN<\/strong> resulta <strong>muy f\u00e1cil de recordar<\/strong> y se presta a confusi\u00f3n, especialmente para quienes ven el veh\u00edculo r\u00e1pidamente o en fotograf\u00edas.<\/p>\n\n\n\n<p>Finalmente, el conjunto crea una especie de <strong>est\u00e9tica \u201cONU vintage\u201d<\/strong>, algo que atrae a aficionados al motor, coleccionistas de matr\u00edculas y curiosos en redes sociales.<\/p>\n\n\n<div class=\"wp-block-image\">\n<figure class=\"aligncenter size-full\"><img decoding=\"async\" width=\"879\" height=\"747\" data-src=\"https:\/\/matriculasdelmundo.com\/noticias\/wp-content\/uploads\/2026\/03\/budapest-toyota-naciones-unidas-cd3un.jpg\" alt=\"Toyota de Naciones Unidas con matr\u00edcula CD3UN\" class=\"wp-image-1554 lazyload\" data-srcset=\"https:\/\/matriculasdelmundo.com\/noticias\/wp-content\/uploads\/2026\/03\/budapest-toyota-naciones-unidas-cd3un.jpg 879w, https:\/\/matriculasdelmundo.com\/noticias\/wp-content\/uploads\/2026\/03\/budapest-toyota-naciones-unidas-cd3un-300x255.jpg 300w, https:\/\/matriculasdelmundo.com\/noticias\/wp-content\/uploads\/2026\/03\/budapest-toyota-naciones-unidas-cd3un-768x653.jpg 768w\" data-sizes=\"(max-width: 879px) 100vw, 879px\" src=\"data:image\/svg+xml;base64,PHN2ZyB3aWR0aD0iMSIgaGVpZ2h0PSIxIiB4bWxucz0iaHR0cDovL3d3dy53My5vcmcvMjAwMC9zdmciPjwvc3ZnPg==\" style=\"--smush-placeholder-width: 879px; --smush-placeholder-aspect-ratio: 879\/747;\" \/><\/figure>\n<\/div>\n\n\n<h2 class=\"wp-block-heading\">Conclusi\u00f3n<\/h2>\n\n\n\n<p>La matr\u00edcula <strong>CD3UN<\/strong> puede parecer a primera vista un registro diplom\u00e1tico vinculado a <strong>Naciones Unidas<\/strong>, pero en realidad no lo es. En realidad se trata de:<\/p>\n\n\n\n<ul class=\"wp-block-list\">\n<li>una <strong>base antigua de Florida para el dise\u00f1o especial de University of Florida<\/strong><\/li>\n\n\n\n<li>modificada con <strong>elementos gr\u00e1ficos inspirados en la ONU<\/strong><\/li>\n\n\n\n<li>montada en un <strong>Toyota 4Runner con est\u00e9tica de misi\u00f3n internacional<\/strong><\/li>\n<\/ul>\n\n\n\n<p>En definitiva, <strong>CD3UN es una personalizaci\u00f3n est\u00e9tica muy llamativa<\/strong>, conocida en Budapest por su apariencia diplom\u00e1tica, pero sin relaci\u00f3n oficial con Naciones Unidas.<\/p>\n\n\n\n<h2 class=\"wp-block-heading\">Fuentes y enlaces externos<\/h2>\n\n\n\n<p>Este art\u00edculo se basa principalmente en <strong>observaci\u00f3n directa del veh\u00edculo en Budapest<\/strong>, as\u00ed como en el an\u00e1lisis visual detallado de las fotograf\u00edas de la matr\u00edcula <strong>CD3UN<\/strong> y de sus elementos de dise\u00f1o. Para contextualizar algunos aspectos t\u00e9cnicos y gr\u00e1ficos tambi\u00e9n se han consultado las siguientes fuentes:<\/p>\n\n\n\n<p><strong>Naciones Unidas (informaci\u00f3n institucional):<\/strong><br><a href=\"https:\/\/www.un.org\">https:\/\/www.un.org<\/a><\/p>\n\n\n\n<p><strong>Documentaci\u00f3n y an\u00e1lisis de matr\u00edculas internacionales:<\/strong><br><a href=\"https:\/\/matriculasdelmundo.com\">https:\/\/matriculasdelmundo.com<\/a><\/p>\n\n\n\n<p>El an\u00e1lisis sobre la <strong>base de matr\u00edcula de Florida (University of Florida)<\/strong> se realiza comparando el dise\u00f1o visible en el veh\u00edculo con placas especiales del estado de Florida utilizadas en Estados Unidos.<\/p>\n\n\n\n<h2 class=\"wp-block-heading\">Preguntas frecuentes sobre la matr\u00edcula CD3UN<\/h2>\n\n\n\n<h3 class=\"wp-block-heading\">\u00bfCD3UN es una matr\u00edcula diplom\u00e1tica real?<\/h3>\n\n\n\n<p>No. La construcci\u00f3n, proporciones y la base estadounidense (Florida) indican que <strong>CD3UN es una placa est\u00e9tica inspirada en Naciones Unidas<\/strong>, no una matr\u00edcula diplom\u00e1tica oficial en uso.<\/p>\n\n\n\n<h3 class=\"wp-block-heading\">\u00bfLa ONU usa el formato CD 3 UN en alg\u00fan pa\u00eds?<\/h3>\n\n\n\n<p>Las matr\u00edculas vinculadas a Naciones Unidas pueden variar mucho seg\u00fan el pa\u00eds o la misi\u00f3n. Sin embargo, <strong>CD 3 UN y su dise\u00f1o no coinciden con formatos diplom\u00e1ticos habituales<\/strong>, sino con una composici\u00f3n de estilo estadounidense.<\/p>\n\n\n\n<h3 class=\"wp-block-heading\">\u00bfQu\u00e9 base de matr\u00edcula se observa en CD3UN?<\/h3>\n\n\n\n<p>La placa parece utilizar una <strong>base especial antigua del estado de Florida (Estados Unidos)<\/strong> relacionada con <strong>University of Florida \u2013 National Champions<\/strong>, reconocible por su distribuci\u00f3n gr\u00e1fica y la banda inferior azul.<\/p>\n\n\n<div class=\"kk-star-ratings kksr-auto kksr-align-center kksr-valign-bottom\"\n    data-payload='{&quot;align&quot;:&quot;center&quot;,&quot;id&quot;:&quot;1544&quot;,&quot;slug&quot;:&quot;default&quot;,&quot;valign&quot;:&quot;bottom&quot;,&quot;ignore&quot;:&quot;&quot;,&quot;reference&quot;:&quot;auto&quot;,&quot;class&quot;:&quot;&quot;,&quot;count&quot;:&quot;2&quot;,&quot;legendonly&quot;:&quot;&quot;,&quot;readonly&quot;:&quot;&quot;,&quot;score&quot;:&quot;5&quot;,&quot;starsonly&quot;:&quot;&quot;,&quot;best&quot;:&quot;5&quot;,&quot;gap&quot;:&quot;5&quot;,&quot;greet&quot;:&quot;Punt\u00faalo post&quot;,&quot;legend&quot;:&quot;5\\\/5 - (2 votos)&quot;,&quot;size&quot;:&quot;18&quot;,&quot;title&quot;:&quot;CD3UN en Budapest: la matr\u00edcula que parece de la ONU\u2026 pero no lo es&quot;,&quot;width&quot;:&quot;112.5&quot;,&quot;_legend&quot;:&quot;{score}\\\/{best} - ({count} {votes})&quot;,&quot;font_factor&quot;:&quot;1.25&quot;}'>\n            \n<div class=\"kksr-stars\">\n    \n<div class=\"kksr-stars-inactive\">\n            <div class=\"kksr-star\" data-star=\"1\" style=\"padding-right: 5px\">\n            \n\n<div class=\"kksr-icon\" style=\"width: 18px; height: 18px;\"><\/div>\n        <\/div>\n            <div class=\"kksr-star\" data-star=\"2\" style=\"padding-right: 5px\">\n            \n\n<div class=\"kksr-icon\" style=\"width: 18px; height: 18px;\"><\/div>\n        <\/div>\n            <div class=\"kksr-star\" data-star=\"3\" style=\"padding-right: 5px\">\n            \n\n<div class=\"kksr-icon\" style=\"width: 18px; height: 18px;\"><\/div>\n        <\/div>\n            <div class=\"kksr-star\" data-star=\"4\" style=\"padding-right: 5px\">\n            \n\n<div class=\"kksr-icon\" style=\"width: 18px; height: 18px;\"><\/div>\n        <\/div>\n            <div class=\"kksr-star\" data-star=\"5\" style=\"padding-right: 5px\">\n            \n\n<div class=\"kksr-icon\" style=\"width: 18px; height: 18px;\"><\/div>\n        <\/div>\n    <\/div>\n    \n<div class=\"kksr-stars-active\" style=\"width: 112.5px;\">\n            <div class=\"kksr-star\" style=\"padding-right: 5px\">\n            \n\n<div class=\"kksr-icon\" style=\"width: 18px; height: 18px;\"><\/div>\n        <\/div>\n            <div class=\"kksr-star\" style=\"padding-right: 5px\">\n            \n\n<div class=\"kksr-icon\" style=\"width: 18px; height: 18px;\"><\/div>\n        <\/div>\n            <div class=\"kksr-star\" style=\"padding-right: 5px\">\n            \n\n<div class=\"kksr-icon\" style=\"width: 18px; height: 18px;\"><\/div>\n        <\/div>\n            <div class=\"kksr-star\" style=\"padding-right: 5px\">\n            \n\n<div class=\"kksr-icon\" style=\"width: 18px; height: 18px;\"><\/div>\n        <\/div>\n            <div class=\"kksr-star\" style=\"padding-right: 5px\">\n            \n\n<div class=\"kksr-icon\" style=\"width: 18px; height: 18px;\"><\/div>\n        <\/div>\n    <\/div>\n<\/div>\n                \n\n<div class=\"kksr-legend\" style=\"font-size: 14.4px;\">\n            5\/5 - (2 votos)    <\/div>\n    <\/div>\n","protected":false},"excerpt":{"rendered":"<p>La matr\u00edcula CD3UN (tambi\u00e9n vista como CD 3 UN) se ha vuelto relativamente conocida en Budapest por su est\u00e9tica claramente inspirada en Naciones Unidas. A simple vista, muchos peatones o aficionados al motor creen estar ante un veh\u00edculo diplom\u00e1tico o perteneciente a alguna misi\u00f3n internacional. El frontal muestra el emblema de la ONU, el texto&hellip;&nbsp;<a href=\"https:\/\/matriculasdelmundo.com\/noticias\/de-donde-es-matricula-cd3un\/\" rel=\"bookmark\">Leer m\u00e1s &raquo;<span class=\"screen-reader-text\">CD3UN en Budapest: la matr\u00edcula que parece de la ONU\u2026 pero no lo es<\/span><\/a><\/p>\n","protected":false},"author":1,"featured_media":1554,"comment_status":"open","ping_status":"open","sticky":false,"template":"","format":"standard","meta":{"neve_meta_sidebar":"","neve_meta_container":"","neve_meta_enable_content_width":"","neve_meta_content_width":0,"neve_meta_title_alignment":"","neve_meta_author_avatar":"","neve_post_elements_order":"","neve_meta_disable_header":"","neve_meta_disable_footer":"","neve_meta_disable_title":"","footnotes":""},"categories":[37,15,14],"tags":[354,38,406,16,305],"class_list":["post-1544","post","type-post","status-publish","format-standard","has-post-thumbnail","hentry","category-blog","category-curiosidad","category-estados-unidos","tag-354","tag-blog","tag-dedondees","tag-estados-unidos","tag-florida"],"yoast_head":"<!-- This site is optimized with the Yoast SEO plugin v27.4 - https:\/\/yoast.com\/product\/yoast-seo-wordpress\/ -->\n<title>De d\u00f3nde es la matr\u00edcula CD3UN: el coche \u201cONU\u201d de Budapest<\/title>\n<meta name=\"description\" content=\"\u00bfDe d\u00f3nde es la matr\u00edcula CD3UN? Analizamos su origen, su base americana y por qu\u00e9 no es una matr\u00edcula diplom\u00e1tica de la ONU.\" \/>\n<meta name=\"robots\" content=\"index, follow, max-snippet:-1, max-image-preview:large, max-video-preview:-1\" \/>\n<link rel=\"canonical\" href=\"https:\/\/matriculasdelmundo.com\/noticias\/de-donde-es-matricula-cd3un\/\" \/>\n<meta property=\"og:locale\" content=\"es_ES\" \/>\n<meta property=\"og:type\" content=\"article\" \/>\n<meta property=\"og:title\" content=\"De d\u00f3nde es la matr\u00edcula CD3UN: el coche \u201cONU\u201d de Budapest\" \/>\n<meta property=\"og:description\" content=\"\u00bfDe d\u00f3nde es la matr\u00edcula CD3UN? Analizamos su origen, su base americana y por qu\u00e9 no es una matr\u00edcula diplom\u00e1tica de la ONU.\" \/>\n<meta property=\"og:url\" content=\"https:\/\/matriculasdelmundo.com\/noticias\/de-donde-es-matricula-cd3un\/\" \/>\n<meta property=\"og:site_name\" content=\"Noticias de matr\u00edculas del mundo\" \/>\n<meta property=\"article:publisher\" content=\"https:\/\/www.facebook.com\/matriculasdelmundo\/\" \/>\n<meta property=\"article:published_time\" content=\"2026-03-10T21:23:11+00:00\" \/>\n<meta property=\"article:modified_time\" content=\"2026-03-30T11:11:08+00:00\" \/>\n<meta property=\"og:image\" content=\"https:\/\/matriculasdelmundo.com\/noticias\/wp-content\/uploads\/2026\/03\/budapest-toyota-naciones-unidas-cd3un.jpg\" \/>\n\t<meta property=\"og:image:width\" content=\"879\" \/>\n\t<meta property=\"og:image:height\" content=\"747\" \/>\n\t<meta property=\"og:image:type\" content=\"image\/jpeg\" \/>\n<meta name=\"author\" content=\"Matriculasdelmundo\" \/>\n<meta name=\"twitter:card\" content=\"summary_large_image\" \/>\n<meta name=\"twitter:creator\" content=\"@matriculasdm\" \/>\n<meta name=\"twitter:site\" content=\"@matriculasdm\" \/>\n<meta name=\"twitter:label1\" content=\"Escrito por\" \/>\n\t<meta name=\"twitter:data1\" content=\"Matriculasdelmundo\" \/>\n\t<meta name=\"twitter:label2\" content=\"Tiempo de lectura\" \/>\n\t<meta name=\"twitter:data2\" content=\"8 minutos\" \/>\n<script type=\"application\/ld+json\" class=\"yoast-schema-graph\">{\"@context\":\"https:\\\/\\\/schema.org\",\"@graph\":[{\"@type\":\"Article\",\"@id\":\"https:\\\/\\\/matriculasdelmundo.com\\\/noticias\\\/de-donde-es-matricula-cd3un\\\/#article\",\"isPartOf\":{\"@id\":\"https:\\\/\\\/matriculasdelmundo.com\\\/noticias\\\/de-donde-es-matricula-cd3un\\\/\"},\"author\":{\"name\":\"Matriculasdelmundo\",\"@id\":\"https:\\\/\\\/matriculasdelmundo.com\\\/noticias\\\/#\\\/schema\\\/person\\\/91e4edcb4c5c7a2e9f6d5f83d116aa90\"},\"headline\":\"CD3UN en Budapest: la matr\u00edcula que parece de la ONU\u2026 pero no lo es\",\"datePublished\":\"2026-03-10T21:23:11+00:00\",\"dateModified\":\"2026-03-30T11:11:08+00:00\",\"mainEntityOfPage\":{\"@id\":\"https:\\\/\\\/matriculasdelmundo.com\\\/noticias\\\/de-donde-es-matricula-cd3un\\\/\"},\"wordCount\":1657,\"commentCount\":0,\"publisher\":{\"@id\":\"https:\\\/\\\/matriculasdelmundo.com\\\/noticias\\\/#organization\"},\"image\":{\"@id\":\"https:\\\/\\\/matriculasdelmundo.com\\\/noticias\\\/de-donde-es-matricula-cd3un\\\/#primaryimage\"},\"thumbnailUrl\":\"https:\\\/\\\/matriculasdelmundo.com\\\/noticias\\\/wp-content\\\/uploads\\\/2026\\\/03\\\/budapest-toyota-naciones-unidas-cd3un.jpg\",\"keywords\":[\"2026\",\"blog\",\"ded\u00f3ndees\",\"estados unidos\",\"florida\"],\"articleSection\":[\"Blog\",\"Curiosidad\",\"Estados Unidos\"],\"inLanguage\":\"es\",\"potentialAction\":[{\"@type\":\"CommentAction\",\"name\":\"Comment\",\"target\":[\"https:\\\/\\\/matriculasdelmundo.com\\\/noticias\\\/de-donde-es-matricula-cd3un\\\/#respond\"]}]},{\"@type\":\"WebPage\",\"@id\":\"https:\\\/\\\/matriculasdelmundo.com\\\/noticias\\\/de-donde-es-matricula-cd3un\\\/\",\"url\":\"https:\\\/\\\/matriculasdelmundo.com\\\/noticias\\\/de-donde-es-matricula-cd3un\\\/\",\"name\":\"De d\u00f3nde es la matr\u00edcula CD3UN: el coche \u201cONU\u201d de Budapest\",\"isPartOf\":{\"@id\":\"https:\\\/\\\/matriculasdelmundo.com\\\/noticias\\\/#website\"},\"primaryImageOfPage\":{\"@id\":\"https:\\\/\\\/matriculasdelmundo.com\\\/noticias\\\/de-donde-es-matricula-cd3un\\\/#primaryimage\"},\"image\":{\"@id\":\"https:\\\/\\\/matriculasdelmundo.com\\\/noticias\\\/de-donde-es-matricula-cd3un\\\/#primaryimage\"},\"thumbnailUrl\":\"https:\\\/\\\/matriculasdelmundo.com\\\/noticias\\\/wp-content\\\/uploads\\\/2026\\\/03\\\/budapest-toyota-naciones-unidas-cd3un.jpg\",\"datePublished\":\"2026-03-10T21:23:11+00:00\",\"dateModified\":\"2026-03-30T11:11:08+00:00\",\"description\":\"\u00bfDe d\u00f3nde es la matr\u00edcula CD3UN? Analizamos su origen, su base americana y por qu\u00e9 no es una matr\u00edcula diplom\u00e1tica de la ONU.\",\"breadcrumb\":{\"@id\":\"https:\\\/\\\/matriculasdelmundo.com\\\/noticias\\\/de-donde-es-matricula-cd3un\\\/#breadcrumb\"},\"inLanguage\":\"es\",\"potentialAction\":[{\"@type\":\"ReadAction\",\"target\":[\"https:\\\/\\\/matriculasdelmundo.com\\\/noticias\\\/de-donde-es-matricula-cd3un\\\/\"]}]},{\"@type\":\"ImageObject\",\"inLanguage\":\"es\",\"@id\":\"https:\\\/\\\/matriculasdelmundo.com\\\/noticias\\\/de-donde-es-matricula-cd3un\\\/#primaryimage\",\"url\":\"https:\\\/\\\/matriculasdelmundo.com\\\/noticias\\\/wp-content\\\/uploads\\\/2026\\\/03\\\/budapest-toyota-naciones-unidas-cd3un.jpg\",\"contentUrl\":\"https:\\\/\\\/matriculasdelmundo.com\\\/noticias\\\/wp-content\\\/uploads\\\/2026\\\/03\\\/budapest-toyota-naciones-unidas-cd3un.jpg\",\"width\":879,\"height\":747,\"caption\":\"Toyota de Naciones Unidas en Budapest CD3UN\"},{\"@type\":\"BreadcrumbList\",\"@id\":\"https:\\\/\\\/matriculasdelmundo.com\\\/noticias\\\/de-donde-es-matricula-cd3un\\\/#breadcrumb\",\"itemListElement\":[{\"@type\":\"ListItem\",\"position\":1,\"name\":\"Portada\",\"item\":\"https:\\\/\\\/matriculasdelmundo.com\\\/noticias\\\/\"},{\"@type\":\"ListItem\",\"position\":2,\"name\":\"CD3UN en Budapest: la matr\u00edcula que parece de la ONU\u2026 pero no lo es\"}]},{\"@type\":\"WebSite\",\"@id\":\"https:\\\/\\\/matriculasdelmundo.com\\\/noticias\\\/#website\",\"url\":\"https:\\\/\\\/matriculasdelmundo.com\\\/noticias\\\/\",\"name\":\"Noticias de matr\u00edculas del mundo\",\"description\":\"Descubre las \u00faltimas noticias sobre matriculas de coches de todos los pa\u00edses del mundo. Actualizado semanalmente\",\"publisher\":{\"@id\":\"https:\\\/\\\/matriculasdelmundo.com\\\/noticias\\\/#organization\"},\"potentialAction\":[{\"@type\":\"SearchAction\",\"target\":{\"@type\":\"EntryPoint\",\"urlTemplate\":\"https:\\\/\\\/matriculasdelmundo.com\\\/noticias\\\/?s={search_term_string}\"},\"query-input\":{\"@type\":\"PropertyValueSpecification\",\"valueRequired\":true,\"valueName\":\"search_term_string\"}}],\"inLanguage\":\"es\"},{\"@type\":\"Organization\",\"@id\":\"https:\\\/\\\/matriculasdelmundo.com\\\/noticias\\\/#organization\",\"name\":\"Matriculasdelmundo.com\",\"url\":\"https:\\\/\\\/matriculasdelmundo.com\\\/noticias\\\/\",\"logo\":{\"@type\":\"ImageObject\",\"inLanguage\":\"es\",\"@id\":\"https:\\\/\\\/matriculasdelmundo.com\\\/noticias\\\/#\\\/schema\\\/logo\\\/image\\\/\",\"url\":\"https:\\\/\\\/matriculasdelmundo.com\\\/noticias\\\/wp-content\\\/uploads\\\/2017\\\/09\\\/logo2.png\",\"contentUrl\":\"https:\\\/\\\/matriculasdelmundo.com\\\/noticias\\\/wp-content\\\/uploads\\\/2017\\\/09\\\/logo2.png\",\"width\":100,\"height\":34,\"caption\":\"Matriculasdelmundo.com\"},\"image\":{\"@id\":\"https:\\\/\\\/matriculasdelmundo.com\\\/noticias\\\/#\\\/schema\\\/logo\\\/image\\\/\"},\"sameAs\":[\"https:\\\/\\\/www.facebook.com\\\/matriculasdelmundo\\\/\",\"https:\\\/\\\/x.com\\\/matriculasdm\",\"https:\\\/\\\/www.instagram.com\\\/matriculasdelmundo\\\/\"]},{\"@type\":\"Person\",\"@id\":\"https:\\\/\\\/matriculasdelmundo.com\\\/noticias\\\/#\\\/schema\\\/person\\\/91e4edcb4c5c7a2e9f6d5f83d116aa90\",\"name\":\"Matriculasdelmundo\",\"image\":{\"@type\":\"ImageObject\",\"inLanguage\":\"es\",\"@id\":\"https:\\\/\\\/secure.gravatar.com\\\/avatar\\\/83f1597276b4fd718af4e3dae5c073f1efc6ca190953128b5ef9ba5696cc5297?s=96&d=mm&r=g\",\"url\":\"https:\\\/\\\/secure.gravatar.com\\\/avatar\\\/83f1597276b4fd718af4e3dae5c073f1efc6ca190953128b5ef9ba5696cc5297?s=96&d=mm&r=g\",\"contentUrl\":\"https:\\\/\\\/secure.gravatar.com\\\/avatar\\\/83f1597276b4fd718af4e3dae5c073f1efc6ca190953128b5ef9ba5696cc5297?s=96&d=mm&r=g\",\"caption\":\"Matriculasdelmundo\"}}]}<\/script>\n<!-- \/ Yoast SEO plugin. -->","yoast_head_json":{"title":"De d\u00f3nde es la matr\u00edcula CD3UN: el coche \u201cONU\u201d de Budapest","description":"\u00bfDe d\u00f3nde es la matr\u00edcula CD3UN? Analizamos su origen, su base americana y por qu\u00e9 no es una matr\u00edcula diplom\u00e1tica de la ONU.","robots":{"index":"index","follow":"follow","max-snippet":"max-snippet:-1","max-image-preview":"max-image-preview:large","max-video-preview":"max-video-preview:-1"},"canonical":"https:\/\/matriculasdelmundo.com\/noticias\/de-donde-es-matricula-cd3un\/","og_locale":"es_ES","og_type":"article","og_title":"De d\u00f3nde es la matr\u00edcula CD3UN: el coche \u201cONU\u201d de Budapest","og_description":"\u00bfDe d\u00f3nde es la matr\u00edcula CD3UN? Analizamos su origen, su base americana y por qu\u00e9 no es una matr\u00edcula diplom\u00e1tica de la ONU.","og_url":"https:\/\/matriculasdelmundo.com\/noticias\/de-donde-es-matricula-cd3un\/","og_site_name":"Noticias de matr\u00edculas del mundo","article_publisher":"https:\/\/www.facebook.com\/matriculasdelmundo\/","article_published_time":"2026-03-10T21:23:11+00:00","article_modified_time":"2026-03-30T11:11:08+00:00","og_image":[{"width":879,"height":747,"url":"https:\/\/matriculasdelmundo.com\/noticias\/wp-content\/uploads\/2026\/03\/budapest-toyota-naciones-unidas-cd3un.jpg","type":"image\/jpeg"}],"author":"Matriculasdelmundo","twitter_card":"summary_large_image","twitter_creator":"@matriculasdm","twitter_site":"@matriculasdm","twitter_misc":{"Escrito por":"Matriculasdelmundo","Tiempo de lectura":"8 minutos"},"schema":{"@context":"https:\/\/schema.org","@graph":[{"@type":"Article","@id":"https:\/\/matriculasdelmundo.com\/noticias\/de-donde-es-matricula-cd3un\/#article","isPartOf":{"@id":"https:\/\/matriculasdelmundo.com\/noticias\/de-donde-es-matricula-cd3un\/"},"author":{"name":"Matriculasdelmundo","@id":"https:\/\/matriculasdelmundo.com\/noticias\/#\/schema\/person\/91e4edcb4c5c7a2e9f6d5f83d116aa90"},"headline":"CD3UN en Budapest: la matr\u00edcula que parece de la ONU\u2026 pero no lo es","datePublished":"2026-03-10T21:23:11+00:00","dateModified":"2026-03-30T11:11:08+00:00","mainEntityOfPage":{"@id":"https:\/\/matriculasdelmundo.com\/noticias\/de-donde-es-matricula-cd3un\/"},"wordCount":1657,"commentCount":0,"publisher":{"@id":"https:\/\/matriculasdelmundo.com\/noticias\/#organization"},"image":{"@id":"https:\/\/matriculasdelmundo.com\/noticias\/de-donde-es-matricula-cd3un\/#primaryimage"},"thumbnailUrl":"https:\/\/matriculasdelmundo.com\/noticias\/wp-content\/uploads\/2026\/03\/budapest-toyota-naciones-unidas-cd3un.jpg","keywords":["2026","blog","ded\u00f3ndees","estados unidos","florida"],"articleSection":["Blog","Curiosidad","Estados Unidos"],"inLanguage":"es","potentialAction":[{"@type":"CommentAction","name":"Comment","target":["https:\/\/matriculasdelmundo.com\/noticias\/de-donde-es-matricula-cd3un\/#respond"]}]},{"@type":"WebPage","@id":"https:\/\/matriculasdelmundo.com\/noticias\/de-donde-es-matricula-cd3un\/","url":"https:\/\/matriculasdelmundo.com\/noticias\/de-donde-es-matricula-cd3un\/","name":"De d\u00f3nde es la matr\u00edcula CD3UN: el coche \u201cONU\u201d de Budapest","isPartOf":{"@id":"https:\/\/matriculasdelmundo.com\/noticias\/#website"},"primaryImageOfPage":{"@id":"https:\/\/matriculasdelmundo.com\/noticias\/de-donde-es-matricula-cd3un\/#primaryimage"},"image":{"@id":"https:\/\/matriculasdelmundo.com\/noticias\/de-donde-es-matricula-cd3un\/#primaryimage"},"thumbnailUrl":"https:\/\/matriculasdelmundo.com\/noticias\/wp-content\/uploads\/2026\/03\/budapest-toyota-naciones-unidas-cd3un.jpg","datePublished":"2026-03-10T21:23:11+00:00","dateModified":"2026-03-30T11:11:08+00:00","description":"\u00bfDe d\u00f3nde es la matr\u00edcula CD3UN? Analizamos su origen, su base americana y por qu\u00e9 no es una matr\u00edcula diplom\u00e1tica de la ONU.","breadcrumb":{"@id":"https:\/\/matriculasdelmundo.com\/noticias\/de-donde-es-matricula-cd3un\/#breadcrumb"},"inLanguage":"es","potentialAction":[{"@type":"ReadAction","target":["https:\/\/matriculasdelmundo.com\/noticias\/de-donde-es-matricula-cd3un\/"]}]},{"@type":"ImageObject","inLanguage":"es","@id":"https:\/\/matriculasdelmundo.com\/noticias\/de-donde-es-matricula-cd3un\/#primaryimage","url":"https:\/\/matriculasdelmundo.com\/noticias\/wp-content\/uploads\/2026\/03\/budapest-toyota-naciones-unidas-cd3un.jpg","contentUrl":"https:\/\/matriculasdelmundo.com\/noticias\/wp-content\/uploads\/2026\/03\/budapest-toyota-naciones-unidas-cd3un.jpg","width":879,"height":747,"caption":"Toyota de Naciones Unidas en Budapest CD3UN"},{"@type":"BreadcrumbList","@id":"https:\/\/matriculasdelmundo.com\/noticias\/de-donde-es-matricula-cd3un\/#breadcrumb","itemListElement":[{"@type":"ListItem","position":1,"name":"Portada","item":"https:\/\/matriculasdelmundo.com\/noticias\/"},{"@type":"ListItem","position":2,"name":"CD3UN en Budapest: la matr\u00edcula que parece de la ONU\u2026 pero no lo es"}]},{"@type":"WebSite","@id":"https:\/\/matriculasdelmundo.com\/noticias\/#website","url":"https:\/\/matriculasdelmundo.com\/noticias\/","name":"Noticias de matr\u00edculas del mundo","description":"Descubre las \u00faltimas noticias sobre matriculas de coches de todos los pa\u00edses del mundo. Actualizado semanalmente","publisher":{"@id":"https:\/\/matriculasdelmundo.com\/noticias\/#organization"},"potentialAction":[{"@type":"SearchAction","target":{"@type":"EntryPoint","urlTemplate":"https:\/\/matriculasdelmundo.com\/noticias\/?s={search_term_string}"},"query-input":{"@type":"PropertyValueSpecification","valueRequired":true,"valueName":"search_term_string"}}],"inLanguage":"es"},{"@type":"Organization","@id":"https:\/\/matriculasdelmundo.com\/noticias\/#organization","name":"Matriculasdelmundo.com","url":"https:\/\/matriculasdelmundo.com\/noticias\/","logo":{"@type":"ImageObject","inLanguage":"es","@id":"https:\/\/matriculasdelmundo.com\/noticias\/#\/schema\/logo\/image\/","url":"https:\/\/matriculasdelmundo.com\/noticias\/wp-content\/uploads\/2017\/09\/logo2.png","contentUrl":"https:\/\/matriculasdelmundo.com\/noticias\/wp-content\/uploads\/2017\/09\/logo2.png","width":100,"height":34,"caption":"Matriculasdelmundo.com"},"image":{"@id":"https:\/\/matriculasdelmundo.com\/noticias\/#\/schema\/logo\/image\/"},"sameAs":["https:\/\/www.facebook.com\/matriculasdelmundo\/","https:\/\/x.com\/matriculasdm","https:\/\/www.instagram.com\/matriculasdelmundo\/"]},{"@type":"Person","@id":"https:\/\/matriculasdelmundo.com\/noticias\/#\/schema\/person\/91e4edcb4c5c7a2e9f6d5f83d116aa90","name":"Matriculasdelmundo","image":{"@type":"ImageObject","inLanguage":"es","@id":"https:\/\/secure.gravatar.com\/avatar\/83f1597276b4fd718af4e3dae5c073f1efc6ca190953128b5ef9ba5696cc5297?s=96&d=mm&r=g","url":"https:\/\/secure.gravatar.com\/avatar\/83f1597276b4fd718af4e3dae5c073f1efc6ca190953128b5ef9ba5696cc5297?s=96&d=mm&r=g","contentUrl":"https:\/\/secure.gravatar.com\/avatar\/83f1597276b4fd718af4e3dae5c073f1efc6ca190953128b5ef9ba5696cc5297?s=96&d=mm&r=g","caption":"Matriculasdelmundo"}}]}},"_links":{"self":[{"href":"https:\/\/matriculasdelmundo.com\/noticias\/wp-json\/wp\/v2\/posts\/1544","targetHints":{"allow":["GET"]}}],"collection":[{"href":"https:\/\/matriculasdelmundo.com\/noticias\/wp-json\/wp\/v2\/posts"}],"about":[{"href":"https:\/\/matriculasdelmundo.com\/noticias\/wp-json\/wp\/v2\/types\/post"}],"author":[{"embeddable":true,"href":"https:\/\/matriculasdelmundo.com\/noticias\/wp-json\/wp\/v2\/users\/1"}],"replies":[{"embeddable":true,"href":"https:\/\/matriculasdelmundo.com\/noticias\/wp-json\/wp\/v2\/comments?post=1544"}],"version-history":[{"count":5,"href":"https:\/\/matriculasdelmundo.com\/noticias\/wp-json\/wp\/v2\/posts\/1544\/revisions"}],"predecessor-version":[{"id":1581,"href":"https:\/\/matriculasdelmundo.com\/noticias\/wp-json\/wp\/v2\/posts\/1544\/revisions\/1581"}],"wp:featuredmedia":[{"embeddable":true,"href":"https:\/\/matriculasdelmundo.com\/noticias\/wp-json\/wp\/v2\/media\/1554"}],"wp:attachment":[{"href":"https:\/\/matriculasdelmundo.com\/noticias\/wp-json\/wp\/v2\/media?parent=1544"}],"wp:term":[{"taxonomy":"category","embeddable":true,"href":"https:\/\/matriculasdelmundo.com\/noticias\/wp-json\/wp\/v2\/categories?post=1544"},{"taxonomy":"post_tag","embeddable":true,"href":"https:\/\/matriculasdelmundo.com\/noticias\/wp-json\/wp\/v2\/tags?post=1544"}],"curies":[{"name":"wp","href":"https:\/\/api.w.org\/{rel}","templated":true}]}}