{"id":137,"date":"2018-07-31T22:19:58","date_gmt":"2018-07-31T21:19:58","guid":{"rendered":"http:\/\/matriculasdelmundo.com\/noticias\/?p=137"},"modified":"2018-09-12T22:15:07","modified_gmt":"2018-09-12T21:15:07","slug":"matriculas-taxis-y-vehiculos-de-alquiler-con-conductor","status":"publish","type":"post","link":"https:\/\/matriculasdelmundo.com\/noticias\/matriculas-taxis-y-vehiculos-de-alquiler-con-conductor\/","title":{"rendered":"Matr\u00edculas para taxis y veh\u00edculos de alquiler con conductor"},"content":{"rendered":"<p>El 1 de agosto de 2018 entr\u00f3 en vigor un cambio en las matr\u00edculas espa\u00f1olas con respecto a los taxis y a los veh\u00edculos de alquiler con conductor (VTC) de hasta nueve plazas. Desde este momento, estos dos tipos de veh\u00edculos mantendr\u00e1n <!--more-->la numeraci\u00f3n del sistema normal, pero con una variedad, que las matr\u00edculas traseras pasar\u00e1n a tener caracteres blanco mate sobre fondo azul, manteni\u00e9ndose la eurobanda en la parte izquierda de la matr\u00edcula, factor clave para poder diferenciarlos f\u00e1cilmente de los veh\u00edculos de Organismo Internacional.<\/p>\n<p>En el plazo de un a\u00f1o, todos los taxis y alquiler con conductor deber\u00e1n disponer de estas matr\u00edculas.<\/p>\n<p>Este cambio viene acompa\u00f1ado de otra serie de novedades, como la unificaci\u00f3n de la mayor\u00eda de luces de veh\u00edculos de emergencia a color azul, o de la aplicaci\u00f3n de las pegatinas medioambientales en la luna delantera de los veh\u00edculos.<\/p>\n<p>Algunos ejemplos:<\/p>\n<figure id=\"attachment_138\" aria-describedby=\"caption-attachment-138\" style=\"width: 300px\" class=\"wp-caption aligncenter\"><img decoding=\"async\" class=\"size-medium wp-image-138 lazyload\" data-src=\"https:\/\/matriculasdelmundo.com\/noticias\/wp-content\/uploads\/2018\/07\/gETX-300x69.png\" alt=\"\" width=\"300\" height=\"69\" data-srcset=\"https:\/\/matriculasdelmundo.com\/noticias\/wp-content\/uploads\/2018\/07\/gETX-300x69.png 300w, https:\/\/matriculasdelmundo.com\/noticias\/wp-content\/uploads\/2018\/07\/gETX.png 423w\" data-sizes=\"(max-width: 300px) 100vw, 300px\" src=\"data:image\/svg+xml;base64,PHN2ZyB3aWR0aD0iMSIgaGVpZ2h0PSIxIiB4bWxucz0iaHR0cDovL3d3dy53My5vcmcvMjAwMC9zdmciPjwvc3ZnPg==\" style=\"--smush-placeholder-width: 300px; --smush-placeholder-aspect-ratio: 300\/69;\" \/><figcaption id=\"caption-attachment-138\" class=\"wp-caption-text\">Nueva matr\u00edcula para taxis y veh\u00edculos en alquiler con conductor en una irreal combinaci\u00f3n<\/figcaption><\/figure>\n<figure id=\"attachment_139\" aria-describedby=\"caption-attachment-139\" style=\"width: 300px\" class=\"wp-caption aligncenter\"><img decoding=\"async\" class=\"size-medium wp-image-139 lazyload\" data-src=\"https:\/\/matriculasdelmundo.com\/noticias\/wp-content\/uploads\/2018\/07\/gETX-1-300x69.png\" alt=\"\" width=\"300\" height=\"69\" data-srcset=\"https:\/\/matriculasdelmundo.com\/noticias\/wp-content\/uploads\/2018\/07\/gETX-1-300x69.png 300w, https:\/\/matriculasdelmundo.com\/noticias\/wp-content\/uploads\/2018\/07\/gETX-1.png 423w\" data-sizes=\"(max-width: 300px) 100vw, 300px\" src=\"data:image\/svg+xml;base64,PHN2ZyB3aWR0aD0iMSIgaGVpZ2h0PSIxIiB4bWxucz0iaHR0cDovL3d3dy53My5vcmcvMjAwMC9zdmciPjwvc3ZnPg==\" style=\"--smush-placeholder-width: 300px; --smush-placeholder-aspect-ratio: 300\/69;\" \/><figcaption id=\"caption-attachment-139\" class=\"wp-caption-text\">Matr\u00edcula provincial para la parte trasera de un taxi o veh\u00edculo de alquiler sin conductor<\/figcaption><\/figure>\n<p>*Puedes crear tus propias matr\u00edculas para taxis y veh\u00edculos sin alquiler desde <a href=\"http:\/\/www.matriculasdelmundo.com\/creador.php#CE\">aqu\u00ed<\/a> o <a href=\"http:\/\/www.matriculasdelmundo.com\/espana.html#EGEN\">aqu\u00ed<\/a>: <a href=\"http:\/\/www.matriculasdelmundo.com\/espana.html#EGEN\">matriculasdelmundo.com\/espana.html#EGEN<\/a><\/p>\n<p>*M\u00e1s informaci\u00f3n en:\u00a0<a href=\"http:\/\/www.matriculasdelmundo.com\/espana.html#ETXI\">matriculasdelmundo.com\/espana.html#ETXI<\/a><\/p>\n<h6><em>Orden del 27 de julio &#8211; Matriculasdelmundo.com (31.julio.2018)<\/em><\/h6>\n\n\n<div class=\"kk-star-ratings kksr-auto kksr-align-center kksr-valign-bottom\"\n    data-payload='{&quot;align&quot;:&quot;center&quot;,&quot;id&quot;:&quot;137&quot;,&quot;slug&quot;:&quot;default&quot;,&quot;valign&quot;:&quot;bottom&quot;,&quot;ignore&quot;:&quot;&quot;,&quot;reference&quot;:&quot;auto&quot;,&quot;class&quot;:&quot;&quot;,&quot;count&quot;:&quot;0&quot;,&quot;legendonly&quot;:&quot;&quot;,&quot;readonly&quot;:&quot;&quot;,&quot;score&quot;:&quot;0&quot;,&quot;starsonly&quot;:&quot;&quot;,&quot;best&quot;:&quot;5&quot;,&quot;gap&quot;:&quot;5&quot;,&quot;greet&quot;:&quot;Punt\u00faalo post&quot;,&quot;legend&quot;:&quot;0\\\/5 - (0 votos)&quot;,&quot;size&quot;:&quot;18&quot;,&quot;title&quot;:&quot;Matr\u00edculas para taxis y veh\u00edculos de alquiler con conductor&quot;,&quot;width&quot;:&quot;0&quot;,&quot;_legend&quot;:&quot;{score}\\\/{best} - ({count} {votes})&quot;,&quot;font_factor&quot;:&quot;1.25&quot;}'>\n            \n<div class=\"kksr-stars\">\n    \n<div class=\"kksr-stars-inactive\">\n            <div class=\"kksr-star\" data-star=\"1\" style=\"padding-right: 5px\">\n            \n\n<div class=\"kksr-icon\" style=\"width: 18px; height: 18px;\"><\/div>\n        <\/div>\n            <div class=\"kksr-star\" data-star=\"2\" style=\"padding-right: 5px\">\n            \n\n<div class=\"kksr-icon\" style=\"width: 18px; height: 18px;\"><\/div>\n        <\/div>\n            <div class=\"kksr-star\" data-star=\"3\" style=\"padding-right: 5px\">\n            \n\n<div class=\"kksr-icon\" style=\"width: 18px; height: 18px;\"><\/div>\n        <\/div>\n            <div class=\"kksr-star\" data-star=\"4\" style=\"padding-right: 5px\">\n            \n\n<div class=\"kksr-icon\" style=\"width: 18px; height: 18px;\"><\/div>\n        <\/div>\n            <div class=\"kksr-star\" data-star=\"5\" style=\"padding-right: 5px\">\n            \n\n<div class=\"kksr-icon\" style=\"width: 18px; height: 18px;\"><\/div>\n        <\/div>\n    <\/div>\n    \n<div class=\"kksr-stars-active\" style=\"width: 0px;\">\n            <div class=\"kksr-star\" style=\"padding-right: 5px\">\n            \n\n<div class=\"kksr-icon\" style=\"width: 18px; height: 18px;\"><\/div>\n        <\/div>\n            <div class=\"kksr-star\" style=\"padding-right: 5px\">\n            \n\n<div class=\"kksr-icon\" style=\"width: 18px; height: 18px;\"><\/div>\n        <\/div>\n            <div class=\"kksr-star\" style=\"padding-right: 5px\">\n            \n\n<div class=\"kksr-icon\" style=\"width: 18px; height: 18px;\"><\/div>\n        <\/div>\n            <div class=\"kksr-star\" style=\"padding-right: 5px\">\n            \n\n<div class=\"kksr-icon\" style=\"width: 18px; height: 18px;\"><\/div>\n        <\/div>\n            <div class=\"kksr-star\" style=\"padding-right: 5px\">\n            \n\n<div class=\"kksr-icon\" style=\"width: 18px; height: 18px;\"><\/div>\n        <\/div>\n    <\/div>\n<\/div>\n                \n\n<div class=\"kksr-legend\" style=\"font-size: 14.4px;\">\n            <span class=\"kksr-muted\">Punt\u00faalo post<\/span>\n    <\/div>\n    <\/div>\n","protected":false},"excerpt":{"rendered":"<p>El 1 de agosto de 2018 entr\u00f3 en vigor un cambio en las matr\u00edculas espa\u00f1olas con respecto a los taxis y a los veh\u00edculos de alquiler con conductor (VTC) de hasta nueve plazas. Desde este momento, estos dos tipos de veh\u00edculos mantendr\u00e1n<\/p>\n","protected":false},"author":1,"featured_media":138,"comment_status":"open","ping_status":"open","sticky":false,"template":"","format":"standard","meta":{"neve_meta_sidebar":"","neve_meta_container":"","neve_meta_enable_content_width":"","neve_meta_content_width":0,"neve_meta_title_alignment":"","neve_meta_author_avatar":"","neve_post_elements_order":"","neve_meta_disable_header":"","neve_meta_disable_footer":"","neve_meta_disable_title":"","footnotes":""},"categories":[56,81,3],"tags":[64,52,57,11,62,63],"class_list":["post-137","post","type-post","status-publish","format-standard","has-post-thumbnail","hentry","category-espana","category-noticias-de-matriculas-de-europa","category-noticia","tag-alquiler-sin-conductor","tag-azul","tag-espana","tag-novedad","tag-taxi","tag-vtc"],"yoast_head":"<!-- This site is optimized with the Yoast SEO plugin v27.5 - https:\/\/yoast.com\/product\/yoast-seo-wordpress\/ -->\n<title>Matr\u00edculas para taxis y veh\u00edculos de alquiler con conductor - Noticias de matr\u00edculas del mundo<\/title>\n<meta name=\"description\" content=\"El 1 de agosto de 2018 entr\u00f3 en vigor un cambio en las matr\u00edculas espa\u00f1olas con respecto a los taxis y a los veh\u00edculos de alquiler con conductor (VTC) de\" \/>\n<meta name=\"robots\" content=\"index, follow, max-snippet:-1, max-image-preview:large, max-video-preview:-1\" \/>\n<link rel=\"canonical\" href=\"https:\/\/matriculasdelmundo.com\/noticias\/matriculas-taxis-y-vehiculos-de-alquiler-con-conductor\/\" \/>\n<meta property=\"og:locale\" content=\"es_ES\" \/>\n<meta property=\"og:type\" content=\"article\" \/>\n<meta property=\"og:title\" content=\"Matr\u00edculas para taxis y veh\u00edculos de alquiler con conductor - Noticias de matr\u00edculas del mundo\" \/>\n<meta property=\"og:description\" content=\"El 1 de agosto de 2018 entr\u00f3 en vigor un cambio en las matr\u00edculas espa\u00f1olas con respecto a los taxis y a los veh\u00edculos de alquiler con conductor (VTC) de\" \/>\n<meta property=\"og:url\" content=\"https:\/\/matriculasdelmundo.com\/noticias\/matriculas-taxis-y-vehiculos-de-alquiler-con-conductor\/\" \/>\n<meta property=\"og:site_name\" content=\"Noticias de matr\u00edculas del mundo\" \/>\n<meta property=\"article:publisher\" content=\"https:\/\/www.facebook.com\/matriculasdelmundo\/\" \/>\n<meta property=\"article:published_time\" content=\"2018-07-31T21:19:58+00:00\" \/>\n<meta property=\"article:modified_time\" content=\"2018-09-12T21:15:07+00:00\" \/>\n<meta property=\"og:image\" content=\"https:\/\/matriculasdelmundo.com\/noticias\/wp-content\/uploads\/2018\/07\/gETX.png\" \/>\n\t<meta property=\"og:image:width\" content=\"423\" \/>\n\t<meta property=\"og:image:height\" content=\"97\" \/>\n\t<meta property=\"og:image:type\" content=\"image\/png\" \/>\n<meta name=\"author\" content=\"Matriculasdelmundo\" \/>\n<meta name=\"twitter:card\" content=\"summary_large_image\" \/>\n<meta name=\"twitter:creator\" content=\"@matriculasdm\" \/>\n<meta name=\"twitter:site\" content=\"@matriculasdm\" \/>\n<meta name=\"twitter:label1\" content=\"Escrito por\" \/>\n\t<meta name=\"twitter:data1\" content=\"Matriculasdelmundo\" \/>\n\t<meta name=\"twitter:label2\" content=\"Tiempo de lectura\" \/>\n\t<meta name=\"twitter:data2\" content=\"1 minuto\" \/>\n<script type=\"application\/ld+json\" class=\"yoast-schema-graph\">{\"@context\":\"https:\\\/\\\/schema.org\",\"@graph\":[{\"@type\":\"Article\",\"@id\":\"https:\\\/\\\/matriculasdelmundo.com\\\/noticias\\\/matriculas-taxis-y-vehiculos-de-alquiler-con-conductor\\\/#article\",\"isPartOf\":{\"@id\":\"https:\\\/\\\/matriculasdelmundo.com\\\/noticias\\\/matriculas-taxis-y-vehiculos-de-alquiler-con-conductor\\\/\"},\"author\":{\"name\":\"Matriculasdelmundo\",\"@id\":\"https:\\\/\\\/matriculasdelmundo.com\\\/noticias\\\/#\\\/schema\\\/person\\\/91e4edcb4c5c7a2e9f6d5f83d116aa90\"},\"headline\":\"Matr\u00edculas para taxis y veh\u00edculos de alquiler con conductor\",\"datePublished\":\"2018-07-31T21:19:58+00:00\",\"dateModified\":\"2018-09-12T21:15:07+00:00\",\"mainEntityOfPage\":{\"@id\":\"https:\\\/\\\/matriculasdelmundo.com\\\/noticias\\\/matriculas-taxis-y-vehiculos-de-alquiler-con-conductor\\\/\"},\"wordCount\":263,\"commentCount\":0,\"publisher\":{\"@id\":\"https:\\\/\\\/matriculasdelmundo.com\\\/noticias\\\/#organization\"},\"image\":{\"@id\":\"https:\\\/\\\/matriculasdelmundo.com\\\/noticias\\\/matriculas-taxis-y-vehiculos-de-alquiler-con-conductor\\\/#primaryimage\"},\"thumbnailUrl\":\"https:\\\/\\\/matriculasdelmundo.com\\\/noticias\\\/wp-content\\\/uploads\\\/2018\\\/07\\\/gETX.png\",\"keywords\":[\"alquiler sin conductor\",\"azul\",\"espa\u00f1a\",\"novedad\",\"taxi\",\"vtc\"],\"articleSection\":[\"Espa\u00f1a\",\"Europa\",\"Noticia\"],\"inLanguage\":\"es\",\"potentialAction\":[{\"@type\":\"CommentAction\",\"name\":\"Comment\",\"target\":[\"https:\\\/\\\/matriculasdelmundo.com\\\/noticias\\\/matriculas-taxis-y-vehiculos-de-alquiler-con-conductor\\\/#respond\"]}]},{\"@type\":\"WebPage\",\"@id\":\"https:\\\/\\\/matriculasdelmundo.com\\\/noticias\\\/matriculas-taxis-y-vehiculos-de-alquiler-con-conductor\\\/\",\"url\":\"https:\\\/\\\/matriculasdelmundo.com\\\/noticias\\\/matriculas-taxis-y-vehiculos-de-alquiler-con-conductor\\\/\",\"name\":\"Matr\u00edculas para taxis y veh\u00edculos de alquiler con conductor - Noticias de matr\u00edculas del mundo\",\"isPartOf\":{\"@id\":\"https:\\\/\\\/matriculasdelmundo.com\\\/noticias\\\/#website\"},\"primaryImageOfPage\":{\"@id\":\"https:\\\/\\\/matriculasdelmundo.com\\\/noticias\\\/matriculas-taxis-y-vehiculos-de-alquiler-con-conductor\\\/#primaryimage\"},\"image\":{\"@id\":\"https:\\\/\\\/matriculasdelmundo.com\\\/noticias\\\/matriculas-taxis-y-vehiculos-de-alquiler-con-conductor\\\/#primaryimage\"},\"thumbnailUrl\":\"https:\\\/\\\/matriculasdelmundo.com\\\/noticias\\\/wp-content\\\/uploads\\\/2018\\\/07\\\/gETX.png\",\"datePublished\":\"2018-07-31T21:19:58+00:00\",\"dateModified\":\"2018-09-12T21:15:07+00:00\",\"description\":\"El 1 de agosto de 2018 entr\u00f3 en vigor un cambio en las matr\u00edculas espa\u00f1olas con respecto a los taxis y a los veh\u00edculos de alquiler con conductor (VTC) de\",\"breadcrumb\":{\"@id\":\"https:\\\/\\\/matriculasdelmundo.com\\\/noticias\\\/matriculas-taxis-y-vehiculos-de-alquiler-con-conductor\\\/#breadcrumb\"},\"inLanguage\":\"es\",\"potentialAction\":[{\"@type\":\"ReadAction\",\"target\":[\"https:\\\/\\\/matriculasdelmundo.com\\\/noticias\\\/matriculas-taxis-y-vehiculos-de-alquiler-con-conductor\\\/\"]}]},{\"@type\":\"ImageObject\",\"inLanguage\":\"es\",\"@id\":\"https:\\\/\\\/matriculasdelmundo.com\\\/noticias\\\/matriculas-taxis-y-vehiculos-de-alquiler-con-conductor\\\/#primaryimage\",\"url\":\"https:\\\/\\\/matriculasdelmundo.com\\\/noticias\\\/wp-content\\\/uploads\\\/2018\\\/07\\\/gETX.png\",\"contentUrl\":\"https:\\\/\\\/matriculasdelmundo.com\\\/noticias\\\/wp-content\\\/uploads\\\/2018\\\/07\\\/gETX.png\",\"width\":423,\"height\":97,\"caption\":\"Nueva matr\u00edcula para taxis y veh\u00edculos en alquiler con donductor o VTC en blanco sobre fondo azul\"},{\"@type\":\"BreadcrumbList\",\"@id\":\"https:\\\/\\\/matriculasdelmundo.com\\\/noticias\\\/matriculas-taxis-y-vehiculos-de-alquiler-con-conductor\\\/#breadcrumb\",\"itemListElement\":[{\"@type\":\"ListItem\",\"position\":1,\"name\":\"Portada\",\"item\":\"https:\\\/\\\/matriculasdelmundo.com\\\/noticias\\\/\"},{\"@type\":\"ListItem\",\"position\":2,\"name\":\"Matr\u00edculas para taxis y veh\u00edculos de alquiler con conductor\"}]},{\"@type\":\"WebSite\",\"@id\":\"https:\\\/\\\/matriculasdelmundo.com\\\/noticias\\\/#website\",\"url\":\"https:\\\/\\\/matriculasdelmundo.com\\\/noticias\\\/\",\"name\":\"Noticias de matr\u00edculas del mundo\",\"description\":\"Descubre las \u00faltimas noticias sobre matriculas de coches de todos los pa\u00edses del mundo. Actualizado semanalmente\",\"publisher\":{\"@id\":\"https:\\\/\\\/matriculasdelmundo.com\\\/noticias\\\/#organization\"},\"potentialAction\":[{\"@type\":\"SearchAction\",\"target\":{\"@type\":\"EntryPoint\",\"urlTemplate\":\"https:\\\/\\\/matriculasdelmundo.com\\\/noticias\\\/?s={search_term_string}\"},\"query-input\":{\"@type\":\"PropertyValueSpecification\",\"valueRequired\":true,\"valueName\":\"search_term_string\"}}],\"inLanguage\":\"es\"},{\"@type\":\"Organization\",\"@id\":\"https:\\\/\\\/matriculasdelmundo.com\\\/noticias\\\/#organization\",\"name\":\"Matriculasdelmundo.com\",\"url\":\"https:\\\/\\\/matriculasdelmundo.com\\\/noticias\\\/\",\"logo\":{\"@type\":\"ImageObject\",\"inLanguage\":\"es\",\"@id\":\"https:\\\/\\\/matriculasdelmundo.com\\\/noticias\\\/#\\\/schema\\\/logo\\\/image\\\/\",\"url\":\"https:\\\/\\\/matriculasdelmundo.com\\\/noticias\\\/wp-content\\\/uploads\\\/2017\\\/09\\\/logo2.png\",\"contentUrl\":\"https:\\\/\\\/matriculasdelmundo.com\\\/noticias\\\/wp-content\\\/uploads\\\/2017\\\/09\\\/logo2.png\",\"width\":100,\"height\":34,\"caption\":\"Matriculasdelmundo.com\"},\"image\":{\"@id\":\"https:\\\/\\\/matriculasdelmundo.com\\\/noticias\\\/#\\\/schema\\\/logo\\\/image\\\/\"},\"sameAs\":[\"https:\\\/\\\/www.facebook.com\\\/matriculasdelmundo\\\/\",\"https:\\\/\\\/x.com\\\/matriculasdm\",\"https:\\\/\\\/www.instagram.com\\\/matriculasdelmundo\\\/\"]},{\"@type\":\"Person\",\"@id\":\"https:\\\/\\\/matriculasdelmundo.com\\\/noticias\\\/#\\\/schema\\\/person\\\/91e4edcb4c5c7a2e9f6d5f83d116aa90\",\"name\":\"Matriculasdelmundo\",\"image\":{\"@type\":\"ImageObject\",\"inLanguage\":\"es\",\"@id\":\"https:\\\/\\\/secure.gravatar.com\\\/avatar\\\/83f1597276b4fd718af4e3dae5c073f1efc6ca190953128b5ef9ba5696cc5297?s=96&d=mm&r=g\",\"url\":\"https:\\\/\\\/secure.gravatar.com\\\/avatar\\\/83f1597276b4fd718af4e3dae5c073f1efc6ca190953128b5ef9ba5696cc5297?s=96&d=mm&r=g\",\"contentUrl\":\"https:\\\/\\\/secure.gravatar.com\\\/avatar\\\/83f1597276b4fd718af4e3dae5c073f1efc6ca190953128b5ef9ba5696cc5297?s=96&d=mm&r=g\",\"caption\":\"Matriculasdelmundo\"}}]}<\/script>\n<!-- \/ Yoast SEO plugin. -->","yoast_head_json":{"title":"Matr\u00edculas para taxis y veh\u00edculos de alquiler con conductor - Noticias de matr\u00edculas del mundo","description":"El 1 de agosto de 2018 entr\u00f3 en vigor un cambio en las matr\u00edculas espa\u00f1olas con respecto a los taxis y a los veh\u00edculos de alquiler con conductor (VTC) de","robots":{"index":"index","follow":"follow","max-snippet":"max-snippet:-1","max-image-preview":"max-image-preview:large","max-video-preview":"max-video-preview:-1"},"canonical":"https:\/\/matriculasdelmundo.com\/noticias\/matriculas-taxis-y-vehiculos-de-alquiler-con-conductor\/","og_locale":"es_ES","og_type":"article","og_title":"Matr\u00edculas para taxis y veh\u00edculos de alquiler con conductor - Noticias de matr\u00edculas del mundo","og_description":"El 1 de agosto de 2018 entr\u00f3 en vigor un cambio en las matr\u00edculas espa\u00f1olas con respecto a los taxis y a los veh\u00edculos de alquiler con conductor (VTC) de","og_url":"https:\/\/matriculasdelmundo.com\/noticias\/matriculas-taxis-y-vehiculos-de-alquiler-con-conductor\/","og_site_name":"Noticias de matr\u00edculas del mundo","article_publisher":"https:\/\/www.facebook.com\/matriculasdelmundo\/","article_published_time":"2018-07-31T21:19:58+00:00","article_modified_time":"2018-09-12T21:15:07+00:00","og_image":[{"width":423,"height":97,"url":"https:\/\/matriculasdelmundo.com\/noticias\/wp-content\/uploads\/2018\/07\/gETX.png","type":"image\/png"}],"author":"Matriculasdelmundo","twitter_card":"summary_large_image","twitter_creator":"@matriculasdm","twitter_site":"@matriculasdm","twitter_misc":{"Escrito por":"Matriculasdelmundo","Tiempo de lectura":"1 minuto"},"schema":{"@context":"https:\/\/schema.org","@graph":[{"@type":"Article","@id":"https:\/\/matriculasdelmundo.com\/noticias\/matriculas-taxis-y-vehiculos-de-alquiler-con-conductor\/#article","isPartOf":{"@id":"https:\/\/matriculasdelmundo.com\/noticias\/matriculas-taxis-y-vehiculos-de-alquiler-con-conductor\/"},"author":{"name":"Matriculasdelmundo","@id":"https:\/\/matriculasdelmundo.com\/noticias\/#\/schema\/person\/91e4edcb4c5c7a2e9f6d5f83d116aa90"},"headline":"Matr\u00edculas para taxis y veh\u00edculos de alquiler con conductor","datePublished":"2018-07-31T21:19:58+00:00","dateModified":"2018-09-12T21:15:07+00:00","mainEntityOfPage":{"@id":"https:\/\/matriculasdelmundo.com\/noticias\/matriculas-taxis-y-vehiculos-de-alquiler-con-conductor\/"},"wordCount":263,"commentCount":0,"publisher":{"@id":"https:\/\/matriculasdelmundo.com\/noticias\/#organization"},"image":{"@id":"https:\/\/matriculasdelmundo.com\/noticias\/matriculas-taxis-y-vehiculos-de-alquiler-con-conductor\/#primaryimage"},"thumbnailUrl":"https:\/\/matriculasdelmundo.com\/noticias\/wp-content\/uploads\/2018\/07\/gETX.png","keywords":["alquiler sin conductor","azul","espa\u00f1a","novedad","taxi","vtc"],"articleSection":["Espa\u00f1a","Europa","Noticia"],"inLanguage":"es","potentialAction":[{"@type":"CommentAction","name":"Comment","target":["https:\/\/matriculasdelmundo.com\/noticias\/matriculas-taxis-y-vehiculos-de-alquiler-con-conductor\/#respond"]}]},{"@type":"WebPage","@id":"https:\/\/matriculasdelmundo.com\/noticias\/matriculas-taxis-y-vehiculos-de-alquiler-con-conductor\/","url":"https:\/\/matriculasdelmundo.com\/noticias\/matriculas-taxis-y-vehiculos-de-alquiler-con-conductor\/","name":"Matr\u00edculas para taxis y veh\u00edculos de alquiler con conductor - Noticias de matr\u00edculas del mundo","isPartOf":{"@id":"https:\/\/matriculasdelmundo.com\/noticias\/#website"},"primaryImageOfPage":{"@id":"https:\/\/matriculasdelmundo.com\/noticias\/matriculas-taxis-y-vehiculos-de-alquiler-con-conductor\/#primaryimage"},"image":{"@id":"https:\/\/matriculasdelmundo.com\/noticias\/matriculas-taxis-y-vehiculos-de-alquiler-con-conductor\/#primaryimage"},"thumbnailUrl":"https:\/\/matriculasdelmundo.com\/noticias\/wp-content\/uploads\/2018\/07\/gETX.png","datePublished":"2018-07-31T21:19:58+00:00","dateModified":"2018-09-12T21:15:07+00:00","description":"El 1 de agosto de 2018 entr\u00f3 en vigor un cambio en las matr\u00edculas espa\u00f1olas con respecto a los taxis y a los veh\u00edculos de alquiler con conductor (VTC) de","breadcrumb":{"@id":"https:\/\/matriculasdelmundo.com\/noticias\/matriculas-taxis-y-vehiculos-de-alquiler-con-conductor\/#breadcrumb"},"inLanguage":"es","potentialAction":[{"@type":"ReadAction","target":["https:\/\/matriculasdelmundo.com\/noticias\/matriculas-taxis-y-vehiculos-de-alquiler-con-conductor\/"]}]},{"@type":"ImageObject","inLanguage":"es","@id":"https:\/\/matriculasdelmundo.com\/noticias\/matriculas-taxis-y-vehiculos-de-alquiler-con-conductor\/#primaryimage","url":"https:\/\/matriculasdelmundo.com\/noticias\/wp-content\/uploads\/2018\/07\/gETX.png","contentUrl":"https:\/\/matriculasdelmundo.com\/noticias\/wp-content\/uploads\/2018\/07\/gETX.png","width":423,"height":97,"caption":"Nueva matr\u00edcula para taxis y veh\u00edculos en alquiler con donductor o VTC en blanco sobre fondo azul"},{"@type":"BreadcrumbList","@id":"https:\/\/matriculasdelmundo.com\/noticias\/matriculas-taxis-y-vehiculos-de-alquiler-con-conductor\/#breadcrumb","itemListElement":[{"@type":"ListItem","position":1,"name":"Portada","item":"https:\/\/matriculasdelmundo.com\/noticias\/"},{"@type":"ListItem","position":2,"name":"Matr\u00edculas para taxis y veh\u00edculos de alquiler con conductor"}]},{"@type":"WebSite","@id":"https:\/\/matriculasdelmundo.com\/noticias\/#website","url":"https:\/\/matriculasdelmundo.com\/noticias\/","name":"Noticias de matr\u00edculas del mundo","description":"Descubre las \u00faltimas noticias sobre matriculas de coches de todos los pa\u00edses del mundo. Actualizado semanalmente","publisher":{"@id":"https:\/\/matriculasdelmundo.com\/noticias\/#organization"},"potentialAction":[{"@type":"SearchAction","target":{"@type":"EntryPoint","urlTemplate":"https:\/\/matriculasdelmundo.com\/noticias\/?s={search_term_string}"},"query-input":{"@type":"PropertyValueSpecification","valueRequired":true,"valueName":"search_term_string"}}],"inLanguage":"es"},{"@type":"Organization","@id":"https:\/\/matriculasdelmundo.com\/noticias\/#organization","name":"Matriculasdelmundo.com","url":"https:\/\/matriculasdelmundo.com\/noticias\/","logo":{"@type":"ImageObject","inLanguage":"es","@id":"https:\/\/matriculasdelmundo.com\/noticias\/#\/schema\/logo\/image\/","url":"https:\/\/matriculasdelmundo.com\/noticias\/wp-content\/uploads\/2017\/09\/logo2.png","contentUrl":"https:\/\/matriculasdelmundo.com\/noticias\/wp-content\/uploads\/2017\/09\/logo2.png","width":100,"height":34,"caption":"Matriculasdelmundo.com"},"image":{"@id":"https:\/\/matriculasdelmundo.com\/noticias\/#\/schema\/logo\/image\/"},"sameAs":["https:\/\/www.facebook.com\/matriculasdelmundo\/","https:\/\/x.com\/matriculasdm","https:\/\/www.instagram.com\/matriculasdelmundo\/"]},{"@type":"Person","@id":"https:\/\/matriculasdelmundo.com\/noticias\/#\/schema\/person\/91e4edcb4c5c7a2e9f6d5f83d116aa90","name":"Matriculasdelmundo","image":{"@type":"ImageObject","inLanguage":"es","@id":"https:\/\/secure.gravatar.com\/avatar\/83f1597276b4fd718af4e3dae5c073f1efc6ca190953128b5ef9ba5696cc5297?s=96&d=mm&r=g","url":"https:\/\/secure.gravatar.com\/avatar\/83f1597276b4fd718af4e3dae5c073f1efc6ca190953128b5ef9ba5696cc5297?s=96&d=mm&r=g","contentUrl":"https:\/\/secure.gravatar.com\/avatar\/83f1597276b4fd718af4e3dae5c073f1efc6ca190953128b5ef9ba5696cc5297?s=96&d=mm&r=g","caption":"Matriculasdelmundo"}}]}},"_links":{"self":[{"href":"https:\/\/matriculasdelmundo.com\/noticias\/wp-json\/wp\/v2\/posts\/137","targetHints":{"allow":["GET"]}}],"collection":[{"href":"https:\/\/matriculasdelmundo.com\/noticias\/wp-json\/wp\/v2\/posts"}],"about":[{"href":"https:\/\/matriculasdelmundo.com\/noticias\/wp-json\/wp\/v2\/types\/post"}],"author":[{"embeddable":true,"href":"https:\/\/matriculasdelmundo.com\/noticias\/wp-json\/wp\/v2\/users\/1"}],"replies":[{"embeddable":true,"href":"https:\/\/matriculasdelmundo.com\/noticias\/wp-json\/wp\/v2\/comments?post=137"}],"version-history":[{"count":3,"href":"https:\/\/matriculasdelmundo.com\/noticias\/wp-json\/wp\/v2\/posts\/137\/revisions"}],"predecessor-version":[{"id":144,"href":"https:\/\/matriculasdelmundo.com\/noticias\/wp-json\/wp\/v2\/posts\/137\/revisions\/144"}],"wp:featuredmedia":[{"embeddable":true,"href":"https:\/\/matriculasdelmundo.com\/noticias\/wp-json\/wp\/v2\/media\/138"}],"wp:attachment":[{"href":"https:\/\/matriculasdelmundo.com\/noticias\/wp-json\/wp\/v2\/media?parent=137"}],"wp:term":[{"taxonomy":"category","embeddable":true,"href":"https:\/\/matriculasdelmundo.com\/noticias\/wp-json\/wp\/v2\/categories?post=137"},{"taxonomy":"post_tag","embeddable":true,"href":"https:\/\/matriculasdelmundo.com\/noticias\/wp-json\/wp\/v2\/tags?post=137"}],"curies":[{"name":"wp","href":"https:\/\/api.w.org\/{rel}","templated":true}]}}