{"id":1308,"date":"2024-10-15T11:06:02","date_gmt":"2024-10-15T10:06:02","guid":{"rendered":"https:\/\/matriculasdelmundo.com\/noticias\/?p=1308"},"modified":"2026-02-11T12:41:06","modified_gmt":"2026-02-11T11:41:06","slug":"nuevas-matriculas-taxi-viena","status":"publish","type":"post","link":"https:\/\/matriculasdelmundo.com\/noticias\/nuevas-matriculas-taxi-viena\/","title":{"rendered":"Nuevas matr\u00edculas de taxi en Viena"},"content":{"rendered":"\n<p><strong><a href=\"https:\/\/matriculasdelmundo.com\/austria.html\">Austria <\/a><\/strong>se encuentra en el <strong>coraz\u00f3n de <a href=\"https:\/\/matriculasdelmundo.com\/europeas.php\">Europa<\/a><\/strong>, con capital en la famosa ciudad de Viena. En <a href=\"https:\/\/matriculasdelmundo.com\/austria.html\">Austria <\/a>existen algunas <strong>matr\u00edculas especiales<\/strong> que se caracterizan bien por tener el fondo de un color distinto al blanco, o bien por tener algunas <strong>letras <\/strong>reservadas a la derecha. En caso de las matr\u00edculas con fondo blanco, las dos primeras o <strong>dos \u00faltimas letras identifican al tipo de veh\u00edculo<\/strong>. Adem\u00e1s, existen algunas matr\u00edculas especiales que est\u00e1n destinadas \u00fanicamente a algunas regiones. Tras una visita express a Viena, he podido observar esta novedad, aunque sin poder traeros ninguna fotograf\u00eda que lo ejemplifique. En este art\u00edculo sobre las&nbsp;<strong>nuevas matr\u00edculas de taxi de Viena<\/strong>&nbsp;te mostramos uno de estos ejemplos. Te dejamos un v\u00eddeo para entender c\u00f3mo funcionan las <strong>matr\u00edculas de Austria<\/strong>.<\/p>\n\n\n\n<figure class=\"wp-block-embed is-type-video is-provider-youtube wp-block-embed-youtube wp-embed-aspect-4-3 wp-has-aspect-ratio\"><div class=\"wp-block-embed__wrapper\">\n<div class=\"nv-iframe-embed\"><iframe title=\"MATR\u00cdCULAS de coche actuales de AUSTRIA \u2b95 \u00bfQu\u00e9 debes saber?\" width=\"1200\" height=\"900\" data-src=\"https:\/\/www.youtube.com\/embed\/Q9y4lr8AH38?feature=oembed\" frameborder=\"0\" allow=\"accelerometer; autoplay; clipboard-write; encrypted-media; gyroscope; picture-in-picture; web-share\" referrerpolicy=\"strict-origin-when-cross-origin\" allowfullscreen src=\"data:image\/svg+xml;base64,PHN2ZyB3aWR0aD0iMSIgaGVpZ2h0PSIxIiB4bWxucz0iaHR0cDovL3d3dy53My5vcmcvMjAwMC9zdmciPjwvc3ZnPg==\" class=\"lazyload\" data-load-mode=\"1\"><\/iframe><\/div>\n<\/div><\/figure>\n\n\n<div class=\"wp-block-image\">\n<figure class=\"aligncenter size-large\"><img decoding=\"async\" data-src=\"https:\/\/matriculasdelmundo.com\/matriculas\/todas\/explicacion\/funcionamiento-matricula-coche-austria-actual-explicacion.jpg\" alt=\"Funcionamiento de las matr\u00edculas de coche de Austria actuales\" src=\"data:image\/svg+xml;base64,PHN2ZyB3aWR0aD0iMSIgaGVpZ2h0PSIxIiB4bWxucz0iaHR0cDovL3d3dy53My5vcmcvMjAwMC9zdmciPjwvc3ZnPg==\" class=\"lazyload\" \/><figcaption class=\"wp-element-caption\">Funcionamiento de las <strong>matr\u00edculas de coche de <a href=\"https:\/\/matriculasdelmundo.com\/austria.html\">Austria<\/a><\/strong> en detalle<\/figcaption><\/figure>\n<\/div>\n\n\n<h2 class=\"wp-block-heading\">Matr\u00edculas especiales de Austria por regi\u00f3n<\/h2>\n\n\n\n<p><strong>En <a href=\"https:\/\/matriculasdelmundo.com\/austria.html\">Austria <\/a>existen numerosas <a href=\"https:\/\/matriculasdelmundo.com\/austria.html#fotos\">matr\u00edculas especiales<\/a><\/strong>, como las del ej\u00e9rcito que empiezan por BH, o las de bomberos que lo hacen por FH (<em>Feuerwehrleute<\/em>&nbsp;en alem\u00e1n). Sin embargo, como coment\u00e9 antes, existen algunas<strong> matr\u00edculas especiales para algunas regiones<\/strong>. Y es que <strong>Austria mantiene el uso de c\u00f3digos regionales en las matr\u00edculas de coche<\/strong> y moto. La regi\u00f3n m\u00e1s grande y famosa de Austria es Viena, la capital, que se escribe&nbsp;<em>Wien<\/em>&nbsp;en alem\u00e1n. En este caso, el c\u00f3digo regional de la capital Viena en las matr\u00edculas viene dado por el nombre en alem\u00e1n, tomando solamente la primera letra, es decir, la W. Como es de imaginar y al igual que ocurre en casi cualquier otro pa\u00eds del mundo, el mayor n\u00famero de matriculaciones en Austria tiene lugar en la capital, es decir en Viena.<\/p>\n\n\n<div class=\"wp-block-image is-style-default\">\n<figure class=\"aligncenter size-large\"><img decoding=\"async\" width=\"1024\" height=\"753\" data-src=\"https:\/\/matriculasdelmundo.com\/noticias\/wp-content\/uploads\/2024\/10\/skoda-kodiaq-blanco-matricula-austria-ambulancia-1-1024x753.jpg\" alt=\"Skoda blanco con matr\u00edcula especial de Viena para servicio de ambulancias\" class=\"wp-image-1310 lazyload\" data-srcset=\"https:\/\/matriculasdelmundo.com\/noticias\/wp-content\/uploads\/2024\/10\/skoda-kodiaq-blanco-matricula-austria-ambulancia-1-1024x753.jpg 1024w, https:\/\/matriculasdelmundo.com\/noticias\/wp-content\/uploads\/2024\/10\/skoda-kodiaq-blanco-matricula-austria-ambulancia-1-300x221.jpg 300w, https:\/\/matriculasdelmundo.com\/noticias\/wp-content\/uploads\/2024\/10\/skoda-kodiaq-blanco-matricula-austria-ambulancia-1-768x565.jpg 768w, https:\/\/matriculasdelmundo.com\/noticias\/wp-content\/uploads\/2024\/10\/skoda-kodiaq-blanco-matricula-austria-ambulancia-1.jpg 1161w\" data-sizes=\"(max-width: 1024px) 100vw, 1024px\" src=\"data:image\/svg+xml;base64,PHN2ZyB3aWR0aD0iMSIgaGVpZ2h0PSIxIiB4bWxucz0iaHR0cDovL3d3dy53My5vcmcvMjAwMC9zdmciPjwvc3ZnPg==\" style=\"--smush-placeholder-width: 1024px; --smush-placeholder-aspect-ratio: 1024\/753;\" \/><figcaption class=\"wp-element-caption\">Skoda Kodiaq blanco con <strong>matr\u00edcula de Viena<\/strong> (letra W) destinado al <strong>servicio de ambulancias (RD)<\/strong> &#8211; <a href=\"https:\/\/matriculasdelmundo.com\/austria.html\">+ info<\/a><\/figcaption><\/figure>\n<\/div>\n\n\n<h2 class=\"wp-block-heading\">Matr\u00edculas de taxi de Austria<\/h2>\n\n\n\n<p>Las <strong>matr\u00edculas especiales de Austria <\/strong>de determinadas regiones se pueden identificar por la \u00faltima letra o las \u00faltimas dos letras. Uno de los tipos de matr\u00edcula especial m\u00e1s caracter\u00edstica y famosa de Austria es la de los taxis. Este es precisamente el caso que venimos a tratar en esta noticia sobre las&nbsp;<strong>nuevas matr\u00edculas de taxi de Viena<\/strong>. Las <strong>matr\u00edculas de taxi de Austria se identifican por terminar por las letras TX<\/strong>. Pr\u00e1cticamente cada regi\u00f3n de Austria tiene matr\u00edculas especiales para los taxis, lo que significa que no ocurre solamente con el c\u00f3digo W de Viena sino que lo hace con la mayor parte de los de todo el pa\u00eds. Hasta este verano (de 2024), las dos letras eran TX, y desde el verano, \u00fanicamente para Viena, se a\u00f1ade una tercera letra.<\/p>\n\n\n<div class=\"wp-block-image\">\n<figure class=\"aligncenter size-large\"><img decoding=\"async\" width=\"1024\" height=\"753\" data-src=\"https:\/\/matriculasdelmundo.com\/noticias\/wp-content\/uploads\/2024\/10\/mercedes-AMG-coche-Viena-matricula-taxi-1-1024x753.jpg\" alt=\"Mercedes-Benz austriaco con matr\u00edcula de Viena especial para taxi\" class=\"wp-image-1311 lazyload\" data-srcset=\"https:\/\/matriculasdelmundo.com\/noticias\/wp-content\/uploads\/2024\/10\/mercedes-AMG-coche-Viena-matricula-taxi-1-1024x753.jpg 1024w, https:\/\/matriculasdelmundo.com\/noticias\/wp-content\/uploads\/2024\/10\/mercedes-AMG-coche-Viena-matricula-taxi-1-300x221.jpg 300w, https:\/\/matriculasdelmundo.com\/noticias\/wp-content\/uploads\/2024\/10\/mercedes-AMG-coche-Viena-matricula-taxi-1-768x565.jpg 768w, https:\/\/matriculasdelmundo.com\/noticias\/wp-content\/uploads\/2024\/10\/mercedes-AMG-coche-Viena-matricula-taxi-1.jpg 1161w\" data-sizes=\"(max-width: 1024px) 100vw, 1024px\" src=\"data:image\/svg+xml;base64,PHN2ZyB3aWR0aD0iMSIgaGVpZ2h0PSIxIiB4bWxucz0iaHR0cDovL3d3dy53My5vcmcvMjAwMC9zdmciPjwvc3ZnPg==\" style=\"--smush-placeholder-width: 1024px; --smush-placeholder-aspect-ratio: 1024\/753;\" \/><figcaption class=\"wp-element-caption\">Taxi en el centro de Viena con <strong>matr\u00edcula especial reservada para taxi <\/strong>(TX a la derecha) con el sistema utilizado hasta el verano de 2024. Posteriormente se utilizar\u00edan las letras ATX o BTX. <a href=\"https:\/\/matriculasdelmundo.com\/austria.html\">+ info<\/a><\/figcaption><\/figure>\n<\/div>\n\n\n<p>Pero sab\u00edas que las <strong>matr\u00edculas de taxi de Salzburg no terminan por TX sino que lo hacen solamente con la T<\/strong>. Y es que este tipo de regulaci\u00f3n se lleva por separado en cada estado federado. En la mayor parte de ellos se trata de mantener el c\u00f3digo TX al final para unificar la identificaci\u00f3n de taxis, pero no ocurre lo mismo en cada regi\u00f3n.<\/p>\n\n\n\n<h2 class=\"wp-block-heading\">Las nuevas matr\u00edculas de taxi de Viena en detalle<\/h2>\n\n\n\n<p>Como comentamos en el p\u00e1rrafo anterior, <strong>Viena utiliza matr\u00edculas especiales <\/strong>de coche <strong>terminadas en TX<\/strong>. Desde aproximadamente junio de 2024, los <strong>nuevos taxis de Viena se matriculan a\u00f1adiendo una tercera letra antes de TX<\/strong>. Las letras que se pueden a\u00f1adir son \u00fanicamente (de momento) A y B, asignadas sin ning\u00fan tipo de significado. Se espera que CTX siga a ATX y BTX. El motivo principal por el que se han actualizado las&nbsp;<strong>nuevas matr\u00edculas de taxi de Viena<\/strong>&nbsp;es por falta de combinaciones. Tras a\u00f1os de uso del sistema W 1234 TX, se han utilizado todas las combinaciones posibles y era necesario buscar un nuevo orden. El motivo por el que la nueva tercera letra en las <strong>matr\u00edculas de taxi de Viena<\/strong> va a la izquierda del c\u00f3digo TX es principalmente facilitar la identificaci\u00f3n de los taxis de manera m\u00e1s f\u00e1cil y r\u00e1pida.<\/p>\n\n\n<div class=\"wp-block-image\">\n<figure class=\"aligncenter size-full is-resized\"><img decoding=\"async\" width=\"960\" height=\"213\" data-src=\"https:\/\/matriculasdelmundo.com\/noticias\/wp-content\/uploads\/2024\/10\/matricula-taxi-austria-coche-viena-1.jpg\" alt=\"Matr\u00edcula de taxi de Viena con el nuevo formato de tres letras\" class=\"wp-image-1309 lazyload\" style=\"--smush-placeholder-width: 960px; --smush-placeholder-aspect-ratio: 960\/213;width:744px;height:auto\" data-srcset=\"https:\/\/matriculasdelmundo.com\/noticias\/wp-content\/uploads\/2024\/10\/matricula-taxi-austria-coche-viena-1.jpg 960w, https:\/\/matriculasdelmundo.com\/noticias\/wp-content\/uploads\/2024\/10\/matricula-taxi-austria-coche-viena-1-300x67.jpg 300w, https:\/\/matriculasdelmundo.com\/noticias\/wp-content\/uploads\/2024\/10\/matricula-taxi-austria-coche-viena-1-768x170.jpg 768w\" data-sizes=\"(max-width: 960px) 100vw, 960px\" src=\"data:image\/svg+xml;base64,PHN2ZyB3aWR0aD0iMSIgaGVpZ2h0PSIxIiB4bWxucz0iaHR0cDovL3d3dy53My5vcmcvMjAwMC9zdmciPjwvc3ZnPg==\" \/><\/figure>\n<\/div>\n\n\n<p>Y aunque no est\u00e9 relacionado con las matr\u00edculas, esta novedad trae consigo un nuevo sistema en el que los usuarios de los taxis pueden valorar a cada taxista independientemente mediante un c\u00f3digo QR.<\/p>\n\n\n\n<h2 class=\"wp-block-heading\">Fuente y m\u00e1s informaci\u00f3n sobre las matr\u00edculas de taxi de Austria<\/h2>\n\n\n\n<p>\u00bfBuscas m\u00e1s informaci\u00f3n sobre las <strong>matr\u00edculas de coche de Austria<\/strong>? Estas en el lugar adecuado, en matriculasdelmundo llevamos m\u00e1s de una d\u00e9cada recopilando toda la informaci\u00f3n posible para ofrecerte los datos m\u00e1s actualizados y completos sobre las <strong><a href=\"https:\/\/matriculasdelmundo.com\/austria.html\">matr\u00edculas de coche de Austria<\/a><\/strong>. Esta informaci\u00f3n la hemos conseguido tras la visita a Austria y el contacto con varios taxistas que han confirmado esta informaci\u00f3n.<\/p>\n\n\n<div class=\"kk-star-ratings kksr-auto kksr-align-center kksr-valign-bottom\"\n    data-payload='{&quot;align&quot;:&quot;center&quot;,&quot;id&quot;:&quot;1308&quot;,&quot;slug&quot;:&quot;default&quot;,&quot;valign&quot;:&quot;bottom&quot;,&quot;ignore&quot;:&quot;&quot;,&quot;reference&quot;:&quot;auto&quot;,&quot;class&quot;:&quot;&quot;,&quot;count&quot;:&quot;1&quot;,&quot;legendonly&quot;:&quot;&quot;,&quot;readonly&quot;:&quot;&quot;,&quot;score&quot;:&quot;5&quot;,&quot;starsonly&quot;:&quot;&quot;,&quot;best&quot;:&quot;5&quot;,&quot;gap&quot;:&quot;5&quot;,&quot;greet&quot;:&quot;Punt\u00faalo post&quot;,&quot;legend&quot;:&quot;5\\\/5 - (1 voto)&quot;,&quot;size&quot;:&quot;18&quot;,&quot;title&quot;:&quot;Nuevas matr\u00edculas de taxi en Viena&quot;,&quot;width&quot;:&quot;112.5&quot;,&quot;_legend&quot;:&quot;{score}\\\/{best} - ({count} {votes})&quot;,&quot;font_factor&quot;:&quot;1.25&quot;}'>\n            \n<div class=\"kksr-stars\">\n    \n<div class=\"kksr-stars-inactive\">\n            <div class=\"kksr-star\" data-star=\"1\" style=\"padding-right: 5px\">\n            \n\n<div class=\"kksr-icon\" style=\"width: 18px; height: 18px;\"><\/div>\n        <\/div>\n            <div class=\"kksr-star\" data-star=\"2\" style=\"padding-right: 5px\">\n            \n\n<div class=\"kksr-icon\" style=\"width: 18px; height: 18px;\"><\/div>\n        <\/div>\n            <div class=\"kksr-star\" data-star=\"3\" style=\"padding-right: 5px\">\n            \n\n<div class=\"kksr-icon\" style=\"width: 18px; height: 18px;\"><\/div>\n        <\/div>\n            <div class=\"kksr-star\" data-star=\"4\" style=\"padding-right: 5px\">\n            \n\n<div class=\"kksr-icon\" style=\"width: 18px; height: 18px;\"><\/div>\n        <\/div>\n            <div class=\"kksr-star\" data-star=\"5\" style=\"padding-right: 5px\">\n            \n\n<div class=\"kksr-icon\" style=\"width: 18px; height: 18px;\"><\/div>\n        <\/div>\n    <\/div>\n    \n<div class=\"kksr-stars-active\" style=\"width: 112.5px;\">\n            <div class=\"kksr-star\" style=\"padding-right: 5px\">\n            \n\n<div class=\"kksr-icon\" style=\"width: 18px; height: 18px;\"><\/div>\n        <\/div>\n            <div class=\"kksr-star\" style=\"padding-right: 5px\">\n            \n\n<div class=\"kksr-icon\" style=\"width: 18px; height: 18px;\"><\/div>\n        <\/div>\n            <div class=\"kksr-star\" style=\"padding-right: 5px\">\n            \n\n<div class=\"kksr-icon\" style=\"width: 18px; height: 18px;\"><\/div>\n        <\/div>\n            <div class=\"kksr-star\" style=\"padding-right: 5px\">\n            \n\n<div class=\"kksr-icon\" style=\"width: 18px; height: 18px;\"><\/div>\n        <\/div>\n            <div class=\"kksr-star\" style=\"padding-right: 5px\">\n            \n\n<div class=\"kksr-icon\" style=\"width: 18px; height: 18px;\"><\/div>\n        <\/div>\n    <\/div>\n<\/div>\n                \n\n<div class=\"kksr-legend\" style=\"font-size: 14.4px;\">\n            5\/5 - (1 voto)    <\/div>\n    <\/div>\n","protected":false},"excerpt":{"rendered":"<p>Austria se encuentra en el coraz\u00f3n de Europa, con capital en la famosa ciudad de Viena. En Austria existen algunas matr\u00edculas especiales que se caracterizan bien por tener el fondo de un color distinto al blanco, o bien por tener algunas letras reservadas a la derecha. En caso de las matr\u00edculas con fondo blanco, las&hellip;&nbsp;<a href=\"https:\/\/matriculasdelmundo.com\/noticias\/nuevas-matriculas-taxi-viena\/\" rel=\"bookmark\">Leer m\u00e1s &raquo;<span class=\"screen-reader-text\">Nuevas matr\u00edculas de taxi en Viena<\/span><\/a><\/p>\n","protected":false},"author":1,"featured_media":1313,"comment_status":"open","ping_status":"open","sticky":false,"template":"","format":"standard","meta":{"neve_meta_sidebar":"","neve_meta_container":"","neve_meta_enable_content_width":"","neve_meta_content_width":0,"neve_meta_title_alignment":"","neve_meta_author_avatar":"","neve_post_elements_order":"","neve_meta_disable_header":"","neve_meta_disable_footer":"","neve_meta_disable_title":"","footnotes":""},"categories":[188,81],"tags":[329,189,62],"class_list":["post-1308","post","type-post","status-publish","format-standard","has-post-thumbnail","hentry","category-austria","category-noticias-de-matriculas-de-europa","tag-329","tag-austria","tag-taxi"],"yoast_head":"<!-- This site is optimized with the Yoast SEO plugin v27.4 - https:\/\/yoast.com\/product\/yoast-seo-wordpress\/ -->\n<title>Nuevas matr\u00edculas de taxi en Viena ATX<\/title>\n<meta name=\"description\" content=\"As\u00ed son las nuevas matr\u00edculas de taxi en Viena. Descubre todos los detalles y c\u00f3mo son para tu pr\u00f3xima visita a la capital de Austria. \ud83d\ude97\" \/>\n<meta name=\"robots\" content=\"index, follow, max-snippet:-1, max-image-preview:large, max-video-preview:-1\" \/>\n<link rel=\"canonical\" href=\"https:\/\/matriculasdelmundo.com\/noticias\/nuevas-matriculas-taxi-viena\/\" \/>\n<meta property=\"og:locale\" content=\"es_ES\" \/>\n<meta property=\"og:type\" content=\"article\" \/>\n<meta property=\"og:title\" content=\"Nuevas matr\u00edculas de taxi en Viena ATX\" \/>\n<meta property=\"og:description\" content=\"As\u00ed son las nuevas matr\u00edculas de taxi en Viena. Descubre todos los detalles y c\u00f3mo son para tu pr\u00f3xima visita a la capital de Austria. \ud83d\ude97\" \/>\n<meta property=\"og:url\" content=\"https:\/\/matriculasdelmundo.com\/noticias\/nuevas-matriculas-taxi-viena\/\" \/>\n<meta property=\"og:site_name\" content=\"Noticias de matr\u00edculas del mundo\" \/>\n<meta property=\"article:publisher\" content=\"https:\/\/www.facebook.com\/matriculasdelmundo\/\" \/>\n<meta property=\"article:published_time\" content=\"2024-10-15T10:06:02+00:00\" \/>\n<meta property=\"article:modified_time\" content=\"2026-02-11T11:41:06+00:00\" \/>\n<meta property=\"og:image\" content=\"https:\/\/matriculasdelmundo.com\/noticias\/wp-content\/uploads\/2024\/10\/austria-nuevas-matriculas-taxi-viena-1.jpg\" \/>\n\t<meta property=\"og:image:width\" content=\"1080\" \/>\n\t<meta property=\"og:image:height\" content=\"808\" \/>\n\t<meta property=\"og:image:type\" content=\"image\/jpeg\" \/>\n<meta name=\"author\" content=\"Matriculasdelmundo\" \/>\n<meta name=\"twitter:card\" content=\"summary_large_image\" \/>\n<meta name=\"twitter:creator\" content=\"@matriculasdm\" \/>\n<meta name=\"twitter:site\" content=\"@matriculasdm\" \/>\n<meta name=\"twitter:label1\" content=\"Escrito por\" \/>\n\t<meta name=\"twitter:data1\" content=\"Matriculasdelmundo\" \/>\n\t<meta name=\"twitter:label2\" content=\"Tiempo de lectura\" \/>\n\t<meta name=\"twitter:data2\" content=\"5 minutos\" \/>\n<script type=\"application\/ld+json\" class=\"yoast-schema-graph\">{\"@context\":\"https:\\\/\\\/schema.org\",\"@graph\":[{\"@type\":\"Article\",\"@id\":\"https:\\\/\\\/matriculasdelmundo.com\\\/noticias\\\/nuevas-matriculas-taxi-viena\\\/#article\",\"isPartOf\":{\"@id\":\"https:\\\/\\\/matriculasdelmundo.com\\\/noticias\\\/nuevas-matriculas-taxi-viena\\\/\"},\"author\":{\"name\":\"Matriculasdelmundo\",\"@id\":\"https:\\\/\\\/matriculasdelmundo.com\\\/noticias\\\/#\\\/schema\\\/person\\\/91e4edcb4c5c7a2e9f6d5f83d116aa90\"},\"headline\":\"Nuevas matr\u00edculas de taxi en Viena\",\"datePublished\":\"2024-10-15T10:06:02+00:00\",\"dateModified\":\"2026-02-11T11:41:06+00:00\",\"mainEntityOfPage\":{\"@id\":\"https:\\\/\\\/matriculasdelmundo.com\\\/noticias\\\/nuevas-matriculas-taxi-viena\\\/\"},\"wordCount\":895,\"commentCount\":0,\"publisher\":{\"@id\":\"https:\\\/\\\/matriculasdelmundo.com\\\/noticias\\\/#organization\"},\"image\":{\"@id\":\"https:\\\/\\\/matriculasdelmundo.com\\\/noticias\\\/nuevas-matriculas-taxi-viena\\\/#primaryimage\"},\"thumbnailUrl\":\"https:\\\/\\\/matriculasdelmundo.com\\\/noticias\\\/wp-content\\\/uploads\\\/2024\\\/10\\\/austria-nuevas-matriculas-taxi-viena-1.jpg\",\"keywords\":[\"2024\",\"Austria\",\"taxi\"],\"articleSection\":[\"Austria\",\"Europa\"],\"inLanguage\":\"es\",\"potentialAction\":[{\"@type\":\"CommentAction\",\"name\":\"Comment\",\"target\":[\"https:\\\/\\\/matriculasdelmundo.com\\\/noticias\\\/nuevas-matriculas-taxi-viena\\\/#respond\"]}]},{\"@type\":\"WebPage\",\"@id\":\"https:\\\/\\\/matriculasdelmundo.com\\\/noticias\\\/nuevas-matriculas-taxi-viena\\\/\",\"url\":\"https:\\\/\\\/matriculasdelmundo.com\\\/noticias\\\/nuevas-matriculas-taxi-viena\\\/\",\"name\":\"Nuevas matr\u00edculas de taxi en Viena ATX\",\"isPartOf\":{\"@id\":\"https:\\\/\\\/matriculasdelmundo.com\\\/noticias\\\/#website\"},\"primaryImageOfPage\":{\"@id\":\"https:\\\/\\\/matriculasdelmundo.com\\\/noticias\\\/nuevas-matriculas-taxi-viena\\\/#primaryimage\"},\"image\":{\"@id\":\"https:\\\/\\\/matriculasdelmundo.com\\\/noticias\\\/nuevas-matriculas-taxi-viena\\\/#primaryimage\"},\"thumbnailUrl\":\"https:\\\/\\\/matriculasdelmundo.com\\\/noticias\\\/wp-content\\\/uploads\\\/2024\\\/10\\\/austria-nuevas-matriculas-taxi-viena-1.jpg\",\"datePublished\":\"2024-10-15T10:06:02+00:00\",\"dateModified\":\"2026-02-11T11:41:06+00:00\",\"description\":\"As\u00ed son las nuevas matr\u00edculas de taxi en Viena. Descubre todos los detalles y c\u00f3mo son para tu pr\u00f3xima visita a la capital de Austria. \ud83d\ude97\",\"breadcrumb\":{\"@id\":\"https:\\\/\\\/matriculasdelmundo.com\\\/noticias\\\/nuevas-matriculas-taxi-viena\\\/#breadcrumb\"},\"inLanguage\":\"es\",\"potentialAction\":[{\"@type\":\"ReadAction\",\"target\":[\"https:\\\/\\\/matriculasdelmundo.com\\\/noticias\\\/nuevas-matriculas-taxi-viena\\\/\"]}]},{\"@type\":\"ImageObject\",\"inLanguage\":\"es\",\"@id\":\"https:\\\/\\\/matriculasdelmundo.com\\\/noticias\\\/nuevas-matriculas-taxi-viena\\\/#primaryimage\",\"url\":\"https:\\\/\\\/matriculasdelmundo.com\\\/noticias\\\/wp-content\\\/uploads\\\/2024\\\/10\\\/austria-nuevas-matriculas-taxi-viena-1.jpg\",\"contentUrl\":\"https:\\\/\\\/matriculasdelmundo.com\\\/noticias\\\/wp-content\\\/uploads\\\/2024\\\/10\\\/austria-nuevas-matriculas-taxi-viena-1.jpg\",\"width\":1080,\"height\":808,\"caption\":\"Desde 2024 hay nuevas matr\u00edculas de taxi en Viena, Austria\"},{\"@type\":\"BreadcrumbList\",\"@id\":\"https:\\\/\\\/matriculasdelmundo.com\\\/noticias\\\/nuevas-matriculas-taxi-viena\\\/#breadcrumb\",\"itemListElement\":[{\"@type\":\"ListItem\",\"position\":1,\"name\":\"Portada\",\"item\":\"https:\\\/\\\/matriculasdelmundo.com\\\/noticias\\\/\"},{\"@type\":\"ListItem\",\"position\":2,\"name\":\"Nuevas matr\u00edculas de taxi en Viena\"}]},{\"@type\":\"WebSite\",\"@id\":\"https:\\\/\\\/matriculasdelmundo.com\\\/noticias\\\/#website\",\"url\":\"https:\\\/\\\/matriculasdelmundo.com\\\/noticias\\\/\",\"name\":\"Noticias de matr\u00edculas del mundo\",\"description\":\"Descubre las \u00faltimas noticias sobre matriculas de coches de todos los pa\u00edses del mundo. Actualizado semanalmente\",\"publisher\":{\"@id\":\"https:\\\/\\\/matriculasdelmundo.com\\\/noticias\\\/#organization\"},\"potentialAction\":[{\"@type\":\"SearchAction\",\"target\":{\"@type\":\"EntryPoint\",\"urlTemplate\":\"https:\\\/\\\/matriculasdelmundo.com\\\/noticias\\\/?s={search_term_string}\"},\"query-input\":{\"@type\":\"PropertyValueSpecification\",\"valueRequired\":true,\"valueName\":\"search_term_string\"}}],\"inLanguage\":\"es\"},{\"@type\":\"Organization\",\"@id\":\"https:\\\/\\\/matriculasdelmundo.com\\\/noticias\\\/#organization\",\"name\":\"Matriculasdelmundo.com\",\"url\":\"https:\\\/\\\/matriculasdelmundo.com\\\/noticias\\\/\",\"logo\":{\"@type\":\"ImageObject\",\"inLanguage\":\"es\",\"@id\":\"https:\\\/\\\/matriculasdelmundo.com\\\/noticias\\\/#\\\/schema\\\/logo\\\/image\\\/\",\"url\":\"https:\\\/\\\/matriculasdelmundo.com\\\/noticias\\\/wp-content\\\/uploads\\\/2017\\\/09\\\/logo2.png\",\"contentUrl\":\"https:\\\/\\\/matriculasdelmundo.com\\\/noticias\\\/wp-content\\\/uploads\\\/2017\\\/09\\\/logo2.png\",\"width\":100,\"height\":34,\"caption\":\"Matriculasdelmundo.com\"},\"image\":{\"@id\":\"https:\\\/\\\/matriculasdelmundo.com\\\/noticias\\\/#\\\/schema\\\/logo\\\/image\\\/\"},\"sameAs\":[\"https:\\\/\\\/www.facebook.com\\\/matriculasdelmundo\\\/\",\"https:\\\/\\\/x.com\\\/matriculasdm\",\"https:\\\/\\\/www.instagram.com\\\/matriculasdelmundo\\\/\"]},{\"@type\":\"Person\",\"@id\":\"https:\\\/\\\/matriculasdelmundo.com\\\/noticias\\\/#\\\/schema\\\/person\\\/91e4edcb4c5c7a2e9f6d5f83d116aa90\",\"name\":\"Matriculasdelmundo\",\"image\":{\"@type\":\"ImageObject\",\"inLanguage\":\"es\",\"@id\":\"https:\\\/\\\/secure.gravatar.com\\\/avatar\\\/83f1597276b4fd718af4e3dae5c073f1efc6ca190953128b5ef9ba5696cc5297?s=96&d=mm&r=g\",\"url\":\"https:\\\/\\\/secure.gravatar.com\\\/avatar\\\/83f1597276b4fd718af4e3dae5c073f1efc6ca190953128b5ef9ba5696cc5297?s=96&d=mm&r=g\",\"contentUrl\":\"https:\\\/\\\/secure.gravatar.com\\\/avatar\\\/83f1597276b4fd718af4e3dae5c073f1efc6ca190953128b5ef9ba5696cc5297?s=96&d=mm&r=g\",\"caption\":\"Matriculasdelmundo\"}}]}<\/script>\n<!-- \/ Yoast SEO plugin. -->","yoast_head_json":{"title":"Nuevas matr\u00edculas de taxi en Viena ATX","description":"As\u00ed son las nuevas matr\u00edculas de taxi en Viena. Descubre todos los detalles y c\u00f3mo son para tu pr\u00f3xima visita a la capital de Austria. \ud83d\ude97","robots":{"index":"index","follow":"follow","max-snippet":"max-snippet:-1","max-image-preview":"max-image-preview:large","max-video-preview":"max-video-preview:-1"},"canonical":"https:\/\/matriculasdelmundo.com\/noticias\/nuevas-matriculas-taxi-viena\/","og_locale":"es_ES","og_type":"article","og_title":"Nuevas matr\u00edculas de taxi en Viena ATX","og_description":"As\u00ed son las nuevas matr\u00edculas de taxi en Viena. Descubre todos los detalles y c\u00f3mo son para tu pr\u00f3xima visita a la capital de Austria. \ud83d\ude97","og_url":"https:\/\/matriculasdelmundo.com\/noticias\/nuevas-matriculas-taxi-viena\/","og_site_name":"Noticias de matr\u00edculas del mundo","article_publisher":"https:\/\/www.facebook.com\/matriculasdelmundo\/","article_published_time":"2024-10-15T10:06:02+00:00","article_modified_time":"2026-02-11T11:41:06+00:00","og_image":[{"width":1080,"height":808,"url":"https:\/\/matriculasdelmundo.com\/noticias\/wp-content\/uploads\/2024\/10\/austria-nuevas-matriculas-taxi-viena-1.jpg","type":"image\/jpeg"}],"author":"Matriculasdelmundo","twitter_card":"summary_large_image","twitter_creator":"@matriculasdm","twitter_site":"@matriculasdm","twitter_misc":{"Escrito por":"Matriculasdelmundo","Tiempo de lectura":"5 minutos"},"schema":{"@context":"https:\/\/schema.org","@graph":[{"@type":"Article","@id":"https:\/\/matriculasdelmundo.com\/noticias\/nuevas-matriculas-taxi-viena\/#article","isPartOf":{"@id":"https:\/\/matriculasdelmundo.com\/noticias\/nuevas-matriculas-taxi-viena\/"},"author":{"name":"Matriculasdelmundo","@id":"https:\/\/matriculasdelmundo.com\/noticias\/#\/schema\/person\/91e4edcb4c5c7a2e9f6d5f83d116aa90"},"headline":"Nuevas matr\u00edculas de taxi en Viena","datePublished":"2024-10-15T10:06:02+00:00","dateModified":"2026-02-11T11:41:06+00:00","mainEntityOfPage":{"@id":"https:\/\/matriculasdelmundo.com\/noticias\/nuevas-matriculas-taxi-viena\/"},"wordCount":895,"commentCount":0,"publisher":{"@id":"https:\/\/matriculasdelmundo.com\/noticias\/#organization"},"image":{"@id":"https:\/\/matriculasdelmundo.com\/noticias\/nuevas-matriculas-taxi-viena\/#primaryimage"},"thumbnailUrl":"https:\/\/matriculasdelmundo.com\/noticias\/wp-content\/uploads\/2024\/10\/austria-nuevas-matriculas-taxi-viena-1.jpg","keywords":["2024","Austria","taxi"],"articleSection":["Austria","Europa"],"inLanguage":"es","potentialAction":[{"@type":"CommentAction","name":"Comment","target":["https:\/\/matriculasdelmundo.com\/noticias\/nuevas-matriculas-taxi-viena\/#respond"]}]},{"@type":"WebPage","@id":"https:\/\/matriculasdelmundo.com\/noticias\/nuevas-matriculas-taxi-viena\/","url":"https:\/\/matriculasdelmundo.com\/noticias\/nuevas-matriculas-taxi-viena\/","name":"Nuevas matr\u00edculas de taxi en Viena ATX","isPartOf":{"@id":"https:\/\/matriculasdelmundo.com\/noticias\/#website"},"primaryImageOfPage":{"@id":"https:\/\/matriculasdelmundo.com\/noticias\/nuevas-matriculas-taxi-viena\/#primaryimage"},"image":{"@id":"https:\/\/matriculasdelmundo.com\/noticias\/nuevas-matriculas-taxi-viena\/#primaryimage"},"thumbnailUrl":"https:\/\/matriculasdelmundo.com\/noticias\/wp-content\/uploads\/2024\/10\/austria-nuevas-matriculas-taxi-viena-1.jpg","datePublished":"2024-10-15T10:06:02+00:00","dateModified":"2026-02-11T11:41:06+00:00","description":"As\u00ed son las nuevas matr\u00edculas de taxi en Viena. Descubre todos los detalles y c\u00f3mo son para tu pr\u00f3xima visita a la capital de Austria. \ud83d\ude97","breadcrumb":{"@id":"https:\/\/matriculasdelmundo.com\/noticias\/nuevas-matriculas-taxi-viena\/#breadcrumb"},"inLanguage":"es","potentialAction":[{"@type":"ReadAction","target":["https:\/\/matriculasdelmundo.com\/noticias\/nuevas-matriculas-taxi-viena\/"]}]},{"@type":"ImageObject","inLanguage":"es","@id":"https:\/\/matriculasdelmundo.com\/noticias\/nuevas-matriculas-taxi-viena\/#primaryimage","url":"https:\/\/matriculasdelmundo.com\/noticias\/wp-content\/uploads\/2024\/10\/austria-nuevas-matriculas-taxi-viena-1.jpg","contentUrl":"https:\/\/matriculasdelmundo.com\/noticias\/wp-content\/uploads\/2024\/10\/austria-nuevas-matriculas-taxi-viena-1.jpg","width":1080,"height":808,"caption":"Desde 2024 hay nuevas matr\u00edculas de taxi en Viena, Austria"},{"@type":"BreadcrumbList","@id":"https:\/\/matriculasdelmundo.com\/noticias\/nuevas-matriculas-taxi-viena\/#breadcrumb","itemListElement":[{"@type":"ListItem","position":1,"name":"Portada","item":"https:\/\/matriculasdelmundo.com\/noticias\/"},{"@type":"ListItem","position":2,"name":"Nuevas matr\u00edculas de taxi en Viena"}]},{"@type":"WebSite","@id":"https:\/\/matriculasdelmundo.com\/noticias\/#website","url":"https:\/\/matriculasdelmundo.com\/noticias\/","name":"Noticias de matr\u00edculas del mundo","description":"Descubre las \u00faltimas noticias sobre matriculas de coches de todos los pa\u00edses del mundo. Actualizado semanalmente","publisher":{"@id":"https:\/\/matriculasdelmundo.com\/noticias\/#organization"},"potentialAction":[{"@type":"SearchAction","target":{"@type":"EntryPoint","urlTemplate":"https:\/\/matriculasdelmundo.com\/noticias\/?s={search_term_string}"},"query-input":{"@type":"PropertyValueSpecification","valueRequired":true,"valueName":"search_term_string"}}],"inLanguage":"es"},{"@type":"Organization","@id":"https:\/\/matriculasdelmundo.com\/noticias\/#organization","name":"Matriculasdelmundo.com","url":"https:\/\/matriculasdelmundo.com\/noticias\/","logo":{"@type":"ImageObject","inLanguage":"es","@id":"https:\/\/matriculasdelmundo.com\/noticias\/#\/schema\/logo\/image\/","url":"https:\/\/matriculasdelmundo.com\/noticias\/wp-content\/uploads\/2017\/09\/logo2.png","contentUrl":"https:\/\/matriculasdelmundo.com\/noticias\/wp-content\/uploads\/2017\/09\/logo2.png","width":100,"height":34,"caption":"Matriculasdelmundo.com"},"image":{"@id":"https:\/\/matriculasdelmundo.com\/noticias\/#\/schema\/logo\/image\/"},"sameAs":["https:\/\/www.facebook.com\/matriculasdelmundo\/","https:\/\/x.com\/matriculasdm","https:\/\/www.instagram.com\/matriculasdelmundo\/"]},{"@type":"Person","@id":"https:\/\/matriculasdelmundo.com\/noticias\/#\/schema\/person\/91e4edcb4c5c7a2e9f6d5f83d116aa90","name":"Matriculasdelmundo","image":{"@type":"ImageObject","inLanguage":"es","@id":"https:\/\/secure.gravatar.com\/avatar\/83f1597276b4fd718af4e3dae5c073f1efc6ca190953128b5ef9ba5696cc5297?s=96&d=mm&r=g","url":"https:\/\/secure.gravatar.com\/avatar\/83f1597276b4fd718af4e3dae5c073f1efc6ca190953128b5ef9ba5696cc5297?s=96&d=mm&r=g","contentUrl":"https:\/\/secure.gravatar.com\/avatar\/83f1597276b4fd718af4e3dae5c073f1efc6ca190953128b5ef9ba5696cc5297?s=96&d=mm&r=g","caption":"Matriculasdelmundo"}}]}},"_links":{"self":[{"href":"https:\/\/matriculasdelmundo.com\/noticias\/wp-json\/wp\/v2\/posts\/1308","targetHints":{"allow":["GET"]}}],"collection":[{"href":"https:\/\/matriculasdelmundo.com\/noticias\/wp-json\/wp\/v2\/posts"}],"about":[{"href":"https:\/\/matriculasdelmundo.com\/noticias\/wp-json\/wp\/v2\/types\/post"}],"author":[{"embeddable":true,"href":"https:\/\/matriculasdelmundo.com\/noticias\/wp-json\/wp\/v2\/users\/1"}],"replies":[{"embeddable":true,"href":"https:\/\/matriculasdelmundo.com\/noticias\/wp-json\/wp\/v2\/comments?post=1308"}],"version-history":[{"count":2,"href":"https:\/\/matriculasdelmundo.com\/noticias\/wp-json\/wp\/v2\/posts\/1308\/revisions"}],"predecessor-version":[{"id":1533,"href":"https:\/\/matriculasdelmundo.com\/noticias\/wp-json\/wp\/v2\/posts\/1308\/revisions\/1533"}],"wp:featuredmedia":[{"embeddable":true,"href":"https:\/\/matriculasdelmundo.com\/noticias\/wp-json\/wp\/v2\/media\/1313"}],"wp:attachment":[{"href":"https:\/\/matriculasdelmundo.com\/noticias\/wp-json\/wp\/v2\/media?parent=1308"}],"wp:term":[{"taxonomy":"category","embeddable":true,"href":"https:\/\/matriculasdelmundo.com\/noticias\/wp-json\/wp\/v2\/categories?post=1308"},{"taxonomy":"post_tag","embeddable":true,"href":"https:\/\/matriculasdelmundo.com\/noticias\/wp-json\/wp\/v2\/tags?post=1308"}],"curies":[{"name":"wp","href":"https:\/\/api.w.org\/{rel}","templated":true}]}}