{"id":1262,"date":"2024-04-27T14:00:00","date_gmt":"2024-04-27T13:00:00","guid":{"rendered":"https:\/\/matriculasdelmundo.com\/noticias\/?p=1262"},"modified":"2026-02-11T12:43:57","modified_gmt":"2026-02-11T11:43:57","slug":"24-horas-monaco-coches","status":"publish","type":"post","link":"https:\/\/matriculasdelmundo.com\/noticias\/24-horas-monaco-coches\/","title":{"rendered":"24 horas en M\u00f3naco"},"content":{"rendered":"\n<p>Al sureste de <a href=\"https:\/\/matriculasdelmundo.com\/francia.html\">Francia<\/a>, se encuentra el <a href=\"https:\/\/matriculasdelmundo.com\/monaco.html\">estado independiente del Principado de M\u00f3naco<\/a>. <strong>M\u00f3naco es uno de los microestados m\u00e1s peque\u00f1os del mundo<\/strong> solo siendo el <a href=\"https:\/\/matriculasdelmundo.com\/vaticano.html\">Vaticano <\/a>menor en todo el mundo. M\u00f3naco tiene su propia bandera, territorio, y tambi\u00e9n sus propias matr\u00edculas. Tras una visita de <strong>24 horas en M\u00f3naco<\/strong>, os traemos un breve art\u00edculo sobre los<strong> coches y matr\u00edculas que en M\u00f3naco se pueden ver <\/strong>a fecha de 2023. Aunque 24 horas no sean suficientes, se pueden sacar algunas breves conclusiones interesantes.<\/p>\n\n\n\n<figure class=\"wp-block-image size-large\"><img decoding=\"async\" width=\"1024\" height=\"666\" data-src=\"https:\/\/matriculasdelmundo.com\/noticias\/wp-content\/uploads\/2024\/04\/visita-monaco-carspotting-coches-matriculas-1-1024x666.jpg\" alt=\"Visita de 24 horas a M\u00f3naco\" class=\"wp-image-1263 lazyload\" data-srcset=\"https:\/\/matriculasdelmundo.com\/noticias\/wp-content\/uploads\/2024\/04\/visita-monaco-carspotting-coches-matriculas-1-1024x666.jpg 1024w, https:\/\/matriculasdelmundo.com\/noticias\/wp-content\/uploads\/2024\/04\/visita-monaco-carspotting-coches-matriculas-1-300x195.jpg 300w, https:\/\/matriculasdelmundo.com\/noticias\/wp-content\/uploads\/2024\/04\/visita-monaco-carspotting-coches-matriculas-1-768x499.jpg 768w, https:\/\/matriculasdelmundo.com\/noticias\/wp-content\/uploads\/2024\/04\/visita-monaco-carspotting-coches-matriculas-1.jpg 1332w\" data-sizes=\"(max-width: 1024px) 100vw, 1024px\" src=\"data:image\/svg+xml;base64,PHN2ZyB3aWR0aD0iMSIgaGVpZ2h0PSIxIiB4bWxucz0iaHR0cDovL3d3dy53My5vcmcvMjAwMC9zdmciPjwvc3ZnPg==\" style=\"--smush-placeholder-width: 1024px; --smush-placeholder-aspect-ratio: 1024\/666;\" \/><\/figure>\n\n\n\n<h2 class=\"wp-block-heading\">La leyenda automovil\u00edstica de M\u00f3naco<\/h2>\n\n\n\n<p><strong>M\u00f3naco es uno de los pa\u00edses del mundo en los que hay una mayor inter\u00e9s general por el mundo automovil\u00edstico<\/strong>, relacionada entre otros motivos con la f\u00f3rmula 1 gracias a su \u00fanico circuito urbano. Adem\u00e1s, M\u00f3naco dispone de una ventajosa situaci\u00f3n para aquellos habitantes con altos ingresos econ\u00f3micos, influyendo as\u00ed en la <strong>gran cantidad de veh\u00edculos de alta gama y de lujo<\/strong> que circulan por las calles del Principado. M\u00f3naco es adem\u00e1s uno de los estados con una <strong>densidad de poblaci\u00f3n m\u00e1s elevada<\/strong>, por lo que su ic\u00f3nico paisaje junto al Mar Mediterr\u00e1neo es de elevados rascacielos y estrechas calles.<\/p>\n\n\n<div class=\"wp-block-image\">\n<figure class=\"aligncenter size-full\"><img decoding=\"async\" width=\"903\" height=\"575\" data-src=\"https:\/\/matriculasdelmundo.com\/noticias\/wp-content\/uploads\/2024\/04\/Ferrari-Testarrosa-matricula-monaco-coche-rojo-1.jpg\" alt=\"Ferrari Testarrosa con matr\u00edcula de M\u00f3naco 9927\" class=\"wp-image-1265 lazyload\" data-srcset=\"https:\/\/matriculasdelmundo.com\/noticias\/wp-content\/uploads\/2024\/04\/Ferrari-Testarrosa-matricula-monaco-coche-rojo-1.jpg 903w, https:\/\/matriculasdelmundo.com\/noticias\/wp-content\/uploads\/2024\/04\/Ferrari-Testarrosa-matricula-monaco-coche-rojo-1-300x191.jpg 300w, https:\/\/matriculasdelmundo.com\/noticias\/wp-content\/uploads\/2024\/04\/Ferrari-Testarrosa-matricula-monaco-coche-rojo-1-768x489.jpg 768w\" data-sizes=\"(max-width: 903px) 100vw, 903px\" src=\"data:image\/svg+xml;base64,PHN2ZyB3aWR0aD0iMSIgaGVpZ2h0PSIxIiB4bWxucz0iaHR0cDovL3d3dy53My5vcmcvMjAwMC9zdmciPjwvc3ZnPg==\" style=\"--smush-placeholder-width: 903px; --smush-placeholder-aspect-ratio: 903\/575;\" \/><figcaption class=\"wp-element-caption\">Ferrari Testarrosa con <strong>matr\u00edcula de M\u00f3naco<\/strong> <\/figcaption><\/figure>\n<\/div>\n\n\n<p><strong>M\u00f3naco se encuentra rodeada por <a href=\"https:\/\/matriculasdelmundo.com\/francia.html\">Francia <\/a>salvo por el sur que lo hace con el mar<\/strong>, siendo extremadamente frecuente ver <strong>coches franceses<\/strong> en sus calles. Incluso algunos <strong>autobuses urbanos tienen matr\u00edcula francesa<\/strong>. A escasos kil\u00f3metros de la zona este del territorio se encuentra <a href=\"https:\/\/matriculasdelmundo.com\/italia.html\">Italia<\/a>, de d\u00f3nde tambi\u00e9n es frecuente ver coches y motos, aunque en menor medida que franceses.<\/p>\n\n\n\n<h2 class=\"wp-block-heading\">\u00bfQu\u00e9 coches pueden verse en las calles de M\u00f3naco?<\/h2>\n\n\n\n<p>En cuanto a los <strong>coches que pueden verse en las calles de M\u00f3naco<\/strong> en 24 horas hay una gran variedad. Es frecuente ver un <strong>gran tr\u00e1fico por las calles del Principado<\/strong>. Autobuses y motocicletas comparten terreno con furgonetas de reparto y turistas. Sin embargo, M\u00f3naco es famoso por el <strong>carspotting <\/strong>que tiene lugar especialmente en sus<strong> parkings y calles principales<\/strong>, como en la Plaza del Casino. Los veh\u00edculos de alta gama son frecuentes, incluyendo los coches ex\u00f3ticos de todas las marcas. En funci\u00f3n de la \u00e9poca del a\u00f1o y de la hora del d\u00eda, estos coches son m\u00e1s frecuentes, aunque siempre suelen estar en parkings subterr\u00e1neos y zonas de hoteles. Es posible denominar a los coches m\u00e1s antiguos y usados como \u00abex\u00f3ticos\u00bb, ya que son menos frecuentes que los de alta gama. Un Peugeot 106 o un Citro\u00ebn Xsara Picasso pueden ser menos frecuentes que casi cualquier modelo de las principales marcas de alta gama.<\/p>\n\n\n<div class=\"wp-block-image wp-duotone-unset-1\">\n<figure class=\"aligncenter size-large is-resized\"><img decoding=\"async\" width=\"1024\" height=\"488\" data-src=\"https:\/\/matriculasdelmundo.com\/noticias\/wp-content\/uploads\/2024\/04\/fiat-tipo-matricula-monaco-antiguo-1-1024x488.jpg\" alt=\"Fiat Tipo con matr\u00edcula de M\u00f3naco avistado en la ciudad de Niza\" class=\"wp-image-1264 lazyload\" style=\"--smush-placeholder-width: 1024px; --smush-placeholder-aspect-ratio: 1024\/488;width:878px;height:auto\" data-srcset=\"https:\/\/matriculasdelmundo.com\/noticias\/wp-content\/uploads\/2024\/04\/fiat-tipo-matricula-monaco-antiguo-1-1024x488.jpg 1024w, https:\/\/matriculasdelmundo.com\/noticias\/wp-content\/uploads\/2024\/04\/fiat-tipo-matricula-monaco-antiguo-1-300x143.jpg 300w, https:\/\/matriculasdelmundo.com\/noticias\/wp-content\/uploads\/2024\/04\/fiat-tipo-matricula-monaco-antiguo-1-768x366.jpg 768w, https:\/\/matriculasdelmundo.com\/noticias\/wp-content\/uploads\/2024\/04\/fiat-tipo-matricula-monaco-antiguo-1.jpg 1285w\" data-sizes=\"(max-width: 1024px) 100vw, 1024px\" src=\"data:image\/svg+xml;base64,PHN2ZyB3aWR0aD0iMSIgaGVpZ2h0PSIxIiB4bWxucz0iaHR0cDovL3d3dy53My5vcmcvMjAwMC9zdmciPjwvc3ZnPg==\" \/><figcaption class=\"wp-element-caption\">Ejemplo de veh\u00edculo que no es de lujo con <strong>matr\u00edcula de M\u00f3naco<\/strong><\/figcaption><\/figure>\n<\/div>\n\n\n<h2 class=\"wp-block-heading\">\u00bfEs posible ver coches de m\u00e1s de 20 a\u00f1os en M\u00f3naco?<\/h2>\n\n\n\n<p>Si tienes la duda sobre si es posible <strong>ver coches de m\u00e1s de 20 a\u00f1os en las calles de M\u00f3naco<\/strong>, la respuesta es bastante r\u00e1pida, no. <strong>No es para nada sencillo ver estos coches<\/strong>, aunque todav\u00eda sea posible en algunas excepciones, sobre todo en algunos barrios alejados del centro y de la costa, como en <em>La Rousse.<\/em> Coches de una antig\u00fcedad mayor son tambi\u00e9n visibles, ya que existe una <strong>gran afici\u00f3n por los veh\u00edculos cl\u00e1sicos e hist\u00f3ricos<\/strong>. Esto significa que aunque sea complicado ver un coche ordinario de los a\u00f1os 90, es posible ver coches de alta gama o especiales anteriores al 2004. <\/p>\n\n\n\n<h2 class=\"wp-block-heading\">\u00bfQu\u00e9 matr\u00edculas pueden verse en las calles de M\u00f3naco?<\/h2>\n\n\n\n<p>Aunque M\u00f3naco sea principalmente por los amantes de los coches de lujo y por los carspotters, es tambi\u00e9n conocido por los aficionados a las matr\u00edculas y del <strong>licenseplatespotting<\/strong>. La <strong>importancia del turismo<\/strong> <strong>en M\u00f3naco<\/strong> es elevada, por lo que muchos turistas acuden con sus veh\u00edculos desde lugares lejanos, incluso en rallies y eventos privados. Anualmente destaca el <strong>rally de M\u00f3naco y el rally de hist\u00f3ricos de M\u00f3naco<\/strong>, con participantes de todo el Globo y con matr\u00edculas de sus respectivos estados o territorios.<\/p>\n\n\n\n<p>En M\u00f3naco es frecuente ver coches (y motos) con matr\u00edculas de <a href=\"https:\/\/matriculasdelmundo.com\/francia.html\">Francia<\/a>, <a href=\"https:\/\/matriculasdelmundo.com\/italia.html\">Italia<\/a>, <a href=\"https:\/\/matriculasdelmundo.com\/luxemburgo.html\">Luxemburgo<\/a>, Reino Unido, <a href=\"https:\/\/matriculasdelmundo.com\/belgica.html\">B\u00e9lgica<\/a>, <a href=\"https:\/\/matriculasdelmundo.com\/espana.html\">Espa\u00f1a <\/a>y <a href=\"https:\/\/matriculasdelmundo.com\/suiza.html\">Suiza <\/a>entre otros. Como en otros pa\u00edses europeos, tambi\u00e9n es frecuente encontrarse con coches con matr\u00edcula de <a href=\"https:\/\/matriculasdelmundo.com\/ucrania.html\">Ucrania<\/a>.<\/p>\n\n\n<div class=\"wp-block-image\">\n<figure class=\"aligncenter size-full\"><img decoding=\"async\" width=\"899\" height=\"726\" data-src=\"https:\/\/matriculasdelmundo.com\/noticias\/wp-content\/uploads\/2024\/04\/Mercedes-Madrid-matricula-extranjera-monaco-1.jpg\" alt=\"Mercedes Benz con matr\u00edcula antigua de Madrid en el centro de M\u00f3naco\" class=\"wp-image-1266 lazyload\" data-srcset=\"https:\/\/matriculasdelmundo.com\/noticias\/wp-content\/uploads\/2024\/04\/Mercedes-Madrid-matricula-extranjera-monaco-1.jpg 899w, https:\/\/matriculasdelmundo.com\/noticias\/wp-content\/uploads\/2024\/04\/Mercedes-Madrid-matricula-extranjera-monaco-1-300x242.jpg 300w, https:\/\/matriculasdelmundo.com\/noticias\/wp-content\/uploads\/2024\/04\/Mercedes-Madrid-matricula-extranjera-monaco-1-768x620.jpg 768w\" data-sizes=\"(max-width: 899px) 100vw, 899px\" src=\"data:image\/svg+xml;base64,PHN2ZyB3aWR0aD0iMSIgaGVpZ2h0PSIxIiB4bWxucz0iaHR0cDovL3d3dy53My5vcmcvMjAwMC9zdmciPjwvc3ZnPg==\" style=\"--smush-placeholder-width: 899px; --smush-placeholder-aspect-ratio: 899\/726;\" \/><\/figure>\n<\/div>\n\n\n<p>Seguramente al final del d\u00eda <strong>puedas ver tantos coches y motos con matr\u00edculas de M\u00f3naco como de Francia<\/strong>, destacando sobre todo los coches <strong>franceses con el c\u00f3digo 06<\/strong>.&nbsp;<\/p>\n\n\n\n<h2 class=\"wp-block-heading\">\u00bfQu\u00e9 matr\u00edculas de M\u00f3naco son m\u00e1s frecuentes de ver?<\/h2>\n\n\n\n<p>Las <strong>matr\u00edculas de M\u00f3naco que son m\u00e1s frecuentes de ver en 24 horas en M\u00f3naco son las del sistema ordinario<\/strong>. Estas matr\u00edculas se <strong>componen de cuatro n\u00fameros, tres n\u00fameros y una letra, o una letra y tres n\u00fameros<\/strong>. Las matr\u00edculas de M\u00f3naco tienen un tama\u00f1o inferior al est\u00e1ndar europeo, similar al de <a href=\"https:\/\/matriculasdelmundo.com\/san-marino.html\">San Marino<\/a> y <a href=\"https:\/\/matriculasdelmundo.com\/andorra.html\">Andorra<\/a>. <strong>No tienen eurobanda<\/strong>, pero muestran el escudo de M\u00f3naco en la parte izquierda, en color rojo y blanco y con una pegatina que indica la fecha de \u00faltima validaci\u00f3n de la matr\u00edcula. En la parte inferior de la matr\u00edcula se muestra en color azul Principaute de Monaco.&nbsp;<\/p>\n\n\n<div class=\"wp-block-image\">\n<figure class=\"aligncenter size-large\"><img decoding=\"async\" data-src=\"https:\/\/matriculasdelmundo.com\/matriculas\/todas\/explicacion\/funcionamiento-matricula-coche-monaco-actual-explicacion.jpg\" alt=\"Funcionamiento de las matr\u00edculas de M\u00f3naco actuales\" src=\"data:image\/svg+xml;base64,PHN2ZyB3aWR0aD0iMSIgaGVpZ2h0PSIxIiB4bWxucz0iaHR0cDovL3d3dy53My5vcmcvMjAwMC9zdmciPjwvc3ZnPg==\" class=\"lazyload\" \/><\/figure>\n<\/div>\n\n\n<p>Adem\u00e1s de las matr\u00edculas del sistema ordinario, <strong>M\u00f3naco tiene una serie de matr\u00edculas especiales<\/strong>. Las matr\u00edculas especiales de M\u00f3naco suelen comenzar por ciertas letras. Por ejemplo, la W identifica a matr\u00edculas temporales o de concesionario. Antiguamente, la letra X identificaba a veh\u00edculos hist\u00f3ricos, y a\u00fan es frecuente ver los veh\u00edculos m\u00e1s antiguos del principado empezando o terminando con la letra X. Los remolques sol\u00edan comenzar con A, aunque tras este <strong>24 horas en M\u00f3naco<\/strong>, varios ejemplos de remolques impulsados por coches, utilizaban la misma matr\u00edcula que el veh\u00edculo que lo remolcaba. Las <strong>matr\u00edculas del cuerpo diplom\u00e1tico y cuerpo consular <\/strong>utilizan las letras CD o CC respectivamente. Adem\u00e1s, las matr\u00edculas de exportaci\u00f3n tienen un tama\u00f1o diferente y unos colores completamente distintos, guardando una gran semejanza con las antiguas matr\u00edculas FNI francesas. Estas matr\u00edculas se componen de cuatro n\u00fameros, las letras WW y MC (que identifican a M\u00f3naco). Tambi\u00e9n muestran hasta cu\u00e1ndo es v\u00e1lida dicha matr\u00edcula.<\/p>\n\n\n<div class=\"wp-block-image\">\n<figure class=\"aligncenter size-large is-resized\"><img decoding=\"async\" data-src=\"https:\/\/matriculasdelmundo.com\/matriculas\/monaco\/MCCD.jpg\" alt=\"Matr\u00edcula del Cuerpo Diplom\u00e1tico de M\u00f3naco\" style=\"width:509px;height:auto\" src=\"data:image\/svg+xml;base64,PHN2ZyB3aWR0aD0iMSIgaGVpZ2h0PSIxIiB4bWxucz0iaHR0cDovL3d3dy53My5vcmcvMjAwMC9zdmciPjwvc3ZnPg==\" class=\"lazyload\" \/><figcaption class=\"wp-element-caption\"><strong>Matr\u00edcula del Cuerpo Diplom\u00e1tico de M\u00f3naco<\/strong> comenzando por CD<\/figcaption><\/figure>\n<\/div>\n\n<div class=\"wp-block-image\">\n<figure class=\"aligncenter size-large is-resized\"><img decoding=\"async\" data-src=\"https:\/\/matriculasdelmundo.com\/matriculas\/monaco\/MCX.jpg\" alt=\"Matr\u00edcula de coche hist\u00f3rico de M\u00f3naco con letra X\" style=\"width:510px;height:auto\" src=\"data:image\/svg+xml;base64,PHN2ZyB3aWR0aD0iMSIgaGVpZ2h0PSIxIiB4bWxucz0iaHR0cDovL3d3dy53My5vcmcvMjAwMC9zdmciPjwvc3ZnPg==\" class=\"lazyload\" \/><figcaption class=\"wp-element-caption\"><strong>Matr\u00edcula de veh\u00edculo hist\u00f3rico de M\u00f3naco<\/strong> mostrando letra X<\/figcaption><\/figure>\n<\/div>\n\n\n<h2 class=\"wp-block-heading\">\u00bfVas a viajar pr\u00f3ximamente a M\u00f3naco?<\/h2>\n\n\n\n<p>Si quieres <strong>viajar pr\u00f3ximamente a M\u00f3naco<\/strong> y te gustan los coches, entonces este es tu sitio. Es recomendable visitar todo el recorrido por el que tiene lugar la f\u00f3rmula 1, desde la recta de salida, hasta el t\u00fanel de Larvotto. En este recorrido tendr\u00e1s opci\u00f3n de ver algunos de los modelos m\u00e1s modernos y ex\u00f3ticos de coches de alta gama del mercado, o incluso alguna tienda en la que podr\u00edas incluso alquilarlos.&nbsp;<\/p>\n\n\n\n<p>Si <strong>visitas M\u00f3naco<\/strong> y tienes alguna experiencia interesante, puedes compartirla en los comentarios m\u00e1s abajo con nosotros. \ud83d\udc47 \ud83c\udfce\ufe0f<\/p>\n\n\n<div class=\"kk-star-ratings kksr-auto kksr-align-center kksr-valign-bottom\"\n    data-payload='{&quot;align&quot;:&quot;center&quot;,&quot;id&quot;:&quot;1262&quot;,&quot;slug&quot;:&quot;default&quot;,&quot;valign&quot;:&quot;bottom&quot;,&quot;ignore&quot;:&quot;&quot;,&quot;reference&quot;:&quot;auto&quot;,&quot;class&quot;:&quot;&quot;,&quot;count&quot;:&quot;3&quot;,&quot;legendonly&quot;:&quot;&quot;,&quot;readonly&quot;:&quot;&quot;,&quot;score&quot;:&quot;5&quot;,&quot;starsonly&quot;:&quot;&quot;,&quot;best&quot;:&quot;5&quot;,&quot;gap&quot;:&quot;5&quot;,&quot;greet&quot;:&quot;Punt\u00faalo post&quot;,&quot;legend&quot;:&quot;5\\\/5 - (3 votos)&quot;,&quot;size&quot;:&quot;18&quot;,&quot;title&quot;:&quot;24 horas en M\u00f3naco&quot;,&quot;width&quot;:&quot;112.5&quot;,&quot;_legend&quot;:&quot;{score}\\\/{best} - ({count} {votes})&quot;,&quot;font_factor&quot;:&quot;1.25&quot;}'>\n            \n<div class=\"kksr-stars\">\n    \n<div class=\"kksr-stars-inactive\">\n            <div class=\"kksr-star\" data-star=\"1\" style=\"padding-right: 5px\">\n            \n\n<div class=\"kksr-icon\" style=\"width: 18px; height: 18px;\"><\/div>\n        <\/div>\n            <div class=\"kksr-star\" data-star=\"2\" style=\"padding-right: 5px\">\n            \n\n<div class=\"kksr-icon\" style=\"width: 18px; height: 18px;\"><\/div>\n        <\/div>\n            <div class=\"kksr-star\" data-star=\"3\" style=\"padding-right: 5px\">\n            \n\n<div class=\"kksr-icon\" style=\"width: 18px; height: 18px;\"><\/div>\n        <\/div>\n            <div class=\"kksr-star\" data-star=\"4\" style=\"padding-right: 5px\">\n            \n\n<div class=\"kksr-icon\" style=\"width: 18px; height: 18px;\"><\/div>\n        <\/div>\n            <div class=\"kksr-star\" data-star=\"5\" style=\"padding-right: 5px\">\n            \n\n<div class=\"kksr-icon\" style=\"width: 18px; height: 18px;\"><\/div>\n        <\/div>\n    <\/div>\n    \n<div class=\"kksr-stars-active\" style=\"width: 112.5px;\">\n            <div class=\"kksr-star\" style=\"padding-right: 5px\">\n            \n\n<div class=\"kksr-icon\" style=\"width: 18px; height: 18px;\"><\/div>\n        <\/div>\n            <div class=\"kksr-star\" style=\"padding-right: 5px\">\n            \n\n<div class=\"kksr-icon\" style=\"width: 18px; height: 18px;\"><\/div>\n        <\/div>\n            <div class=\"kksr-star\" style=\"padding-right: 5px\">\n            \n\n<div class=\"kksr-icon\" style=\"width: 18px; height: 18px;\"><\/div>\n        <\/div>\n            <div class=\"kksr-star\" style=\"padding-right: 5px\">\n            \n\n<div class=\"kksr-icon\" style=\"width: 18px; height: 18px;\"><\/div>\n        <\/div>\n            <div class=\"kksr-star\" style=\"padding-right: 5px\">\n            \n\n<div class=\"kksr-icon\" style=\"width: 18px; height: 18px;\"><\/div>\n        <\/div>\n    <\/div>\n<\/div>\n                \n\n<div class=\"kksr-legend\" style=\"font-size: 14.4px;\">\n            5\/5 - (3 votos)    <\/div>\n    <\/div>\n","protected":false},"excerpt":{"rendered":"<p>Al sureste de Francia, se encuentra el estado independiente del Principado de M\u00f3naco. M\u00f3naco es uno de los microestados m\u00e1s peque\u00f1os del mundo solo siendo el Vaticano menor en todo el mundo. M\u00f3naco tiene su propia bandera, territorio, y tambi\u00e9n sus propias matr\u00edculas. Tras una visita de 24 horas en M\u00f3naco, os traemos un breve&hellip;&nbsp;<a href=\"https:\/\/matriculasdelmundo.com\/noticias\/24-horas-monaco-coches\/\" rel=\"bookmark\">Leer m\u00e1s &raquo;<span class=\"screen-reader-text\">24 horas en M\u00f3naco<\/span><\/a><\/p>\n","protected":false},"author":1,"featured_media":1263,"comment_status":"open","ping_status":"open","sticky":false,"template":"","format":"standard","meta":{"neve_meta_sidebar":"","neve_meta_container":"","neve_meta_enable_content_width":"","neve_meta_content_width":0,"neve_meta_title_alignment":"","neve_meta_author_avatar":"","neve_post_elements_order":"","neve_meta_disable_header":"","neve_meta_disable_footer":"","neve_meta_disable_title":"","footnotes":""},"categories":[37,81,327,351],"tags":[38,352,316],"class_list":["post-1262","post","type-post","status-publish","format-standard","has-post-thumbnail","hentry","category-blog","category-noticias-de-matriculas-de-europa","category-monaco","category-viajes","tag-blog","tag-monaco-2","tag-viaje"],"yoast_head":"<!-- This site is optimized with the Yoast SEO plugin v27.5 - https:\/\/yoast.com\/product\/yoast-seo-wordpress\/ -->\n<title>24 horas en M\u00f3naco - Noticias de matr\u00edculas del mundo<\/title>\n<meta name=\"description\" content=\"Descubre los coches de M\u00f3naco en 24 horas. Hemos viajado a M\u00f3naco a ver coches, y esto es lo que hemos sacado en conclusi\u00f3n.\" \/>\n<meta name=\"robots\" content=\"index, follow, max-snippet:-1, max-image-preview:large, max-video-preview:-1\" \/>\n<link rel=\"canonical\" href=\"https:\/\/matriculasdelmundo.com\/noticias\/24-horas-monaco-coches\/\" \/>\n<meta property=\"og:locale\" content=\"es_ES\" \/>\n<meta property=\"og:type\" content=\"article\" \/>\n<meta property=\"og:title\" content=\"24 horas en M\u00f3naco - Noticias de matr\u00edculas del mundo\" \/>\n<meta property=\"og:description\" content=\"Descubre los coches de M\u00f3naco en 24 horas. Hemos viajado a M\u00f3naco a ver coches, y esto es lo que hemos sacado en conclusi\u00f3n.\" \/>\n<meta property=\"og:url\" content=\"https:\/\/matriculasdelmundo.com\/noticias\/24-horas-monaco-coches\/\" \/>\n<meta property=\"og:site_name\" content=\"Noticias de matr\u00edculas del mundo\" \/>\n<meta property=\"article:publisher\" content=\"https:\/\/www.facebook.com\/matriculasdelmundo\/\" \/>\n<meta property=\"article:published_time\" content=\"2024-04-27T13:00:00+00:00\" \/>\n<meta property=\"article:modified_time\" content=\"2026-02-11T11:43:57+00:00\" \/>\n<meta property=\"og:image\" content=\"https:\/\/matriculasdelmundo.com\/noticias\/wp-content\/uploads\/2024\/04\/visita-monaco-carspotting-coches-matriculas-1.jpg\" \/>\n\t<meta property=\"og:image:width\" content=\"1332\" \/>\n\t<meta property=\"og:image:height\" content=\"866\" \/>\n\t<meta property=\"og:image:type\" content=\"image\/jpeg\" \/>\n<meta name=\"author\" content=\"Matriculasdelmundo\" \/>\n<meta name=\"twitter:card\" content=\"summary_large_image\" \/>\n<meta name=\"twitter:creator\" content=\"@matriculasdm\" \/>\n<meta name=\"twitter:site\" content=\"@matriculasdm\" \/>\n<meta name=\"twitter:label1\" content=\"Escrito por\" \/>\n\t<meta name=\"twitter:data1\" content=\"Matriculasdelmundo\" \/>\n\t<meta name=\"twitter:label2\" content=\"Tiempo de lectura\" \/>\n\t<meta name=\"twitter:data2\" content=\"7 minutos\" \/>\n<script type=\"application\/ld+json\" class=\"yoast-schema-graph\">{\"@context\":\"https:\\\/\\\/schema.org\",\"@graph\":[{\"@type\":\"Article\",\"@id\":\"https:\\\/\\\/matriculasdelmundo.com\\\/noticias\\\/24-horas-monaco-coches\\\/#article\",\"isPartOf\":{\"@id\":\"https:\\\/\\\/matriculasdelmundo.com\\\/noticias\\\/24-horas-monaco-coches\\\/\"},\"author\":{\"name\":\"Matriculasdelmundo\",\"@id\":\"https:\\\/\\\/matriculasdelmundo.com\\\/noticias\\\/#\\\/schema\\\/person\\\/91e4edcb4c5c7a2e9f6d5f83d116aa90\"},\"headline\":\"24 horas en M\u00f3naco\",\"datePublished\":\"2024-04-27T13:00:00+00:00\",\"dateModified\":\"2026-02-11T11:43:57+00:00\",\"mainEntityOfPage\":{\"@id\":\"https:\\\/\\\/matriculasdelmundo.com\\\/noticias\\\/24-horas-monaco-coches\\\/\"},\"wordCount\":1231,\"commentCount\":0,\"publisher\":{\"@id\":\"https:\\\/\\\/matriculasdelmundo.com\\\/noticias\\\/#organization\"},\"image\":{\"@id\":\"https:\\\/\\\/matriculasdelmundo.com\\\/noticias\\\/24-horas-monaco-coches\\\/#primaryimage\"},\"thumbnailUrl\":\"https:\\\/\\\/matriculasdelmundo.com\\\/noticias\\\/wp-content\\\/uploads\\\/2024\\\/04\\\/visita-monaco-carspotting-coches-matriculas-1.jpg\",\"keywords\":[\"blog\",\"monaco\",\"viaje\"],\"articleSection\":[\"Blog\",\"Europa\",\"Monaco\",\"Viajes\"],\"inLanguage\":\"es\",\"potentialAction\":[{\"@type\":\"CommentAction\",\"name\":\"Comment\",\"target\":[\"https:\\\/\\\/matriculasdelmundo.com\\\/noticias\\\/24-horas-monaco-coches\\\/#respond\"]}]},{\"@type\":\"WebPage\",\"@id\":\"https:\\\/\\\/matriculasdelmundo.com\\\/noticias\\\/24-horas-monaco-coches\\\/\",\"url\":\"https:\\\/\\\/matriculasdelmundo.com\\\/noticias\\\/24-horas-monaco-coches\\\/\",\"name\":\"24 horas en M\u00f3naco - Noticias de matr\u00edculas del mundo\",\"isPartOf\":{\"@id\":\"https:\\\/\\\/matriculasdelmundo.com\\\/noticias\\\/#website\"},\"primaryImageOfPage\":{\"@id\":\"https:\\\/\\\/matriculasdelmundo.com\\\/noticias\\\/24-horas-monaco-coches\\\/#primaryimage\"},\"image\":{\"@id\":\"https:\\\/\\\/matriculasdelmundo.com\\\/noticias\\\/24-horas-monaco-coches\\\/#primaryimage\"},\"thumbnailUrl\":\"https:\\\/\\\/matriculasdelmundo.com\\\/noticias\\\/wp-content\\\/uploads\\\/2024\\\/04\\\/visita-monaco-carspotting-coches-matriculas-1.jpg\",\"datePublished\":\"2024-04-27T13:00:00+00:00\",\"dateModified\":\"2026-02-11T11:43:57+00:00\",\"description\":\"Descubre los coches de M\u00f3naco en 24 horas. Hemos viajado a M\u00f3naco a ver coches, y esto es lo que hemos sacado en conclusi\u00f3n.\",\"breadcrumb\":{\"@id\":\"https:\\\/\\\/matriculasdelmundo.com\\\/noticias\\\/24-horas-monaco-coches\\\/#breadcrumb\"},\"inLanguage\":\"es\",\"potentialAction\":[{\"@type\":\"ReadAction\",\"target\":[\"https:\\\/\\\/matriculasdelmundo.com\\\/noticias\\\/24-horas-monaco-coches\\\/\"]}]},{\"@type\":\"ImageObject\",\"inLanguage\":\"es\",\"@id\":\"https:\\\/\\\/matriculasdelmundo.com\\\/noticias\\\/24-horas-monaco-coches\\\/#primaryimage\",\"url\":\"https:\\\/\\\/matriculasdelmundo.com\\\/noticias\\\/wp-content\\\/uploads\\\/2024\\\/04\\\/visita-monaco-carspotting-coches-matriculas-1.jpg\",\"contentUrl\":\"https:\\\/\\\/matriculasdelmundo.com\\\/noticias\\\/wp-content\\\/uploads\\\/2024\\\/04\\\/visita-monaco-carspotting-coches-matriculas-1.jpg\",\"width\":1332,\"height\":866,\"caption\":\"Viaje express de 24 horas a M\u00f3naco a ver coches\"},{\"@type\":\"BreadcrumbList\",\"@id\":\"https:\\\/\\\/matriculasdelmundo.com\\\/noticias\\\/24-horas-monaco-coches\\\/#breadcrumb\",\"itemListElement\":[{\"@type\":\"ListItem\",\"position\":1,\"name\":\"Portada\",\"item\":\"https:\\\/\\\/matriculasdelmundo.com\\\/noticias\\\/\"},{\"@type\":\"ListItem\",\"position\":2,\"name\":\"24 horas en M\u00f3naco\"}]},{\"@type\":\"WebSite\",\"@id\":\"https:\\\/\\\/matriculasdelmundo.com\\\/noticias\\\/#website\",\"url\":\"https:\\\/\\\/matriculasdelmundo.com\\\/noticias\\\/\",\"name\":\"Noticias de matr\u00edculas del mundo\",\"description\":\"Descubre las \u00faltimas noticias sobre matriculas de coches de todos los pa\u00edses del mundo. Actualizado semanalmente\",\"publisher\":{\"@id\":\"https:\\\/\\\/matriculasdelmundo.com\\\/noticias\\\/#organization\"},\"potentialAction\":[{\"@type\":\"SearchAction\",\"target\":{\"@type\":\"EntryPoint\",\"urlTemplate\":\"https:\\\/\\\/matriculasdelmundo.com\\\/noticias\\\/?s={search_term_string}\"},\"query-input\":{\"@type\":\"PropertyValueSpecification\",\"valueRequired\":true,\"valueName\":\"search_term_string\"}}],\"inLanguage\":\"es\"},{\"@type\":\"Organization\",\"@id\":\"https:\\\/\\\/matriculasdelmundo.com\\\/noticias\\\/#organization\",\"name\":\"Matriculasdelmundo.com\",\"url\":\"https:\\\/\\\/matriculasdelmundo.com\\\/noticias\\\/\",\"logo\":{\"@type\":\"ImageObject\",\"inLanguage\":\"es\",\"@id\":\"https:\\\/\\\/matriculasdelmundo.com\\\/noticias\\\/#\\\/schema\\\/logo\\\/image\\\/\",\"url\":\"https:\\\/\\\/matriculasdelmundo.com\\\/noticias\\\/wp-content\\\/uploads\\\/2017\\\/09\\\/logo2.png\",\"contentUrl\":\"https:\\\/\\\/matriculasdelmundo.com\\\/noticias\\\/wp-content\\\/uploads\\\/2017\\\/09\\\/logo2.png\",\"width\":100,\"height\":34,\"caption\":\"Matriculasdelmundo.com\"},\"image\":{\"@id\":\"https:\\\/\\\/matriculasdelmundo.com\\\/noticias\\\/#\\\/schema\\\/logo\\\/image\\\/\"},\"sameAs\":[\"https:\\\/\\\/www.facebook.com\\\/matriculasdelmundo\\\/\",\"https:\\\/\\\/x.com\\\/matriculasdm\",\"https:\\\/\\\/www.instagram.com\\\/matriculasdelmundo\\\/\"]},{\"@type\":\"Person\",\"@id\":\"https:\\\/\\\/matriculasdelmundo.com\\\/noticias\\\/#\\\/schema\\\/person\\\/91e4edcb4c5c7a2e9f6d5f83d116aa90\",\"name\":\"Matriculasdelmundo\",\"image\":{\"@type\":\"ImageObject\",\"inLanguage\":\"es\",\"@id\":\"https:\\\/\\\/secure.gravatar.com\\\/avatar\\\/83f1597276b4fd718af4e3dae5c073f1efc6ca190953128b5ef9ba5696cc5297?s=96&d=mm&r=g\",\"url\":\"https:\\\/\\\/secure.gravatar.com\\\/avatar\\\/83f1597276b4fd718af4e3dae5c073f1efc6ca190953128b5ef9ba5696cc5297?s=96&d=mm&r=g\",\"contentUrl\":\"https:\\\/\\\/secure.gravatar.com\\\/avatar\\\/83f1597276b4fd718af4e3dae5c073f1efc6ca190953128b5ef9ba5696cc5297?s=96&d=mm&r=g\",\"caption\":\"Matriculasdelmundo\"}}]}<\/script>\n<!-- \/ Yoast SEO plugin. -->","yoast_head_json":{"title":"24 horas en M\u00f3naco - Noticias de matr\u00edculas del mundo","description":"Descubre los coches de M\u00f3naco en 24 horas. Hemos viajado a M\u00f3naco a ver coches, y esto es lo que hemos sacado en conclusi\u00f3n.","robots":{"index":"index","follow":"follow","max-snippet":"max-snippet:-1","max-image-preview":"max-image-preview:large","max-video-preview":"max-video-preview:-1"},"canonical":"https:\/\/matriculasdelmundo.com\/noticias\/24-horas-monaco-coches\/","og_locale":"es_ES","og_type":"article","og_title":"24 horas en M\u00f3naco - Noticias de matr\u00edculas del mundo","og_description":"Descubre los coches de M\u00f3naco en 24 horas. Hemos viajado a M\u00f3naco a ver coches, y esto es lo que hemos sacado en conclusi\u00f3n.","og_url":"https:\/\/matriculasdelmundo.com\/noticias\/24-horas-monaco-coches\/","og_site_name":"Noticias de matr\u00edculas del mundo","article_publisher":"https:\/\/www.facebook.com\/matriculasdelmundo\/","article_published_time":"2024-04-27T13:00:00+00:00","article_modified_time":"2026-02-11T11:43:57+00:00","og_image":[{"width":1332,"height":866,"url":"https:\/\/matriculasdelmundo.com\/noticias\/wp-content\/uploads\/2024\/04\/visita-monaco-carspotting-coches-matriculas-1.jpg","type":"image\/jpeg"}],"author":"Matriculasdelmundo","twitter_card":"summary_large_image","twitter_creator":"@matriculasdm","twitter_site":"@matriculasdm","twitter_misc":{"Escrito por":"Matriculasdelmundo","Tiempo de lectura":"7 minutos"},"schema":{"@context":"https:\/\/schema.org","@graph":[{"@type":"Article","@id":"https:\/\/matriculasdelmundo.com\/noticias\/24-horas-monaco-coches\/#article","isPartOf":{"@id":"https:\/\/matriculasdelmundo.com\/noticias\/24-horas-monaco-coches\/"},"author":{"name":"Matriculasdelmundo","@id":"https:\/\/matriculasdelmundo.com\/noticias\/#\/schema\/person\/91e4edcb4c5c7a2e9f6d5f83d116aa90"},"headline":"24 horas en M\u00f3naco","datePublished":"2024-04-27T13:00:00+00:00","dateModified":"2026-02-11T11:43:57+00:00","mainEntityOfPage":{"@id":"https:\/\/matriculasdelmundo.com\/noticias\/24-horas-monaco-coches\/"},"wordCount":1231,"commentCount":0,"publisher":{"@id":"https:\/\/matriculasdelmundo.com\/noticias\/#organization"},"image":{"@id":"https:\/\/matriculasdelmundo.com\/noticias\/24-horas-monaco-coches\/#primaryimage"},"thumbnailUrl":"https:\/\/matriculasdelmundo.com\/noticias\/wp-content\/uploads\/2024\/04\/visita-monaco-carspotting-coches-matriculas-1.jpg","keywords":["blog","monaco","viaje"],"articleSection":["Blog","Europa","Monaco","Viajes"],"inLanguage":"es","potentialAction":[{"@type":"CommentAction","name":"Comment","target":["https:\/\/matriculasdelmundo.com\/noticias\/24-horas-monaco-coches\/#respond"]}]},{"@type":"WebPage","@id":"https:\/\/matriculasdelmundo.com\/noticias\/24-horas-monaco-coches\/","url":"https:\/\/matriculasdelmundo.com\/noticias\/24-horas-monaco-coches\/","name":"24 horas en M\u00f3naco - Noticias de matr\u00edculas del mundo","isPartOf":{"@id":"https:\/\/matriculasdelmundo.com\/noticias\/#website"},"primaryImageOfPage":{"@id":"https:\/\/matriculasdelmundo.com\/noticias\/24-horas-monaco-coches\/#primaryimage"},"image":{"@id":"https:\/\/matriculasdelmundo.com\/noticias\/24-horas-monaco-coches\/#primaryimage"},"thumbnailUrl":"https:\/\/matriculasdelmundo.com\/noticias\/wp-content\/uploads\/2024\/04\/visita-monaco-carspotting-coches-matriculas-1.jpg","datePublished":"2024-04-27T13:00:00+00:00","dateModified":"2026-02-11T11:43:57+00:00","description":"Descubre los coches de M\u00f3naco en 24 horas. Hemos viajado a M\u00f3naco a ver coches, y esto es lo que hemos sacado en conclusi\u00f3n.","breadcrumb":{"@id":"https:\/\/matriculasdelmundo.com\/noticias\/24-horas-monaco-coches\/#breadcrumb"},"inLanguage":"es","potentialAction":[{"@type":"ReadAction","target":["https:\/\/matriculasdelmundo.com\/noticias\/24-horas-monaco-coches\/"]}]},{"@type":"ImageObject","inLanguage":"es","@id":"https:\/\/matriculasdelmundo.com\/noticias\/24-horas-monaco-coches\/#primaryimage","url":"https:\/\/matriculasdelmundo.com\/noticias\/wp-content\/uploads\/2024\/04\/visita-monaco-carspotting-coches-matriculas-1.jpg","contentUrl":"https:\/\/matriculasdelmundo.com\/noticias\/wp-content\/uploads\/2024\/04\/visita-monaco-carspotting-coches-matriculas-1.jpg","width":1332,"height":866,"caption":"Viaje express de 24 horas a M\u00f3naco a ver coches"},{"@type":"BreadcrumbList","@id":"https:\/\/matriculasdelmundo.com\/noticias\/24-horas-monaco-coches\/#breadcrumb","itemListElement":[{"@type":"ListItem","position":1,"name":"Portada","item":"https:\/\/matriculasdelmundo.com\/noticias\/"},{"@type":"ListItem","position":2,"name":"24 horas en M\u00f3naco"}]},{"@type":"WebSite","@id":"https:\/\/matriculasdelmundo.com\/noticias\/#website","url":"https:\/\/matriculasdelmundo.com\/noticias\/","name":"Noticias de matr\u00edculas del mundo","description":"Descubre las \u00faltimas noticias sobre matriculas de coches de todos los pa\u00edses del mundo. Actualizado semanalmente","publisher":{"@id":"https:\/\/matriculasdelmundo.com\/noticias\/#organization"},"potentialAction":[{"@type":"SearchAction","target":{"@type":"EntryPoint","urlTemplate":"https:\/\/matriculasdelmundo.com\/noticias\/?s={search_term_string}"},"query-input":{"@type":"PropertyValueSpecification","valueRequired":true,"valueName":"search_term_string"}}],"inLanguage":"es"},{"@type":"Organization","@id":"https:\/\/matriculasdelmundo.com\/noticias\/#organization","name":"Matriculasdelmundo.com","url":"https:\/\/matriculasdelmundo.com\/noticias\/","logo":{"@type":"ImageObject","inLanguage":"es","@id":"https:\/\/matriculasdelmundo.com\/noticias\/#\/schema\/logo\/image\/","url":"https:\/\/matriculasdelmundo.com\/noticias\/wp-content\/uploads\/2017\/09\/logo2.png","contentUrl":"https:\/\/matriculasdelmundo.com\/noticias\/wp-content\/uploads\/2017\/09\/logo2.png","width":100,"height":34,"caption":"Matriculasdelmundo.com"},"image":{"@id":"https:\/\/matriculasdelmundo.com\/noticias\/#\/schema\/logo\/image\/"},"sameAs":["https:\/\/www.facebook.com\/matriculasdelmundo\/","https:\/\/x.com\/matriculasdm","https:\/\/www.instagram.com\/matriculasdelmundo\/"]},{"@type":"Person","@id":"https:\/\/matriculasdelmundo.com\/noticias\/#\/schema\/person\/91e4edcb4c5c7a2e9f6d5f83d116aa90","name":"Matriculasdelmundo","image":{"@type":"ImageObject","inLanguage":"es","@id":"https:\/\/secure.gravatar.com\/avatar\/83f1597276b4fd718af4e3dae5c073f1efc6ca190953128b5ef9ba5696cc5297?s=96&d=mm&r=g","url":"https:\/\/secure.gravatar.com\/avatar\/83f1597276b4fd718af4e3dae5c073f1efc6ca190953128b5ef9ba5696cc5297?s=96&d=mm&r=g","contentUrl":"https:\/\/secure.gravatar.com\/avatar\/83f1597276b4fd718af4e3dae5c073f1efc6ca190953128b5ef9ba5696cc5297?s=96&d=mm&r=g","caption":"Matriculasdelmundo"}}]}},"_links":{"self":[{"href":"https:\/\/matriculasdelmundo.com\/noticias\/wp-json\/wp\/v2\/posts\/1262","targetHints":{"allow":["GET"]}}],"collection":[{"href":"https:\/\/matriculasdelmundo.com\/noticias\/wp-json\/wp\/v2\/posts"}],"about":[{"href":"https:\/\/matriculasdelmundo.com\/noticias\/wp-json\/wp\/v2\/types\/post"}],"author":[{"embeddable":true,"href":"https:\/\/matriculasdelmundo.com\/noticias\/wp-json\/wp\/v2\/users\/1"}],"replies":[{"embeddable":true,"href":"https:\/\/matriculasdelmundo.com\/noticias\/wp-json\/wp\/v2\/comments?post=1262"}],"version-history":[{"count":2,"href":"https:\/\/matriculasdelmundo.com\/noticias\/wp-json\/wp\/v2\/posts\/1262\/revisions"}],"predecessor-version":[{"id":1534,"href":"https:\/\/matriculasdelmundo.com\/noticias\/wp-json\/wp\/v2\/posts\/1262\/revisions\/1534"}],"wp:featuredmedia":[{"embeddable":true,"href":"https:\/\/matriculasdelmundo.com\/noticias\/wp-json\/wp\/v2\/media\/1263"}],"wp:attachment":[{"href":"https:\/\/matriculasdelmundo.com\/noticias\/wp-json\/wp\/v2\/media?parent=1262"}],"wp:term":[{"taxonomy":"category","embeddable":true,"href":"https:\/\/matriculasdelmundo.com\/noticias\/wp-json\/wp\/v2\/categories?post=1262"},{"taxonomy":"post_tag","embeddable":true,"href":"https:\/\/matriculasdelmundo.com\/noticias\/wp-json\/wp\/v2\/tags?post=1262"}],"curies":[{"name":"wp","href":"https:\/\/api.w.org\/{rel}","templated":true}]}}