{"id":1221,"date":"2024-02-09T20:11:03","date_gmt":"2024-02-09T19:11:03","guid":{"rendered":"https:\/\/matriculasdelmundo.com\/noticias\/?p=1221"},"modified":"2024-02-09T20:22:13","modified_gmt":"2024-02-09T19:22:13","slug":"asi-son-matriculas-personalizadas-albania","status":"publish","type":"post","link":"https:\/\/matriculasdelmundo.com\/noticias\/asi-son-matriculas-personalizadas-albania\/","title":{"rendered":"As\u00ed son las matr\u00edculas personalizadas en Albania"},"content":{"rendered":"\n<p><strong>A finales de 2023 se present\u00f3 la posibilidad de conseguir matr\u00edculas personalizadas<\/strong> de coche<strong> en <a href=\"https:\/\/matriculasdelmundo.com\/albania.html\">Albania<\/a>.<\/strong> <a href=\"https:\/\/matriculasdelmundo.com\/albania.html\">Albania <\/a>utiliza su sistema de matr\u00edculas de coche actual en el sistema <a href=\"https:\/\/matriculasdelmundo.com\/italia.html\">italiano <\/a>de matr\u00edculas AA000AA sin mostrar c\u00f3digo regional de ning\u00fan tipo. Te explicamos todos los detalles sobre c\u00f3mo son este nuevo tipo de matr\u00edculas de coche y moto de Albania.<\/p>\n\n\n<div class=\"wp-block-image\">\n<figure class=\"aligncenter size-large\"><img decoding=\"async\" data-src=\"https:\/\/matriculasdelmundo.com\/matriculas\/todas\/albania\/matricula-coche-albania-personalizada-vip007a.png\" alt=\"Matr\u00edcula de coche de Albania personalziada\" src=\"data:image\/svg+xml;base64,PHN2ZyB3aWR0aD0iMSIgaGVpZ2h0PSIxIiB4bWxucz0iaHR0cDovL3d3dy53My5vcmcvMjAwMC9zdmciPjwvc3ZnPg==\" class=\"lazyload\" \/><figcaption class=\"wp-element-caption\">Ejemplo de <strong>matr\u00edcula de coche de <a href=\"https:\/\/matriculasdelmundo.com\/albania.html\">Albania <\/a>personalizada<\/strong> <em>Fuente: elaboraci\u00f3n propia<\/em><\/figcaption><\/figure>\n<\/div>\n\n\n<h2 class=\"wp-block-heading\">\u00bfC\u00f3mo son las matr\u00edculas personalizadas de Albania?<\/h2>\n\n\n\n<p>Si te interesa saber <strong>c\u00f3mo son las matr\u00edculas personalizadas de Albania <\/strong>te animamos a que entres en el <a href=\"https:\/\/matriculasdelmundo.com\/albania.html\">apartado de las <strong>matr\u00edculas de coches de Albania<\/strong> de matriculasdelmundo<\/a>, aunque te explicamos m\u00e1s detalles a continuaci\u00f3n a fecha de 02\/2024. Estas nuevas matr\u00edculas albanas deben siempre llevar entre 5 y 7 caracteres, mostrando siempre al menos dos letras. Tampoco se pueden utilizar determinadas letras. No obstante, s\u00ed se pueden utilizar letra I, O y Q con n\u00fameros 1 y 0 siempre y cuando no se repitan. (Ejemplo no permitido: 000Q0O)<\/p>\n\n\n<div class=\"wp-block-image\">\n<figure class=\"aligncenter size-large\"><img decoding=\"async\" width=\"1024\" height=\"557\" data-src=\"https:\/\/matriculasdelmundo.com\/noticias\/wp-content\/uploads\/2024\/02\/matricula-coche-albania-personalizda-NOOIZY-1024x557.png\" alt=\"Matr\u00edcula personalizada de Albania con 6 caracteres N001ZY\" class=\"wp-image-1222 lazyload\" data-srcset=\"https:\/\/matriculasdelmundo.com\/noticias\/wp-content\/uploads\/2024\/02\/matricula-coche-albania-personalizda-NOOIZY-1024x557.png 1024w, https:\/\/matriculasdelmundo.com\/noticias\/wp-content\/uploads\/2024\/02\/matricula-coche-albania-personalizda-NOOIZY-300x163.png 300w, https:\/\/matriculasdelmundo.com\/noticias\/wp-content\/uploads\/2024\/02\/matricula-coche-albania-personalizda-NOOIZY-768x418.png 768w, https:\/\/matriculasdelmundo.com\/noticias\/wp-content\/uploads\/2024\/02\/matricula-coche-albania-personalizda-NOOIZY-1536x836.png 1536w, https:\/\/matriculasdelmundo.com\/noticias\/wp-content\/uploads\/2024\/02\/matricula-coche-albania-personalizda-NOOIZY.png 1595w\" data-sizes=\"(max-width: 1024px) 100vw, 1024px\" src=\"data:image\/svg+xml;base64,PHN2ZyB3aWR0aD0iMSIgaGVpZ2h0PSIxIiB4bWxucz0iaHR0cDovL3d3dy53My5vcmcvMjAwMC9zdmciPjwvc3ZnPg==\" style=\"--smush-placeholder-width: 1024px; --smush-placeholder-aspect-ratio: 1024\/557;\" \/><figcaption class=\"wp-element-caption\"><strong>Matr\u00edcula personalizada de Albania<\/strong> con 6 caracteres N001ZY adquirida por el artista albano <em>Noizy <\/em><strong>por 21.000 euros. <\/strong><em>Fuente monitor.al<\/em><\/figcaption><\/figure>\n<\/div>\n\n\n<p>Adem\u00e1s, este nuevo sistema de matr\u00edculas de Albania <strong>trae consigo algunos nuevos tama\u00f1os para las matr\u00edculas<\/strong>. Entre otros, destaca el tipo de matr\u00edcula en dos l\u00edneas, en la que se muestra la franja azul con letras AL y escudo nacional, el holograma y la franja azul que normalmente se muestra en la parte derecha de la matr\u00edcula. Tambi\u00e9n se incluye una nueva tipograf\u00eda para las matr\u00edculas m\u00e1s peque\u00f1as. Conseguir una de estas nuevas matr\u00edculas personalizadas en Albania puede ser mediante compra directa o mediante subasta p\u00fablica. Cuando se emite una matr\u00edcula escogida, la matr\u00edcula puede reutilizarse en futuros veh\u00edculos siempre que no est\u00e9 en dos veh\u00edculos al mismo tiempo.<\/p>\n\n\n\n<h2 class=\"wp-block-heading\">Fuentes<\/h2>\n\n\n\n<p>La <strong>informaci\u00f3n mostrada en este art\u00edculo <\/strong>ha sido extraida de <a href=\"https:\/\/matriculasdelmundo.com\/albania.html\">matriculasdelmundo.com\/albania.html<\/a> y de algunas fuentes locales como <em>monitor.al<\/em>. <\/p>\n\n\n<div class=\"kk-star-ratings kksr-auto kksr-align-center kksr-valign-bottom\"\n    data-payload='{&quot;align&quot;:&quot;center&quot;,&quot;id&quot;:&quot;1221&quot;,&quot;slug&quot;:&quot;default&quot;,&quot;valign&quot;:&quot;bottom&quot;,&quot;ignore&quot;:&quot;&quot;,&quot;reference&quot;:&quot;auto&quot;,&quot;class&quot;:&quot;&quot;,&quot;count&quot;:&quot;0&quot;,&quot;legendonly&quot;:&quot;&quot;,&quot;readonly&quot;:&quot;&quot;,&quot;score&quot;:&quot;0&quot;,&quot;starsonly&quot;:&quot;&quot;,&quot;best&quot;:&quot;5&quot;,&quot;gap&quot;:&quot;5&quot;,&quot;greet&quot;:&quot;Punt\u00faalo post&quot;,&quot;legend&quot;:&quot;0\\\/5 - (0 votos)&quot;,&quot;size&quot;:&quot;18&quot;,&quot;title&quot;:&quot;As\u00ed son las matr\u00edculas personalizadas en Albania&quot;,&quot;width&quot;:&quot;0&quot;,&quot;_legend&quot;:&quot;{score}\\\/{best} - ({count} {votes})&quot;,&quot;font_factor&quot;:&quot;1.25&quot;}'>\n            \n<div class=\"kksr-stars\">\n    \n<div class=\"kksr-stars-inactive\">\n            <div class=\"kksr-star\" data-star=\"1\" style=\"padding-right: 5px\">\n            \n\n<div class=\"kksr-icon\" style=\"width: 18px; height: 18px;\"><\/div>\n        <\/div>\n            <div class=\"kksr-star\" data-star=\"2\" style=\"padding-right: 5px\">\n            \n\n<div class=\"kksr-icon\" style=\"width: 18px; height: 18px;\"><\/div>\n        <\/div>\n            <div class=\"kksr-star\" data-star=\"3\" style=\"padding-right: 5px\">\n            \n\n<div class=\"kksr-icon\" style=\"width: 18px; height: 18px;\"><\/div>\n        <\/div>\n            <div class=\"kksr-star\" data-star=\"4\" style=\"padding-right: 5px\">\n            \n\n<div class=\"kksr-icon\" style=\"width: 18px; height: 18px;\"><\/div>\n        <\/div>\n            <div class=\"kksr-star\" data-star=\"5\" style=\"padding-right: 5px\">\n            \n\n<div class=\"kksr-icon\" style=\"width: 18px; height: 18px;\"><\/div>\n        <\/div>\n    <\/div>\n    \n<div class=\"kksr-stars-active\" style=\"width: 0px;\">\n            <div class=\"kksr-star\" style=\"padding-right: 5px\">\n            \n\n<div class=\"kksr-icon\" style=\"width: 18px; height: 18px;\"><\/div>\n        <\/div>\n            <div class=\"kksr-star\" style=\"padding-right: 5px\">\n            \n\n<div class=\"kksr-icon\" style=\"width: 18px; height: 18px;\"><\/div>\n        <\/div>\n            <div class=\"kksr-star\" style=\"padding-right: 5px\">\n            \n\n<div class=\"kksr-icon\" style=\"width: 18px; height: 18px;\"><\/div>\n        <\/div>\n            <div class=\"kksr-star\" style=\"padding-right: 5px\">\n            \n\n<div class=\"kksr-icon\" style=\"width: 18px; height: 18px;\"><\/div>\n        <\/div>\n            <div class=\"kksr-star\" style=\"padding-right: 5px\">\n            \n\n<div class=\"kksr-icon\" style=\"width: 18px; height: 18px;\"><\/div>\n        <\/div>\n    <\/div>\n<\/div>\n                \n\n<div class=\"kksr-legend\" style=\"font-size: 14.4px;\">\n            <span class=\"kksr-muted\">Punt\u00faalo post<\/span>\n    <\/div>\n    <\/div>\n","protected":false},"excerpt":{"rendered":"<p>A finales de 2023 se present\u00f3 la posibilidad de conseguir matr\u00edculas personalizadas de coche en Albania. Albania utiliza su sistema de matr\u00edculas de coche actual en el sistema italiano de matr\u00edculas AA000AA sin mostrar c\u00f3digo regional de ning\u00fan tipo. Te explicamos todos los detalles sobre c\u00f3mo son este nuevo tipo de matr\u00edculas de coche y&hellip;&nbsp;<a href=\"https:\/\/matriculasdelmundo.com\/noticias\/asi-son-matriculas-personalizadas-albania\/\" rel=\"bookmark\">Leer m\u00e1s &raquo;<span class=\"screen-reader-text\">As\u00ed son las matr\u00edculas personalizadas en Albania<\/span><\/a><\/p>\n","protected":false},"author":1,"featured_media":1222,"comment_status":"open","ping_status":"open","sticky":false,"template":"","format":"standard","meta":{"neve_meta_sidebar":"","neve_meta_container":"","neve_meta_enable_content_width":"","neve_meta_content_width":0,"neve_meta_title_alignment":"","neve_meta_author_avatar":"","neve_post_elements_order":"","neve_meta_disable_header":"","neve_meta_disable_footer":"","neve_meta_disable_title":"","footnotes":""},"categories":[344,13],"tags":[345,9],"class_list":["post-1221","post","type-post","status-publish","format-standard","has-post-thumbnail","hentry","category-albania","category-paises","tag-albania","tag-personalizada"],"yoast_head":"<!-- This site is optimized with the Yoast SEO plugin v27.4 - https:\/\/yoast.com\/product\/yoast-seo-wordpress\/ -->\n<title>As\u00ed son las matr\u00edculas personalizadas en Albania - Noticias de matr\u00edculas del mundo<\/title>\n<meta name=\"description\" content=\"As\u00ed son las matr\u00edculas personalizadas en Albania - Descubre todas las noticias sobre las matr\u00edculas de Albania en detale\" \/>\n<meta name=\"robots\" content=\"index, follow, max-snippet:-1, max-image-preview:large, max-video-preview:-1\" \/>\n<link rel=\"canonical\" href=\"https:\/\/matriculasdelmundo.com\/noticias\/asi-son-matriculas-personalizadas-albania\/\" \/>\n<meta property=\"og:locale\" content=\"es_ES\" \/>\n<meta property=\"og:type\" content=\"article\" \/>\n<meta property=\"og:title\" content=\"As\u00ed son las matr\u00edculas personalizadas en Albania - Noticias de matr\u00edculas del mundo\" \/>\n<meta property=\"og:description\" content=\"As\u00ed son las matr\u00edculas personalizadas en Albania - Descubre todas las noticias sobre las matr\u00edculas de Albania en detale\" \/>\n<meta property=\"og:url\" content=\"https:\/\/matriculasdelmundo.com\/noticias\/asi-son-matriculas-personalizadas-albania\/\" \/>\n<meta property=\"og:site_name\" content=\"Noticias de matr\u00edculas del mundo\" \/>\n<meta property=\"article:publisher\" content=\"https:\/\/www.facebook.com\/matriculasdelmundo\/\" \/>\n<meta property=\"article:published_time\" content=\"2024-02-09T19:11:03+00:00\" \/>\n<meta property=\"article:modified_time\" content=\"2024-02-09T19:22:13+00:00\" \/>\n<meta property=\"og:image\" content=\"https:\/\/matriculasdelmundo.com\/noticias\/wp-content\/uploads\/2024\/02\/matricula-coche-albania-personalizda-NOOIZY.png\" \/>\n\t<meta property=\"og:image:width\" content=\"1595\" \/>\n\t<meta property=\"og:image:height\" content=\"868\" \/>\n\t<meta property=\"og:image:type\" content=\"image\/png\" \/>\n<meta name=\"author\" content=\"Matriculasdelmundo\" \/>\n<meta name=\"twitter:card\" content=\"summary_large_image\" \/>\n<meta name=\"twitter:creator\" content=\"@matriculasdm\" \/>\n<meta name=\"twitter:site\" content=\"@matriculasdm\" \/>\n<meta name=\"twitter:label1\" content=\"Escrito por\" \/>\n\t<meta name=\"twitter:data1\" content=\"Matriculasdelmundo\" \/>\n\t<meta name=\"twitter:label2\" content=\"Tiempo de lectura\" \/>\n\t<meta name=\"twitter:data2\" content=\"3 minutos\" \/>\n<script type=\"application\/ld+json\" class=\"yoast-schema-graph\">{\"@context\":\"https:\\\/\\\/schema.org\",\"@graph\":[{\"@type\":\"Article\",\"@id\":\"https:\\\/\\\/matriculasdelmundo.com\\\/noticias\\\/asi-son-matriculas-personalizadas-albania\\\/#article\",\"isPartOf\":{\"@id\":\"https:\\\/\\\/matriculasdelmundo.com\\\/noticias\\\/asi-son-matriculas-personalizadas-albania\\\/\"},\"author\":{\"name\":\"Matriculasdelmundo\",\"@id\":\"https:\\\/\\\/matriculasdelmundo.com\\\/noticias\\\/#\\\/schema\\\/person\\\/91e4edcb4c5c7a2e9f6d5f83d116aa90\"},\"headline\":\"As\u00ed son las matr\u00edculas personalizadas en Albania\",\"datePublished\":\"2024-02-09T19:11:03+00:00\",\"dateModified\":\"2024-02-09T19:22:13+00:00\",\"mainEntityOfPage\":{\"@id\":\"https:\\\/\\\/matriculasdelmundo.com\\\/noticias\\\/asi-son-matriculas-personalizadas-albania\\\/\"},\"wordCount\":359,\"commentCount\":0,\"publisher\":{\"@id\":\"https:\\\/\\\/matriculasdelmundo.com\\\/noticias\\\/#organization\"},\"image\":{\"@id\":\"https:\\\/\\\/matriculasdelmundo.com\\\/noticias\\\/asi-son-matriculas-personalizadas-albania\\\/#primaryimage\"},\"thumbnailUrl\":\"https:\\\/\\\/matriculasdelmundo.com\\\/noticias\\\/wp-content\\\/uploads\\\/2024\\\/02\\\/matricula-coche-albania-personalizda-NOOIZY.png\",\"keywords\":[\"albania\",\"personalizada\"],\"articleSection\":[\"Albania\",\"Pa\u00edses\"],\"inLanguage\":\"es\",\"potentialAction\":[{\"@type\":\"CommentAction\",\"name\":\"Comment\",\"target\":[\"https:\\\/\\\/matriculasdelmundo.com\\\/noticias\\\/asi-son-matriculas-personalizadas-albania\\\/#respond\"]}]},{\"@type\":\"WebPage\",\"@id\":\"https:\\\/\\\/matriculasdelmundo.com\\\/noticias\\\/asi-son-matriculas-personalizadas-albania\\\/\",\"url\":\"https:\\\/\\\/matriculasdelmundo.com\\\/noticias\\\/asi-son-matriculas-personalizadas-albania\\\/\",\"name\":\"As\u00ed son las matr\u00edculas personalizadas en Albania - Noticias de matr\u00edculas del mundo\",\"isPartOf\":{\"@id\":\"https:\\\/\\\/matriculasdelmundo.com\\\/noticias\\\/#website\"},\"primaryImageOfPage\":{\"@id\":\"https:\\\/\\\/matriculasdelmundo.com\\\/noticias\\\/asi-son-matriculas-personalizadas-albania\\\/#primaryimage\"},\"image\":{\"@id\":\"https:\\\/\\\/matriculasdelmundo.com\\\/noticias\\\/asi-son-matriculas-personalizadas-albania\\\/#primaryimage\"},\"thumbnailUrl\":\"https:\\\/\\\/matriculasdelmundo.com\\\/noticias\\\/wp-content\\\/uploads\\\/2024\\\/02\\\/matricula-coche-albania-personalizda-NOOIZY.png\",\"datePublished\":\"2024-02-09T19:11:03+00:00\",\"dateModified\":\"2024-02-09T19:22:13+00:00\",\"description\":\"As\u00ed son las matr\u00edculas personalizadas en Albania - Descubre todas las noticias sobre las matr\u00edculas de Albania en detale\",\"breadcrumb\":{\"@id\":\"https:\\\/\\\/matriculasdelmundo.com\\\/noticias\\\/asi-son-matriculas-personalizadas-albania\\\/#breadcrumb\"},\"inLanguage\":\"es\",\"potentialAction\":[{\"@type\":\"ReadAction\",\"target\":[\"https:\\\/\\\/matriculasdelmundo.com\\\/noticias\\\/asi-son-matriculas-personalizadas-albania\\\/\"]}]},{\"@type\":\"ImageObject\",\"inLanguage\":\"es\",\"@id\":\"https:\\\/\\\/matriculasdelmundo.com\\\/noticias\\\/asi-son-matriculas-personalizadas-albania\\\/#primaryimage\",\"url\":\"https:\\\/\\\/matriculasdelmundo.com\\\/noticias\\\/wp-content\\\/uploads\\\/2024\\\/02\\\/matricula-coche-albania-personalizda-NOOIZY.png\",\"contentUrl\":\"https:\\\/\\\/matriculasdelmundo.com\\\/noticias\\\/wp-content\\\/uploads\\\/2024\\\/02\\\/matricula-coche-albania-personalizda-NOOIZY.png\",\"width\":1595,\"height\":868,\"caption\":\"Matr\u00edcula de coche personalizada de Albania N001ZY\"},{\"@type\":\"BreadcrumbList\",\"@id\":\"https:\\\/\\\/matriculasdelmundo.com\\\/noticias\\\/asi-son-matriculas-personalizadas-albania\\\/#breadcrumb\",\"itemListElement\":[{\"@type\":\"ListItem\",\"position\":1,\"name\":\"Portada\",\"item\":\"https:\\\/\\\/matriculasdelmundo.com\\\/noticias\\\/\"},{\"@type\":\"ListItem\",\"position\":2,\"name\":\"As\u00ed son las matr\u00edculas personalizadas en Albania\"}]},{\"@type\":\"WebSite\",\"@id\":\"https:\\\/\\\/matriculasdelmundo.com\\\/noticias\\\/#website\",\"url\":\"https:\\\/\\\/matriculasdelmundo.com\\\/noticias\\\/\",\"name\":\"Noticias de matr\u00edculas del mundo\",\"description\":\"Descubre las \u00faltimas noticias sobre matriculas de coches de todos los pa\u00edses del mundo. Actualizado semanalmente\",\"publisher\":{\"@id\":\"https:\\\/\\\/matriculasdelmundo.com\\\/noticias\\\/#organization\"},\"potentialAction\":[{\"@type\":\"SearchAction\",\"target\":{\"@type\":\"EntryPoint\",\"urlTemplate\":\"https:\\\/\\\/matriculasdelmundo.com\\\/noticias\\\/?s={search_term_string}\"},\"query-input\":{\"@type\":\"PropertyValueSpecification\",\"valueRequired\":true,\"valueName\":\"search_term_string\"}}],\"inLanguage\":\"es\"},{\"@type\":\"Organization\",\"@id\":\"https:\\\/\\\/matriculasdelmundo.com\\\/noticias\\\/#organization\",\"name\":\"Matriculasdelmundo.com\",\"url\":\"https:\\\/\\\/matriculasdelmundo.com\\\/noticias\\\/\",\"logo\":{\"@type\":\"ImageObject\",\"inLanguage\":\"es\",\"@id\":\"https:\\\/\\\/matriculasdelmundo.com\\\/noticias\\\/#\\\/schema\\\/logo\\\/image\\\/\",\"url\":\"https:\\\/\\\/matriculasdelmundo.com\\\/noticias\\\/wp-content\\\/uploads\\\/2017\\\/09\\\/logo2.png\",\"contentUrl\":\"https:\\\/\\\/matriculasdelmundo.com\\\/noticias\\\/wp-content\\\/uploads\\\/2017\\\/09\\\/logo2.png\",\"width\":100,\"height\":34,\"caption\":\"Matriculasdelmundo.com\"},\"image\":{\"@id\":\"https:\\\/\\\/matriculasdelmundo.com\\\/noticias\\\/#\\\/schema\\\/logo\\\/image\\\/\"},\"sameAs\":[\"https:\\\/\\\/www.facebook.com\\\/matriculasdelmundo\\\/\",\"https:\\\/\\\/x.com\\\/matriculasdm\",\"https:\\\/\\\/www.instagram.com\\\/matriculasdelmundo\\\/\"]},{\"@type\":\"Person\",\"@id\":\"https:\\\/\\\/matriculasdelmundo.com\\\/noticias\\\/#\\\/schema\\\/person\\\/91e4edcb4c5c7a2e9f6d5f83d116aa90\",\"name\":\"Matriculasdelmundo\",\"image\":{\"@type\":\"ImageObject\",\"inLanguage\":\"es\",\"@id\":\"https:\\\/\\\/secure.gravatar.com\\\/avatar\\\/83f1597276b4fd718af4e3dae5c073f1efc6ca190953128b5ef9ba5696cc5297?s=96&d=mm&r=g\",\"url\":\"https:\\\/\\\/secure.gravatar.com\\\/avatar\\\/83f1597276b4fd718af4e3dae5c073f1efc6ca190953128b5ef9ba5696cc5297?s=96&d=mm&r=g\",\"contentUrl\":\"https:\\\/\\\/secure.gravatar.com\\\/avatar\\\/83f1597276b4fd718af4e3dae5c073f1efc6ca190953128b5ef9ba5696cc5297?s=96&d=mm&r=g\",\"caption\":\"Matriculasdelmundo\"}}]}<\/script>\n<!-- \/ Yoast SEO plugin. -->","yoast_head_json":{"title":"As\u00ed son las matr\u00edculas personalizadas en Albania - Noticias de matr\u00edculas del mundo","description":"As\u00ed son las matr\u00edculas personalizadas en Albania - Descubre todas las noticias sobre las matr\u00edculas de Albania en detale","robots":{"index":"index","follow":"follow","max-snippet":"max-snippet:-1","max-image-preview":"max-image-preview:large","max-video-preview":"max-video-preview:-1"},"canonical":"https:\/\/matriculasdelmundo.com\/noticias\/asi-son-matriculas-personalizadas-albania\/","og_locale":"es_ES","og_type":"article","og_title":"As\u00ed son las matr\u00edculas personalizadas en Albania - Noticias de matr\u00edculas del mundo","og_description":"As\u00ed son las matr\u00edculas personalizadas en Albania - Descubre todas las noticias sobre las matr\u00edculas de Albania en detale","og_url":"https:\/\/matriculasdelmundo.com\/noticias\/asi-son-matriculas-personalizadas-albania\/","og_site_name":"Noticias de matr\u00edculas del mundo","article_publisher":"https:\/\/www.facebook.com\/matriculasdelmundo\/","article_published_time":"2024-02-09T19:11:03+00:00","article_modified_time":"2024-02-09T19:22:13+00:00","og_image":[{"width":1595,"height":868,"url":"https:\/\/matriculasdelmundo.com\/noticias\/wp-content\/uploads\/2024\/02\/matricula-coche-albania-personalizda-NOOIZY.png","type":"image\/png"}],"author":"Matriculasdelmundo","twitter_card":"summary_large_image","twitter_creator":"@matriculasdm","twitter_site":"@matriculasdm","twitter_misc":{"Escrito por":"Matriculasdelmundo","Tiempo de lectura":"3 minutos"},"schema":{"@context":"https:\/\/schema.org","@graph":[{"@type":"Article","@id":"https:\/\/matriculasdelmundo.com\/noticias\/asi-son-matriculas-personalizadas-albania\/#article","isPartOf":{"@id":"https:\/\/matriculasdelmundo.com\/noticias\/asi-son-matriculas-personalizadas-albania\/"},"author":{"name":"Matriculasdelmundo","@id":"https:\/\/matriculasdelmundo.com\/noticias\/#\/schema\/person\/91e4edcb4c5c7a2e9f6d5f83d116aa90"},"headline":"As\u00ed son las matr\u00edculas personalizadas en Albania","datePublished":"2024-02-09T19:11:03+00:00","dateModified":"2024-02-09T19:22:13+00:00","mainEntityOfPage":{"@id":"https:\/\/matriculasdelmundo.com\/noticias\/asi-son-matriculas-personalizadas-albania\/"},"wordCount":359,"commentCount":0,"publisher":{"@id":"https:\/\/matriculasdelmundo.com\/noticias\/#organization"},"image":{"@id":"https:\/\/matriculasdelmundo.com\/noticias\/asi-son-matriculas-personalizadas-albania\/#primaryimage"},"thumbnailUrl":"https:\/\/matriculasdelmundo.com\/noticias\/wp-content\/uploads\/2024\/02\/matricula-coche-albania-personalizda-NOOIZY.png","keywords":["albania","personalizada"],"articleSection":["Albania","Pa\u00edses"],"inLanguage":"es","potentialAction":[{"@type":"CommentAction","name":"Comment","target":["https:\/\/matriculasdelmundo.com\/noticias\/asi-son-matriculas-personalizadas-albania\/#respond"]}]},{"@type":"WebPage","@id":"https:\/\/matriculasdelmundo.com\/noticias\/asi-son-matriculas-personalizadas-albania\/","url":"https:\/\/matriculasdelmundo.com\/noticias\/asi-son-matriculas-personalizadas-albania\/","name":"As\u00ed son las matr\u00edculas personalizadas en Albania - Noticias de matr\u00edculas del mundo","isPartOf":{"@id":"https:\/\/matriculasdelmundo.com\/noticias\/#website"},"primaryImageOfPage":{"@id":"https:\/\/matriculasdelmundo.com\/noticias\/asi-son-matriculas-personalizadas-albania\/#primaryimage"},"image":{"@id":"https:\/\/matriculasdelmundo.com\/noticias\/asi-son-matriculas-personalizadas-albania\/#primaryimage"},"thumbnailUrl":"https:\/\/matriculasdelmundo.com\/noticias\/wp-content\/uploads\/2024\/02\/matricula-coche-albania-personalizda-NOOIZY.png","datePublished":"2024-02-09T19:11:03+00:00","dateModified":"2024-02-09T19:22:13+00:00","description":"As\u00ed son las matr\u00edculas personalizadas en Albania - Descubre todas las noticias sobre las matr\u00edculas de Albania en detale","breadcrumb":{"@id":"https:\/\/matriculasdelmundo.com\/noticias\/asi-son-matriculas-personalizadas-albania\/#breadcrumb"},"inLanguage":"es","potentialAction":[{"@type":"ReadAction","target":["https:\/\/matriculasdelmundo.com\/noticias\/asi-son-matriculas-personalizadas-albania\/"]}]},{"@type":"ImageObject","inLanguage":"es","@id":"https:\/\/matriculasdelmundo.com\/noticias\/asi-son-matriculas-personalizadas-albania\/#primaryimage","url":"https:\/\/matriculasdelmundo.com\/noticias\/wp-content\/uploads\/2024\/02\/matricula-coche-albania-personalizda-NOOIZY.png","contentUrl":"https:\/\/matriculasdelmundo.com\/noticias\/wp-content\/uploads\/2024\/02\/matricula-coche-albania-personalizda-NOOIZY.png","width":1595,"height":868,"caption":"Matr\u00edcula de coche personalizada de Albania N001ZY"},{"@type":"BreadcrumbList","@id":"https:\/\/matriculasdelmundo.com\/noticias\/asi-son-matriculas-personalizadas-albania\/#breadcrumb","itemListElement":[{"@type":"ListItem","position":1,"name":"Portada","item":"https:\/\/matriculasdelmundo.com\/noticias\/"},{"@type":"ListItem","position":2,"name":"As\u00ed son las matr\u00edculas personalizadas en Albania"}]},{"@type":"WebSite","@id":"https:\/\/matriculasdelmundo.com\/noticias\/#website","url":"https:\/\/matriculasdelmundo.com\/noticias\/","name":"Noticias de matr\u00edculas del mundo","description":"Descubre las \u00faltimas noticias sobre matriculas de coches de todos los pa\u00edses del mundo. Actualizado semanalmente","publisher":{"@id":"https:\/\/matriculasdelmundo.com\/noticias\/#organization"},"potentialAction":[{"@type":"SearchAction","target":{"@type":"EntryPoint","urlTemplate":"https:\/\/matriculasdelmundo.com\/noticias\/?s={search_term_string}"},"query-input":{"@type":"PropertyValueSpecification","valueRequired":true,"valueName":"search_term_string"}}],"inLanguage":"es"},{"@type":"Organization","@id":"https:\/\/matriculasdelmundo.com\/noticias\/#organization","name":"Matriculasdelmundo.com","url":"https:\/\/matriculasdelmundo.com\/noticias\/","logo":{"@type":"ImageObject","inLanguage":"es","@id":"https:\/\/matriculasdelmundo.com\/noticias\/#\/schema\/logo\/image\/","url":"https:\/\/matriculasdelmundo.com\/noticias\/wp-content\/uploads\/2017\/09\/logo2.png","contentUrl":"https:\/\/matriculasdelmundo.com\/noticias\/wp-content\/uploads\/2017\/09\/logo2.png","width":100,"height":34,"caption":"Matriculasdelmundo.com"},"image":{"@id":"https:\/\/matriculasdelmundo.com\/noticias\/#\/schema\/logo\/image\/"},"sameAs":["https:\/\/www.facebook.com\/matriculasdelmundo\/","https:\/\/x.com\/matriculasdm","https:\/\/www.instagram.com\/matriculasdelmundo\/"]},{"@type":"Person","@id":"https:\/\/matriculasdelmundo.com\/noticias\/#\/schema\/person\/91e4edcb4c5c7a2e9f6d5f83d116aa90","name":"Matriculasdelmundo","image":{"@type":"ImageObject","inLanguage":"es","@id":"https:\/\/secure.gravatar.com\/avatar\/83f1597276b4fd718af4e3dae5c073f1efc6ca190953128b5ef9ba5696cc5297?s=96&d=mm&r=g","url":"https:\/\/secure.gravatar.com\/avatar\/83f1597276b4fd718af4e3dae5c073f1efc6ca190953128b5ef9ba5696cc5297?s=96&d=mm&r=g","contentUrl":"https:\/\/secure.gravatar.com\/avatar\/83f1597276b4fd718af4e3dae5c073f1efc6ca190953128b5ef9ba5696cc5297?s=96&d=mm&r=g","caption":"Matriculasdelmundo"}}]}},"_links":{"self":[{"href":"https:\/\/matriculasdelmundo.com\/noticias\/wp-json\/wp\/v2\/posts\/1221","targetHints":{"allow":["GET"]}}],"collection":[{"href":"https:\/\/matriculasdelmundo.com\/noticias\/wp-json\/wp\/v2\/posts"}],"about":[{"href":"https:\/\/matriculasdelmundo.com\/noticias\/wp-json\/wp\/v2\/types\/post"}],"author":[{"embeddable":true,"href":"https:\/\/matriculasdelmundo.com\/noticias\/wp-json\/wp\/v2\/users\/1"}],"replies":[{"embeddable":true,"href":"https:\/\/matriculasdelmundo.com\/noticias\/wp-json\/wp\/v2\/comments?post=1221"}],"version-history":[{"count":2,"href":"https:\/\/matriculasdelmundo.com\/noticias\/wp-json\/wp\/v2\/posts\/1221\/revisions"}],"predecessor-version":[{"id":1225,"href":"https:\/\/matriculasdelmundo.com\/noticias\/wp-json\/wp\/v2\/posts\/1221\/revisions\/1225"}],"wp:featuredmedia":[{"embeddable":true,"href":"https:\/\/matriculasdelmundo.com\/noticias\/wp-json\/wp\/v2\/media\/1222"}],"wp:attachment":[{"href":"https:\/\/matriculasdelmundo.com\/noticias\/wp-json\/wp\/v2\/media?parent=1221"}],"wp:term":[{"taxonomy":"category","embeddable":true,"href":"https:\/\/matriculasdelmundo.com\/noticias\/wp-json\/wp\/v2\/categories?post=1221"},{"taxonomy":"post_tag","embeddable":true,"href":"https:\/\/matriculasdelmundo.com\/noticias\/wp-json\/wp\/v2\/tags?post=1221"}],"curies":[{"name":"wp","href":"https:\/\/api.w.org\/{rel}","templated":true}]}}