{"id":1117,"date":"2023-06-04T18:25:09","date_gmt":"2023-06-04T17:25:09","guid":{"rendered":"https:\/\/matriculasdelmundo.com\/noticias\/?p=1117"},"modified":"2023-06-04T19:12:10","modified_gmt":"2023-06-04T18:12:10","slug":"matriculas-checas-coche-9az9999","status":"publish","type":"post","link":"https:\/\/matriculasdelmundo.com\/noticias\/matriculas-checas-coche-9az9999\/","title":{"rendered":"As\u00ed son las matr\u00edculas checas tras 9AZ9999"},"content":{"rendered":"\n<p>Desde hace unos a\u00f1os, <strong>se ha estado rumoreando sobre qu\u00e9 ocurrir\u00e1 con las matr\u00edculas de Rep\u00fablica Checa una vez se alcance en la regi\u00f3n de Praga la matr\u00edcula 9AZ 9999<\/strong>. Los rumores han sido varios, siendo los m\u00e1s conocidos los que insinuaban que ya estaba preparado un nuevo sistema para abandonar el sistema regional y adoptar uno nacional como sus vecinos eslovacos o h\u00fangaros. As\u00ed son las matr\u00edculas checas de Praga una vez se alcance la matr\u00edcula 9AZ9999.<\/p>\n\n\n\n<p>Sin embargo, durante la \u00faltima semana, y con la matr\u00edcula 9AZ9999 tan cercana,<strong> se ha dado a conocer la respuesta a todas las dudas que se pueden tener ante c\u00f3mo ser\u00e1n las matr\u00edculas de Rep\u00fablica Checa en el futuro.<\/strong><\/p>\n\n\n<div class=\"wp-block-image\">\n<figure class=\"aligncenter size-large is-resized\"><img decoding=\"async\" src=\"https:\/\/matriculasdelmundo.com\/gCZ1.php?textCZ1=9az%209999\" alt=\"Matr\u00edcula de coche de Rep\u00fablica Checa 9AZ9999 emitida a finales de 2023\" width=\"732\" height=\"172\"\/><figcaption class=\"wp-element-caption\"><strong>\u00daltima matr\u00edcula de Rep\u00fablica Checa<\/strong> antes de 1AA A000<\/figcaption><\/figure>\n<\/div>\n\n\n<h2 class=\"wp-block-heading\">\u00bfC\u00f3mo son las matr\u00edculas de Rep\u00fablica Checa actuales?<\/h2>\n\n\n\n<p>Teniendo en cuenta que este art\u00edculo se escribe en junio de 2023, <strong>las matr\u00edculas checas en este preciso momento utilizan un sistema regional distinto al utilizado en el sistema anterior<\/strong>. Los c\u00f3digos regionales se basan en los <strong>NUT3<\/strong>, habiendo una divisi\u00f3n de 14 c\u00f3digos diferentes. A continuaci\u00f3n te mostramos un mapa con todos los c\u00f3digos regionales utilizados desde 2002 hasta al menos 2023 o 2024. En 2008, Praga alcanz\u00f3 la combinaci\u00f3n 9A9 9999, dando paso a 1AA 0000. Durante el 2023, se estima que las matr\u00edculas checas con el c\u00f3digo regional de Praga alcancen la matr\u00edcula 9AZ9999.<\/p>\n\n\n<div class=\"wp-block-image\">\n<figure class=\"aligncenter size-full\"><img decoding=\"async\" width=\"799\" height=\"564\" data-src=\"https:\/\/matriculasdelmundo.com\/noticias\/wp-content\/uploads\/2023\/06\/image-4.png\" alt=\"Mapa de las regiones de la Rep\u00fablica Checa y ejemplos de matr\u00edculas en cada uno de ellos antes de 9AZ9999\" class=\"wp-image-1122 lazyload\" data-srcset=\"https:\/\/matriculasdelmundo.com\/noticias\/wp-content\/uploads\/2023\/06\/image-4.png 799w, https:\/\/matriculasdelmundo.com\/noticias\/wp-content\/uploads\/2023\/06\/image-4-300x212.png 300w, https:\/\/matriculasdelmundo.com\/noticias\/wp-content\/uploads\/2023\/06\/image-4-768x542.png 768w\" data-sizes=\"(max-width: 799px) 100vw, 799px\" src=\"data:image\/svg+xml;base64,PHN2ZyB3aWR0aD0iMSIgaGVpZ2h0PSIxIiB4bWxucz0iaHR0cDovL3d3dy53My5vcmcvMjAwMC9zdmciPjwvc3ZnPg==\" style=\"--smush-placeholder-width: 799px; --smush-placeholder-aspect-ratio: 799\/564;\" \/><figcaption class=\"wp-element-caption\"><strong>Mapa de las regiones de la Rep\u00fablica Checa<\/strong> y ejemplos de matr\u00edculas en cada uno de ellos<\/figcaption><\/figure>\n<\/div>\n\n\n<h2 class=\"wp-block-heading\">\u00bfC\u00f3mo ser\u00e1 el nuevo sistema de matr\u00edculas de Rep\u00fablica Checa despu\u00e9s de 9AZ9999?<\/h2>\n\n\n\n<p>Esta semana pasada se public\u00f3 finalmente c\u00f3mo ser\u00e1 el nuevo sistema de matr\u00edculas de Rep\u00fablica Checa una vez se alcance la matr\u00edcula 9AZ9999. El nuevo tipo de matr\u00edculas mantendr\u00e1 el c\u00f3digo regional, aparentemente en la primera letra, ubicada en segunda posici\u00f3n de la matr\u00edcula. Desde el departamento de operaci\u00f3n de veh\u00edculos, recalcan que no se planifica ning\u00fan cambio de sistema a gran escala ni abandonar el c\u00f3digo regional al menos hasta 2027. <strong>El nuevo sistema de matr\u00edculas de Rep\u00fablica Checa ser\u00e1 muy similar al actual, simplemente reemplazando el primero de los n\u00fameros en la parte derecha de la matr\u00edcula por una letra en serie<\/strong>. La primera matr\u00edcula despu\u00e9s de 9AZ9999 ser\u00e1 1AA A000.&nbsp;<\/p>\n\n\n<div class=\"wp-block-image\">\n<figure class=\"aligncenter size-full\"><img decoding=\"async\" width=\"799\" height=\"172\" data-src=\"https:\/\/matriculasdelmundo.com\/noticias\/wp-content\/uploads\/2023\/06\/image-3.png\" alt=\"Matr\u00edcula de coche de Rep\u00fablica Checa 1AA A000 del nuevo sistema\" class=\"wp-image-1121 lazyload\" data-srcset=\"https:\/\/matriculasdelmundo.com\/noticias\/wp-content\/uploads\/2023\/06\/image-3.png 799w, https:\/\/matriculasdelmundo.com\/noticias\/wp-content\/uploads\/2023\/06\/image-3-300x65.png 300w, https:\/\/matriculasdelmundo.com\/noticias\/wp-content\/uploads\/2023\/06\/image-3-768x165.png 768w\" data-sizes=\"(max-width: 799px) 100vw, 799px\" src=\"data:image\/svg+xml;base64,PHN2ZyB3aWR0aD0iMSIgaGVpZ2h0PSIxIiB4bWxucz0iaHR0cDovL3d3dy53My5vcmcvMjAwMC9zdmciPjwvc3ZnPg==\" style=\"--smush-placeholder-width: 799px; --smush-placeholder-aspect-ratio: 799\/172;\" \/><figcaption class=\"wp-element-caption\"><strong>Primera matr\u00edcula que se emitir\u00e1 para Praga<\/strong> (primera A) probablemente durante el oto\u00f1o de 2023<\/figcaption><\/figure>\n<\/div>\n\n\n<p>Con este cambio, <strong>se calcula que aproximadamente se a\u00f1aden 5 millones de nuevas matr\u00edculas<\/strong>. Este nuevo sistema guarda gran semejanza con el actual de <a href=\"https:\/\/matriculasdelmundo.com\/belgica.html\" target=\"_blank\" rel=\"noreferrer noopener\">B\u00e9lgica<\/a>, aunque visualmente ser\u00e1n muy distintos, ya que<strong> en Rep\u00fablica Checa hay un espacio despu\u00e9s del tercer car\u00e1cter<\/strong> reservado para la pegatina de la inspecci\u00f3n t\u00e9cnica.<\/p>\n\n\n\n<p><strong>Este cambio solo afecta a l<\/strong>as matr\u00edculas de coche de<strong> la regi\u00f3n de Praga <\/strong>(letra A), pero<strong> tambi\u00e9n lo har\u00e1 a las otras regiones<\/strong> una vez completen sus respectivas letras alcanzando 9SZ9999 y 9BZ9999 por ejemplo.<\/p>\n\n\n\n<h2 class=\"wp-block-heading\">\u00bfCu\u00e1ndo se emitir\u00e1n las nuevas matr\u00edculas de Rep\u00fablica Checa con la nueva configuraci\u00f3n?<\/h2>\n\n\n\n<p>La respuesta a <strong>cu\u00e1ndo se emitir\u00e1n las primeras matr\u00edculas checas con el nuevo formato<\/strong> es sencilla y clara, <strong>una vez se emita la matr\u00edcula 9AZ 9999<\/strong> en Praga, se dar\u00e1 paso a la primera del nuevo formato. Se calcula que esto ocurra aproximadamente durante los meses de oto\u00f1o del 2023, aunque es solamente un c\u00e1lculo aproximado.&nbsp;<\/p>\n\n\n<div class=\"wp-block-image\">\n<figure class=\"aligncenter size-full is-resized\"><img decoding=\"async\" data-src=\"https:\/\/matriculasdelmundo.com\/noticias\/wp-content\/uploads\/2023\/06\/4-6-2023-14.6.47-9.jpg\" alt=\"Ejemplos de matr\u00edculas delanteras de Praga con el nuevo dise\u00f1o\" class=\"wp-image-1124 lazyload\" width=\"732\" height=\"514\" data-srcset=\"https:\/\/matriculasdelmundo.com\/noticias\/wp-content\/uploads\/2023\/06\/4-6-2023-14.6.47-9.jpg 807w, https:\/\/matriculasdelmundo.com\/noticias\/wp-content\/uploads\/2023\/06\/4-6-2023-14.6.47-9-300x210.jpg 300w, https:\/\/matriculasdelmundo.com\/noticias\/wp-content\/uploads\/2023\/06\/4-6-2023-14.6.47-9-768x539.jpg 768w\" data-sizes=\"(max-width: 732px) 100vw, 732px\" src=\"data:image\/svg+xml;base64,PHN2ZyB3aWR0aD0iMSIgaGVpZ2h0PSIxIiB4bWxucz0iaHR0cDovL3d3dy53My5vcmcvMjAwMC9zdmciPjwvc3ZnPg==\" style=\"--smush-placeholder-width: 732px; --smush-placeholder-aspect-ratio: 732\/514;\" \/><figcaption class=\"wp-element-caption\">Ejemplos emitidos con el <strong>nuevo dise\u00f1o para la regi\u00f3n de Praga<\/strong> (primera A) a\u00fan sin utilizarse. <em>Fuente: Ond\u0159ej H\u00e1jek \u010cTK<\/em><\/figcaption><\/figure>\n<\/div>\n\n\n<p>El motivo por el que esta noticia llega ahora, es porque en la <strong>reserva de matr\u00edculas de Rep\u00fablica Checa<\/strong> que se realizan con antelaci\u00f3n para evitar que se acabe el stock, ya <strong>han empezado a fabricar las primeras matr\u00edculas con este nuevo formato<\/strong> 1AA A000.<\/p>\n\n\n<div class=\"wp-block-image\">\n<figure class=\"aligncenter size-full\"><img decoding=\"async\" width=\"807\" height=\"566\" data-src=\"https:\/\/matriculasdelmundo.com\/noticias\/wp-content\/uploads\/2023\/06\/matricula-checa-praga-1AAA000.jpg\" alt=\"Matr\u00edcula checa de Praga tras 9AZ9999\" class=\"wp-image-1128 lazyload\" data-srcset=\"https:\/\/matriculasdelmundo.com\/noticias\/wp-content\/uploads\/2023\/06\/matricula-checa-praga-1AAA000.jpg 807w, https:\/\/matriculasdelmundo.com\/noticias\/wp-content\/uploads\/2023\/06\/matricula-checa-praga-1AAA000-300x210.jpg 300w, https:\/\/matriculasdelmundo.com\/noticias\/wp-content\/uploads\/2023\/06\/matricula-checa-praga-1AAA000-768x539.jpg 768w\" data-sizes=\"(max-width: 807px) 100vw, 807px\" src=\"data:image\/svg+xml;base64,PHN2ZyB3aWR0aD0iMSIgaGVpZ2h0PSIxIiB4bWxucz0iaHR0cDovL3d3dy53My5vcmcvMjAwMC9zdmciPjwvc3ZnPg==\" style=\"--smush-placeholder-width: 807px; --smush-placeholder-aspect-ratio: 807\/566;\" \/><figcaption class=\"wp-element-caption\"><strong>Matr\u00edcula checa de coche de Praga<\/strong> tras 9AZ9999<\/figcaption><\/figure>\n<\/div>\n\n\n<p>Los <strong>otros tipos de matr\u00edculas especiales de Rep\u00fablica Checa no se ven afectados<\/strong> de ninguna manera, ya que tanto el tama\u00f1o, como los colores y como el soporte y topograf\u00eda se mantienen exactamente iguales para al menos la pr\u00f3xima media d\u00e9cada. Sin embargo, este cambio puede hacernos divagar sobre c\u00f3mo ser\u00e1 el sistema de <strong>matr\u00edculas de veh\u00edculos el\u00e9ctricos de Rep\u00fablica Checa<\/strong> una vez se alcance el EL9 99ZZ, para el que no queda tanto tiempo tras haber alcanzado el EL1 23Bx recientemente.<\/p>\n\n\n\n<h2 class=\"wp-block-heading\">\u00bfD\u00f3nde saber m\u00e1s sobre las matr\u00edculas checas?<\/h2>\n\n\n\n<p>Si quieres saber m\u00e1s sobre las <strong>matr\u00edculas de Rep\u00fablica Checa puedes visitar <a href=\"https:\/\/matriculasdelmundo.com\/repcheca.html\" target=\"_blank\" rel=\"noreferrer noopener\">matriculasdelmundo<\/a><\/strong>. Parte de esta informaci\u00f3n ha sido verificada en varias p\u00e1ginas web locales, como <em>novinky.cz<\/em>, pero tambi\u00e9n basado en observaci\u00f3n y reportajes gr\u00e1ficos como los de <em><em>\u010c<\/em>T24<\/em>.<\/p>\n\n\n<div class=\"kk-star-ratings kksr-auto kksr-align-center kksr-valign-bottom\"\n    data-payload='{&quot;align&quot;:&quot;center&quot;,&quot;id&quot;:&quot;1117&quot;,&quot;slug&quot;:&quot;default&quot;,&quot;valign&quot;:&quot;bottom&quot;,&quot;ignore&quot;:&quot;&quot;,&quot;reference&quot;:&quot;auto&quot;,&quot;class&quot;:&quot;&quot;,&quot;count&quot;:&quot;1&quot;,&quot;legendonly&quot;:&quot;&quot;,&quot;readonly&quot;:&quot;&quot;,&quot;score&quot;:&quot;5&quot;,&quot;starsonly&quot;:&quot;&quot;,&quot;best&quot;:&quot;5&quot;,&quot;gap&quot;:&quot;5&quot;,&quot;greet&quot;:&quot;Punt\u00faalo post&quot;,&quot;legend&quot;:&quot;5\\\/5 - (1 voto)&quot;,&quot;size&quot;:&quot;18&quot;,&quot;title&quot;:&quot;As\u00ed son las matr\u00edculas checas tras 9AZ9999&quot;,&quot;width&quot;:&quot;112.5&quot;,&quot;_legend&quot;:&quot;{score}\\\/{best} - ({count} {votes})&quot;,&quot;font_factor&quot;:&quot;1.25&quot;}'>\n            \n<div class=\"kksr-stars\">\n    \n<div class=\"kksr-stars-inactive\">\n            <div class=\"kksr-star\" data-star=\"1\" style=\"padding-right: 5px\">\n            \n\n<div class=\"kksr-icon\" style=\"width: 18px; height: 18px;\"><\/div>\n        <\/div>\n            <div class=\"kksr-star\" data-star=\"2\" style=\"padding-right: 5px\">\n            \n\n<div class=\"kksr-icon\" style=\"width: 18px; height: 18px;\"><\/div>\n        <\/div>\n            <div class=\"kksr-star\" data-star=\"3\" style=\"padding-right: 5px\">\n            \n\n<div class=\"kksr-icon\" style=\"width: 18px; height: 18px;\"><\/div>\n        <\/div>\n            <div class=\"kksr-star\" data-star=\"4\" style=\"padding-right: 5px\">\n            \n\n<div class=\"kksr-icon\" style=\"width: 18px; height: 18px;\"><\/div>\n        <\/div>\n            <div class=\"kksr-star\" data-star=\"5\" style=\"padding-right: 5px\">\n            \n\n<div class=\"kksr-icon\" style=\"width: 18px; height: 18px;\"><\/div>\n        <\/div>\n    <\/div>\n    \n<div class=\"kksr-stars-active\" style=\"width: 112.5px;\">\n            <div class=\"kksr-star\" style=\"padding-right: 5px\">\n            \n\n<div class=\"kksr-icon\" style=\"width: 18px; height: 18px;\"><\/div>\n        <\/div>\n            <div class=\"kksr-star\" style=\"padding-right: 5px\">\n            \n\n<div class=\"kksr-icon\" style=\"width: 18px; height: 18px;\"><\/div>\n        <\/div>\n            <div class=\"kksr-star\" style=\"padding-right: 5px\">\n            \n\n<div class=\"kksr-icon\" style=\"width: 18px; height: 18px;\"><\/div>\n        <\/div>\n            <div class=\"kksr-star\" style=\"padding-right: 5px\">\n            \n\n<div class=\"kksr-icon\" style=\"width: 18px; height: 18px;\"><\/div>\n        <\/div>\n            <div class=\"kksr-star\" style=\"padding-right: 5px\">\n            \n\n<div class=\"kksr-icon\" style=\"width: 18px; height: 18px;\"><\/div>\n        <\/div>\n    <\/div>\n<\/div>\n                \n\n<div class=\"kksr-legend\" style=\"font-size: 14.4px;\">\n            5\/5 - (1 voto)    <\/div>\n    <\/div>\n","protected":false},"excerpt":{"rendered":"<p>Matr\u00edcula checa de coche de Praga tras 9AZ9999<\/p>\n","protected":false},"author":1,"featured_media":1128,"comment_status":"open","ping_status":"open","sticky":false,"template":"","format":"standard","meta":{"neve_meta_sidebar":"","neve_meta_container":"","neve_meta_enable_content_width":"","neve_meta_content_width":0,"neve_meta_title_alignment":"","neve_meta_author_avatar":"","neve_post_elements_order":"","neve_meta_disable_header":"","neve_meta_disable_footer":"","neve_meta_disable_title":"","footnotes":""},"categories":[81,2],"tags":[300,264,332,5],"class_list":["post-1117","post","type-post","status-publish","format-standard","has-post-thumbnail","hentry","category-noticias-de-matriculas-de-europa","category-republica-checa","tag-300","tag-nuevo-sistema","tag-praga","tag-republica-checa"],"yoast_head":"<!-- This site is optimized with the Yoast SEO plugin v27.5 - https:\/\/yoast.com\/product\/yoast-seo-wordpress\/ -->\n<title>As\u00ed son las matr\u00edculas checas de Praga tras 9AZ9999<\/title>\n<meta name=\"description\" content=\"\u00bfQu\u00e9 matr\u00edcula de coche seguir\u00e1 a 9AZ9999? As\u00ed ser\u00e1n las matr\u00edculas checas de Praga tras 9AZ9999. \u00a1Descubre m\u00e1s!\" \/>\n<meta name=\"robots\" content=\"index, follow, max-snippet:-1, max-image-preview:large, max-video-preview:-1\" \/>\n<link rel=\"canonical\" href=\"https:\/\/matriculasdelmundo.com\/noticias\/matriculas-checas-coche-9az9999\/\" \/>\n<meta property=\"og:locale\" content=\"es_ES\" \/>\n<meta property=\"og:type\" content=\"article\" \/>\n<meta property=\"og:title\" content=\"As\u00ed son las matr\u00edculas checas de Praga tras 9AZ9999\" \/>\n<meta property=\"og:description\" content=\"\u00bfQu\u00e9 matr\u00edcula de coche seguir\u00e1 a 9AZ9999? As\u00ed ser\u00e1n las matr\u00edculas checas de Praga tras 9AZ9999. \u00a1Descubre m\u00e1s!\" \/>\n<meta property=\"og:url\" content=\"https:\/\/matriculasdelmundo.com\/noticias\/matriculas-checas-coche-9az9999\/\" \/>\n<meta property=\"og:site_name\" content=\"Noticias de matr\u00edculas del mundo\" \/>\n<meta property=\"article:publisher\" content=\"https:\/\/www.facebook.com\/matriculasdelmundo\/\" \/>\n<meta property=\"article:published_time\" content=\"2023-06-04T17:25:09+00:00\" \/>\n<meta property=\"article:modified_time\" content=\"2023-06-04T18:12:10+00:00\" \/>\n<meta property=\"og:image\" content=\"https:\/\/matriculasdelmundo.com\/noticias\/wp-content\/uploads\/2023\/06\/matricula-checa-praga-1AAA000.jpg\" \/>\n\t<meta property=\"og:image:width\" content=\"807\" \/>\n\t<meta property=\"og:image:height\" content=\"566\" \/>\n\t<meta property=\"og:image:type\" content=\"image\/jpeg\" \/>\n<meta name=\"author\" content=\"Matriculasdelmundo\" \/>\n<meta name=\"twitter:card\" content=\"summary_large_image\" \/>\n<meta name=\"twitter:creator\" content=\"@matriculasdm\" \/>\n<meta name=\"twitter:site\" content=\"@matriculasdm\" \/>\n<meta name=\"twitter:label1\" content=\"Escrito por\" \/>\n\t<meta name=\"twitter:data1\" content=\"Matriculasdelmundo\" \/>\n\t<meta name=\"twitter:label2\" content=\"Tiempo de lectura\" \/>\n\t<meta name=\"twitter:data2\" content=\"5 minutos\" \/>\n<script type=\"application\/ld+json\" class=\"yoast-schema-graph\">{\"@context\":\"https:\\\/\\\/schema.org\",\"@graph\":[{\"@type\":\"Article\",\"@id\":\"https:\\\/\\\/matriculasdelmundo.com\\\/noticias\\\/matriculas-checas-coche-9az9999\\\/#article\",\"isPartOf\":{\"@id\":\"https:\\\/\\\/matriculasdelmundo.com\\\/noticias\\\/matriculas-checas-coche-9az9999\\\/\"},\"author\":{\"name\":\"Matriculasdelmundo\",\"@id\":\"https:\\\/\\\/matriculasdelmundo.com\\\/noticias\\\/#\\\/schema\\\/person\\\/91e4edcb4c5c7a2e9f6d5f83d116aa90\"},\"headline\":\"As\u00ed son las matr\u00edculas checas tras 9AZ9999\",\"datePublished\":\"2023-06-04T17:25:09+00:00\",\"dateModified\":\"2023-06-04T18:12:10+00:00\",\"mainEntityOfPage\":{\"@id\":\"https:\\\/\\\/matriculasdelmundo.com\\\/noticias\\\/matriculas-checas-coche-9az9999\\\/\"},\"wordCount\":852,\"commentCount\":0,\"publisher\":{\"@id\":\"https:\\\/\\\/matriculasdelmundo.com\\\/noticias\\\/#organization\"},\"image\":{\"@id\":\"https:\\\/\\\/matriculasdelmundo.com\\\/noticias\\\/matriculas-checas-coche-9az9999\\\/#primaryimage\"},\"thumbnailUrl\":\"https:\\\/\\\/matriculasdelmundo.com\\\/noticias\\\/wp-content\\\/uploads\\\/2023\\\/06\\\/matricula-checa-praga-1AAA000.jpg\",\"keywords\":[\"2023\",\"nuevo sistema\",\"Praga\",\"rep\u00fablica checa\"],\"articleSection\":[\"Europa\",\"Rep\u00fablica Checa\"],\"inLanguage\":\"es\",\"potentialAction\":[{\"@type\":\"CommentAction\",\"name\":\"Comment\",\"target\":[\"https:\\\/\\\/matriculasdelmundo.com\\\/noticias\\\/matriculas-checas-coche-9az9999\\\/#respond\"]}]},{\"@type\":\"WebPage\",\"@id\":\"https:\\\/\\\/matriculasdelmundo.com\\\/noticias\\\/matriculas-checas-coche-9az9999\\\/\",\"url\":\"https:\\\/\\\/matriculasdelmundo.com\\\/noticias\\\/matriculas-checas-coche-9az9999\\\/\",\"name\":\"As\u00ed son las matr\u00edculas checas de Praga tras 9AZ9999\",\"isPartOf\":{\"@id\":\"https:\\\/\\\/matriculasdelmundo.com\\\/noticias\\\/#website\"},\"primaryImageOfPage\":{\"@id\":\"https:\\\/\\\/matriculasdelmundo.com\\\/noticias\\\/matriculas-checas-coche-9az9999\\\/#primaryimage\"},\"image\":{\"@id\":\"https:\\\/\\\/matriculasdelmundo.com\\\/noticias\\\/matriculas-checas-coche-9az9999\\\/#primaryimage\"},\"thumbnailUrl\":\"https:\\\/\\\/matriculasdelmundo.com\\\/noticias\\\/wp-content\\\/uploads\\\/2023\\\/06\\\/matricula-checa-praga-1AAA000.jpg\",\"datePublished\":\"2023-06-04T17:25:09+00:00\",\"dateModified\":\"2023-06-04T18:12:10+00:00\",\"description\":\"\u00bfQu\u00e9 matr\u00edcula de coche seguir\u00e1 a 9AZ9999? As\u00ed ser\u00e1n las matr\u00edculas checas de Praga tras 9AZ9999. \u00a1Descubre m\u00e1s!\",\"breadcrumb\":{\"@id\":\"https:\\\/\\\/matriculasdelmundo.com\\\/noticias\\\/matriculas-checas-coche-9az9999\\\/#breadcrumb\"},\"inLanguage\":\"es\",\"potentialAction\":[{\"@type\":\"ReadAction\",\"target\":[\"https:\\\/\\\/matriculasdelmundo.com\\\/noticias\\\/matriculas-checas-coche-9az9999\\\/\"]}]},{\"@type\":\"ImageObject\",\"inLanguage\":\"es\",\"@id\":\"https:\\\/\\\/matriculasdelmundo.com\\\/noticias\\\/matriculas-checas-coche-9az9999\\\/#primaryimage\",\"url\":\"https:\\\/\\\/matriculasdelmundo.com\\\/noticias\\\/wp-content\\\/uploads\\\/2023\\\/06\\\/matricula-checa-praga-1AAA000.jpg\",\"contentUrl\":\"https:\\\/\\\/matriculasdelmundo.com\\\/noticias\\\/wp-content\\\/uploads\\\/2023\\\/06\\\/matricula-checa-praga-1AAA000.jpg\",\"width\":807,\"height\":566,\"caption\":\"Matr\u00edcula checa de coche de Praga tras 9AZ9999\"},{\"@type\":\"BreadcrumbList\",\"@id\":\"https:\\\/\\\/matriculasdelmundo.com\\\/noticias\\\/matriculas-checas-coche-9az9999\\\/#breadcrumb\",\"itemListElement\":[{\"@type\":\"ListItem\",\"position\":1,\"name\":\"Portada\",\"item\":\"https:\\\/\\\/matriculasdelmundo.com\\\/noticias\\\/\"},{\"@type\":\"ListItem\",\"position\":2,\"name\":\"As\u00ed son las matr\u00edculas checas tras 9AZ9999\"}]},{\"@type\":\"WebSite\",\"@id\":\"https:\\\/\\\/matriculasdelmundo.com\\\/noticias\\\/#website\",\"url\":\"https:\\\/\\\/matriculasdelmundo.com\\\/noticias\\\/\",\"name\":\"Noticias de matr\u00edculas del mundo\",\"description\":\"Descubre las \u00faltimas noticias sobre matriculas de coches de todos los pa\u00edses del mundo. Actualizado semanalmente\",\"publisher\":{\"@id\":\"https:\\\/\\\/matriculasdelmundo.com\\\/noticias\\\/#organization\"},\"potentialAction\":[{\"@type\":\"SearchAction\",\"target\":{\"@type\":\"EntryPoint\",\"urlTemplate\":\"https:\\\/\\\/matriculasdelmundo.com\\\/noticias\\\/?s={search_term_string}\"},\"query-input\":{\"@type\":\"PropertyValueSpecification\",\"valueRequired\":true,\"valueName\":\"search_term_string\"}}],\"inLanguage\":\"es\"},{\"@type\":\"Organization\",\"@id\":\"https:\\\/\\\/matriculasdelmundo.com\\\/noticias\\\/#organization\",\"name\":\"Matriculasdelmundo.com\",\"url\":\"https:\\\/\\\/matriculasdelmundo.com\\\/noticias\\\/\",\"logo\":{\"@type\":\"ImageObject\",\"inLanguage\":\"es\",\"@id\":\"https:\\\/\\\/matriculasdelmundo.com\\\/noticias\\\/#\\\/schema\\\/logo\\\/image\\\/\",\"url\":\"https:\\\/\\\/matriculasdelmundo.com\\\/noticias\\\/wp-content\\\/uploads\\\/2017\\\/09\\\/logo2.png\",\"contentUrl\":\"https:\\\/\\\/matriculasdelmundo.com\\\/noticias\\\/wp-content\\\/uploads\\\/2017\\\/09\\\/logo2.png\",\"width\":100,\"height\":34,\"caption\":\"Matriculasdelmundo.com\"},\"image\":{\"@id\":\"https:\\\/\\\/matriculasdelmundo.com\\\/noticias\\\/#\\\/schema\\\/logo\\\/image\\\/\"},\"sameAs\":[\"https:\\\/\\\/www.facebook.com\\\/matriculasdelmundo\\\/\",\"https:\\\/\\\/x.com\\\/matriculasdm\",\"https:\\\/\\\/www.instagram.com\\\/matriculasdelmundo\\\/\"]},{\"@type\":\"Person\",\"@id\":\"https:\\\/\\\/matriculasdelmundo.com\\\/noticias\\\/#\\\/schema\\\/person\\\/91e4edcb4c5c7a2e9f6d5f83d116aa90\",\"name\":\"Matriculasdelmundo\",\"image\":{\"@type\":\"ImageObject\",\"inLanguage\":\"es\",\"@id\":\"https:\\\/\\\/secure.gravatar.com\\\/avatar\\\/83f1597276b4fd718af4e3dae5c073f1efc6ca190953128b5ef9ba5696cc5297?s=96&d=mm&r=g\",\"url\":\"https:\\\/\\\/secure.gravatar.com\\\/avatar\\\/83f1597276b4fd718af4e3dae5c073f1efc6ca190953128b5ef9ba5696cc5297?s=96&d=mm&r=g\",\"contentUrl\":\"https:\\\/\\\/secure.gravatar.com\\\/avatar\\\/83f1597276b4fd718af4e3dae5c073f1efc6ca190953128b5ef9ba5696cc5297?s=96&d=mm&r=g\",\"caption\":\"Matriculasdelmundo\"}}]}<\/script>\n<!-- \/ Yoast SEO plugin. -->","yoast_head_json":{"title":"As\u00ed son las matr\u00edculas checas de Praga tras 9AZ9999","description":"\u00bfQu\u00e9 matr\u00edcula de coche seguir\u00e1 a 9AZ9999? As\u00ed ser\u00e1n las matr\u00edculas checas de Praga tras 9AZ9999. \u00a1Descubre m\u00e1s!","robots":{"index":"index","follow":"follow","max-snippet":"max-snippet:-1","max-image-preview":"max-image-preview:large","max-video-preview":"max-video-preview:-1"},"canonical":"https:\/\/matriculasdelmundo.com\/noticias\/matriculas-checas-coche-9az9999\/","og_locale":"es_ES","og_type":"article","og_title":"As\u00ed son las matr\u00edculas checas de Praga tras 9AZ9999","og_description":"\u00bfQu\u00e9 matr\u00edcula de coche seguir\u00e1 a 9AZ9999? As\u00ed ser\u00e1n las matr\u00edculas checas de Praga tras 9AZ9999. \u00a1Descubre m\u00e1s!","og_url":"https:\/\/matriculasdelmundo.com\/noticias\/matriculas-checas-coche-9az9999\/","og_site_name":"Noticias de matr\u00edculas del mundo","article_publisher":"https:\/\/www.facebook.com\/matriculasdelmundo\/","article_published_time":"2023-06-04T17:25:09+00:00","article_modified_time":"2023-06-04T18:12:10+00:00","og_image":[{"width":807,"height":566,"url":"https:\/\/matriculasdelmundo.com\/noticias\/wp-content\/uploads\/2023\/06\/matricula-checa-praga-1AAA000.jpg","type":"image\/jpeg"}],"author":"Matriculasdelmundo","twitter_card":"summary_large_image","twitter_creator":"@matriculasdm","twitter_site":"@matriculasdm","twitter_misc":{"Escrito por":"Matriculasdelmundo","Tiempo de lectura":"5 minutos"},"schema":{"@context":"https:\/\/schema.org","@graph":[{"@type":"Article","@id":"https:\/\/matriculasdelmundo.com\/noticias\/matriculas-checas-coche-9az9999\/#article","isPartOf":{"@id":"https:\/\/matriculasdelmundo.com\/noticias\/matriculas-checas-coche-9az9999\/"},"author":{"name":"Matriculasdelmundo","@id":"https:\/\/matriculasdelmundo.com\/noticias\/#\/schema\/person\/91e4edcb4c5c7a2e9f6d5f83d116aa90"},"headline":"As\u00ed son las matr\u00edculas checas tras 9AZ9999","datePublished":"2023-06-04T17:25:09+00:00","dateModified":"2023-06-04T18:12:10+00:00","mainEntityOfPage":{"@id":"https:\/\/matriculasdelmundo.com\/noticias\/matriculas-checas-coche-9az9999\/"},"wordCount":852,"commentCount":0,"publisher":{"@id":"https:\/\/matriculasdelmundo.com\/noticias\/#organization"},"image":{"@id":"https:\/\/matriculasdelmundo.com\/noticias\/matriculas-checas-coche-9az9999\/#primaryimage"},"thumbnailUrl":"https:\/\/matriculasdelmundo.com\/noticias\/wp-content\/uploads\/2023\/06\/matricula-checa-praga-1AAA000.jpg","keywords":["2023","nuevo sistema","Praga","rep\u00fablica checa"],"articleSection":["Europa","Rep\u00fablica Checa"],"inLanguage":"es","potentialAction":[{"@type":"CommentAction","name":"Comment","target":["https:\/\/matriculasdelmundo.com\/noticias\/matriculas-checas-coche-9az9999\/#respond"]}]},{"@type":"WebPage","@id":"https:\/\/matriculasdelmundo.com\/noticias\/matriculas-checas-coche-9az9999\/","url":"https:\/\/matriculasdelmundo.com\/noticias\/matriculas-checas-coche-9az9999\/","name":"As\u00ed son las matr\u00edculas checas de Praga tras 9AZ9999","isPartOf":{"@id":"https:\/\/matriculasdelmundo.com\/noticias\/#website"},"primaryImageOfPage":{"@id":"https:\/\/matriculasdelmundo.com\/noticias\/matriculas-checas-coche-9az9999\/#primaryimage"},"image":{"@id":"https:\/\/matriculasdelmundo.com\/noticias\/matriculas-checas-coche-9az9999\/#primaryimage"},"thumbnailUrl":"https:\/\/matriculasdelmundo.com\/noticias\/wp-content\/uploads\/2023\/06\/matricula-checa-praga-1AAA000.jpg","datePublished":"2023-06-04T17:25:09+00:00","dateModified":"2023-06-04T18:12:10+00:00","description":"\u00bfQu\u00e9 matr\u00edcula de coche seguir\u00e1 a 9AZ9999? As\u00ed ser\u00e1n las matr\u00edculas checas de Praga tras 9AZ9999. \u00a1Descubre m\u00e1s!","breadcrumb":{"@id":"https:\/\/matriculasdelmundo.com\/noticias\/matriculas-checas-coche-9az9999\/#breadcrumb"},"inLanguage":"es","potentialAction":[{"@type":"ReadAction","target":["https:\/\/matriculasdelmundo.com\/noticias\/matriculas-checas-coche-9az9999\/"]}]},{"@type":"ImageObject","inLanguage":"es","@id":"https:\/\/matriculasdelmundo.com\/noticias\/matriculas-checas-coche-9az9999\/#primaryimage","url":"https:\/\/matriculasdelmundo.com\/noticias\/wp-content\/uploads\/2023\/06\/matricula-checa-praga-1AAA000.jpg","contentUrl":"https:\/\/matriculasdelmundo.com\/noticias\/wp-content\/uploads\/2023\/06\/matricula-checa-praga-1AAA000.jpg","width":807,"height":566,"caption":"Matr\u00edcula checa de coche de Praga tras 9AZ9999"},{"@type":"BreadcrumbList","@id":"https:\/\/matriculasdelmundo.com\/noticias\/matriculas-checas-coche-9az9999\/#breadcrumb","itemListElement":[{"@type":"ListItem","position":1,"name":"Portada","item":"https:\/\/matriculasdelmundo.com\/noticias\/"},{"@type":"ListItem","position":2,"name":"As\u00ed son las matr\u00edculas checas tras 9AZ9999"}]},{"@type":"WebSite","@id":"https:\/\/matriculasdelmundo.com\/noticias\/#website","url":"https:\/\/matriculasdelmundo.com\/noticias\/","name":"Noticias de matr\u00edculas del mundo","description":"Descubre las \u00faltimas noticias sobre matriculas de coches de todos los pa\u00edses del mundo. Actualizado semanalmente","publisher":{"@id":"https:\/\/matriculasdelmundo.com\/noticias\/#organization"},"potentialAction":[{"@type":"SearchAction","target":{"@type":"EntryPoint","urlTemplate":"https:\/\/matriculasdelmundo.com\/noticias\/?s={search_term_string}"},"query-input":{"@type":"PropertyValueSpecification","valueRequired":true,"valueName":"search_term_string"}}],"inLanguage":"es"},{"@type":"Organization","@id":"https:\/\/matriculasdelmundo.com\/noticias\/#organization","name":"Matriculasdelmundo.com","url":"https:\/\/matriculasdelmundo.com\/noticias\/","logo":{"@type":"ImageObject","inLanguage":"es","@id":"https:\/\/matriculasdelmundo.com\/noticias\/#\/schema\/logo\/image\/","url":"https:\/\/matriculasdelmundo.com\/noticias\/wp-content\/uploads\/2017\/09\/logo2.png","contentUrl":"https:\/\/matriculasdelmundo.com\/noticias\/wp-content\/uploads\/2017\/09\/logo2.png","width":100,"height":34,"caption":"Matriculasdelmundo.com"},"image":{"@id":"https:\/\/matriculasdelmundo.com\/noticias\/#\/schema\/logo\/image\/"},"sameAs":["https:\/\/www.facebook.com\/matriculasdelmundo\/","https:\/\/x.com\/matriculasdm","https:\/\/www.instagram.com\/matriculasdelmundo\/"]},{"@type":"Person","@id":"https:\/\/matriculasdelmundo.com\/noticias\/#\/schema\/person\/91e4edcb4c5c7a2e9f6d5f83d116aa90","name":"Matriculasdelmundo","image":{"@type":"ImageObject","inLanguage":"es","@id":"https:\/\/secure.gravatar.com\/avatar\/83f1597276b4fd718af4e3dae5c073f1efc6ca190953128b5ef9ba5696cc5297?s=96&d=mm&r=g","url":"https:\/\/secure.gravatar.com\/avatar\/83f1597276b4fd718af4e3dae5c073f1efc6ca190953128b5ef9ba5696cc5297?s=96&d=mm&r=g","contentUrl":"https:\/\/secure.gravatar.com\/avatar\/83f1597276b4fd718af4e3dae5c073f1efc6ca190953128b5ef9ba5696cc5297?s=96&d=mm&r=g","caption":"Matriculasdelmundo"}}]}},"_links":{"self":[{"href":"https:\/\/matriculasdelmundo.com\/noticias\/wp-json\/wp\/v2\/posts\/1117","targetHints":{"allow":["GET"]}}],"collection":[{"href":"https:\/\/matriculasdelmundo.com\/noticias\/wp-json\/wp\/v2\/posts"}],"about":[{"href":"https:\/\/matriculasdelmundo.com\/noticias\/wp-json\/wp\/v2\/types\/post"}],"author":[{"embeddable":true,"href":"https:\/\/matriculasdelmundo.com\/noticias\/wp-json\/wp\/v2\/users\/1"}],"replies":[{"embeddable":true,"href":"https:\/\/matriculasdelmundo.com\/noticias\/wp-json\/wp\/v2\/comments?post=1117"}],"version-history":[{"count":3,"href":"https:\/\/matriculasdelmundo.com\/noticias\/wp-json\/wp\/v2\/posts\/1117\/revisions"}],"predecessor-version":[{"id":1134,"href":"https:\/\/matriculasdelmundo.com\/noticias\/wp-json\/wp\/v2\/posts\/1117\/revisions\/1134"}],"wp:featuredmedia":[{"embeddable":true,"href":"https:\/\/matriculasdelmundo.com\/noticias\/wp-json\/wp\/v2\/media\/1128"}],"wp:attachment":[{"href":"https:\/\/matriculasdelmundo.com\/noticias\/wp-json\/wp\/v2\/media?parent=1117"}],"wp:term":[{"taxonomy":"category","embeddable":true,"href":"https:\/\/matriculasdelmundo.com\/noticias\/wp-json\/wp\/v2\/categories?post=1117"},{"taxonomy":"post_tag","embeddable":true,"href":"https:\/\/matriculasdelmundo.com\/noticias\/wp-json\/wp\/v2\/tags?post=1117"}],"curies":[{"name":"wp","href":"https:\/\/api.w.org\/{rel}","templated":true}]}}