{"id":1091,"date":"2023-04-26T10:08:31","date_gmt":"2023-04-26T09:08:31","guid":{"rendered":"https:\/\/matriculasdelmundo.com\/noticias\/?p=1091"},"modified":"2023-04-26T10:12:28","modified_gmt":"2023-04-26T09:12:28","slug":"matricula-mas-cara-historia-record","status":"publish","type":"post","link":"https:\/\/matriculasdelmundo.com\/noticias\/matricula-mas-cara-historia-record\/","title":{"rendered":"Record para la matr\u00edcula m\u00e1s cara de la historia"},"content":{"rendered":"\n<p>Durante este mes de marzo, <strong>se ha batido un record muy interesante, que es el de la matr\u00edcula m\u00e1s cara de la historia.<\/strong> En matriculasdelmundo.com ya os hemos traido otros casos de matr\u00edculas subastadas o vendidas por precios extremadamente altos, como el de las dos <a href=\"https:\/\/matriculasdelmundo.com\/noticias\/215\/\">matr\u00edculas subastadas por un mill\u00f3n de euros en 2018<\/a> en los Emiratos \u00c1rabes Unidos, o la <a href=\"https:\/\/matriculasdelmundo.com\/noticias\/matricula-mas-cara-vendida\/\">matr\u00edcula m\u00e1s cara de la historia del territorio de Jersey <\/a>por 100.000 d\u00f3lares. En este caso, os traemos una matr\u00edcula que ha pulverizado estos dos casos y que tambi\u00e9n<strong> viene de los Emiratos \u00c1rabes Unidos.<\/strong><\/p>\n\n\n<div class=\"wp-block-image\">\n<figure class=\"aligncenter size-full is-resized\"><img decoding=\"async\" data-src=\"https:\/\/matriculasdelmundo.com\/noticias\/wp-content\/uploads\/2023\/04\/matricula-mas-cara-historia-dubai.png\" alt=\"Esta es la matr\u00edcula m\u00e1s cara de la historia\" class=\"wp-image-1094 lazyload\" width=\"408\" height=\"306\" data-srcset=\"https:\/\/matriculasdelmundo.com\/noticias\/wp-content\/uploads\/2023\/04\/matricula-mas-cara-historia-dubai.png 800w, https:\/\/matriculasdelmundo.com\/noticias\/wp-content\/uploads\/2023\/04\/matricula-mas-cara-historia-dubai-300x225.png 300w, https:\/\/matriculasdelmundo.com\/noticias\/wp-content\/uploads\/2023\/04\/matricula-mas-cara-historia-dubai-768x576.png 768w\" data-sizes=\"(max-width: 408px) 100vw, 408px\" src=\"data:image\/svg+xml;base64,PHN2ZyB3aWR0aD0iMSIgaGVpZ2h0PSIxIiB4bWxucz0iaHR0cDovL3d3dy53My5vcmcvMjAwMC9zdmciPjwvc3ZnPg==\" style=\"--smush-placeholder-width: 408px; --smush-placeholder-aspect-ratio: 408\/306;\" \/><figcaption class=\"wp-element-caption\">Esta es la matr\u00edcula m\u00e1s cara de la historia<\/figcaption><\/figure>\n<\/div>\n\n\n<h2 class=\"wp-block-heading\">\u00bfCu\u00e1les son las matr\u00edculas m\u00e1s caras de la historia?<\/h2>\n\n\n\n<p>Durante los \u00faltimos meses hemos estado recopilando <strong>cu\u00e1les son las matr\u00edculas m\u00e1s caras de la historia<\/strong>. Al menos en 10 ocasiones el coste total de la matr\u00edcula subastada o vendida ha superado el mill\u00f3n de d\u00f3lares. Sin embargo, es posible que esto haya ocurrido en m\u00e1s ocasiones que las que aqu\u00ed muestro. El pa\u00eds donde mayor n\u00famero de matr\u00edculas se subastan a mayor precio es en los <a href=\"https:\/\/matriculasdelmundo.com\/eau.html\">Emiratos \u00c1rabes Unidos<\/a>, tanto en<strong> Dubai como en Abu Dhabi.<\/strong> <\/p>\n\n\n<div class=\"wp-block-image\">\n<figure class=\"aligncenter size-large is-resized\"><img decoding=\"async\" data-src=\"https:\/\/matriculasdelmundo.com\/matriculas\/mapas\/mapaeau.png\" alt=\"Mapa de los estados de los Emiratos \u00c1rabes Unidos, DUBAI y Abu Dhabi\" width=\"435\" height=\"331\" src=\"data:image\/svg+xml;base64,PHN2ZyB3aWR0aD0iMSIgaGVpZ2h0PSIxIiB4bWxucz0iaHR0cDovL3d3dy53My5vcmcvMjAwMC9zdmciPjwvc3ZnPg==\" class=\"lazyload\" style=\"--smush-placeholder-width: 435px; --smush-placeholder-aspect-ratio: 435\/331;\" \/><figcaption class=\"wp-element-caption\"><strong>Emiratos que conforman los Emiratos \u00c1rabes Unidos<\/strong>. Fuente: <a href=\"https:\/\/matriculasdelmundo.com\/eau.html\">propia &#8211; matriculasdelmundo.com<\/a><\/figcaption><\/figure>\n<\/div>\n\n\n<p>Actualmente <strong>es posible comprar al menos dos matr\u00edculas de coches a un precio m\u00e1s elevado<\/strong> que el de la matr\u00edcula que ha batido el record este mes. Se trata de dos matr\u00edculas que est\u00e1n en venta en Estados Unidos por 20 y 24 millones de d\u00f3lares respectivamente. Sin embargo, como no han sido vendidas (todav\u00eda), no pueden ser contadas como la matr\u00edcula m\u00e1s cara de la historia. <\/p>\n\n\n<div class=\"wp-block-image\">\n<figure class=\"aligncenter size-large is-resized\"><img decoding=\"async\" src=\"https:\/\/matriculasdelmundo.com\/gUSA5.php?textUSA5=new++york\" alt=\"Matr\u00edcula de Nueva York NEW YORK amarilla en venta por 20 millones de d\u00f3alres\" width=\"401\" height=\"201\"\/><figcaption class=\"wp-element-caption\">Esta matr\u00edcula de Nueva York se vende actualmente por <strong>20 millones de d\u00f3lares<\/strong>, y lleva ya en venta varias d\u00e9cadas. [NEW YORK]<\/figcaption><\/figure>\n<\/div>\n\n\n<p>Las matr\u00edculas que se ha vendido a mayor precio hasta febrero del 2023 fueron principalmente aquellas compradas en los Dubai y Abu Dhabi. <strong>El record lo ten\u00eda la matr\u00edcula \u00ab1\u00bb de Dubai<\/strong> que fue vendida en 2008 por 14,5 millones de d\u00f3lares. A continuaci\u00f3n se encuentra la <strong>matr\u00edcula \u00abF1\u00bb<\/strong> vendida en <a href=\"https:\/\/matriculasdelmundo.com\/reinounido.html\">Reino Unido<\/a> por aproximadamente 10 millones de d\u00f3lares. En tercera posici\u00f3n se encontraba la <strong>matr\u00edcula \u00abD5\u00bb<\/strong> de Dubai que fue vendida por 9,6 millones de d\u00f3lares. Pero, <strong>\u00bfqu\u00e9 matr\u00edcula tiene el nuevo record?<\/strong><\/p>\n\n\n<div class=\"wp-block-image\">\n<figure class=\"aligncenter size-large\"><img decoding=\"async\" src=\"https:\/\/matriculasdelmundo.com\/gGB1.php?textGB1=%20%20%20%20%20f1\" alt=\"Matr\u00edcula de Reino Unido F1 vendida por 10 millones de d\u00f3lares\"\/><figcaption class=\"wp-element-caption\"><strong>Matr\u00edcula de Reino Unido F1<\/strong> vendida por 10 millones de d\u00f3lares<\/figcaption><\/figure>\n<\/div>\n\n\n<h2 class=\"wp-block-heading\">\u00bfQu\u00e9 matr\u00edcula tiene el record de ser la m\u00e1s cara de la historia?<\/h2>\n\n\n\n<p>A fecha de abril de 2023, el record de la matr\u00edcula m\u00e1s cara de la historia la tiene nuevamente un propietario del emirato de los <a href=\"https:\/\/matriculasdelmundo.com\/eau.html#\">Emiratos \u00c1rabes Unidos<\/a> de Dubai. Se trata de la <strong>matr\u00edcula P7 <\/strong>vendida por 55 millones de dirhams (AED), que al cambio ser\u00edan 13,5 millones de euros. El dinero conseguido por esta matricula es destinado a causas ben\u00e9ficas, en este caso en particular a 1 Billion Meals Endowment.<\/p>\n\n\n<div class=\"wp-block-image\">\n<figure class=\"aligncenter size-full is-resized\"><img decoding=\"async\" data-src=\"https:\/\/matriculasdelmundo.com\/noticias\/wp-content\/uploads\/2023\/04\/matricula-dubai-coche-p7-mas-cara-historia-expensive-plate.png\" alt=\"\" class=\"wp-image-1092 lazyload\" width=\"541\" height=\"100\" data-srcset=\"https:\/\/matriculasdelmundo.com\/noticias\/wp-content\/uploads\/2023\/04\/matricula-dubai-coche-p7-mas-cara-historia-expensive-plate.png 799w, https:\/\/matriculasdelmundo.com\/noticias\/wp-content\/uploads\/2023\/04\/matricula-dubai-coche-p7-mas-cara-historia-expensive-plate-300x55.png 300w, https:\/\/matriculasdelmundo.com\/noticias\/wp-content\/uploads\/2023\/04\/matricula-dubai-coche-p7-mas-cara-historia-expensive-plate-768x141.png 768w\" data-sizes=\"(max-width: 541px) 100vw, 541px\" src=\"data:image\/svg+xml;base64,PHN2ZyB3aWR0aD0iMSIgaGVpZ2h0PSIxIiB4bWxucz0iaHR0cDovL3d3dy53My5vcmcvMjAwMC9zdmciPjwvc3ZnPg==\" style=\"--smush-placeholder-width: 541px; --smush-placeholder-aspect-ratio: 541\/100;\" \/><figcaption class=\"wp-element-caption\"><strong>Matr\u00edcula m\u00e1s cara de la historia<\/strong> vendida por <strong>15 millones de d\u00f3lares<\/strong> de Dubai<\/figcaption><\/figure>\n<\/div>\n\n\n<p>Lo m\u00e1s curioso es que esta matr\u00edcula ser\u00e1 m\u00e1s cara que el coche que la utilice. \u00bfCu\u00e1l crees que ser\u00e1 la siguiente matr\u00edcula m\u00e1s cara? Puedes dejarnos un comentario m\u00e1s abajo.<\/p>\n\n\n<div class=\"kk-star-ratings kksr-auto kksr-align-center kksr-valign-bottom\"\n    data-payload='{&quot;align&quot;:&quot;center&quot;,&quot;id&quot;:&quot;1091&quot;,&quot;slug&quot;:&quot;default&quot;,&quot;valign&quot;:&quot;bottom&quot;,&quot;ignore&quot;:&quot;&quot;,&quot;reference&quot;:&quot;auto&quot;,&quot;class&quot;:&quot;&quot;,&quot;count&quot;:&quot;1&quot;,&quot;legendonly&quot;:&quot;&quot;,&quot;readonly&quot;:&quot;&quot;,&quot;score&quot;:&quot;5&quot;,&quot;starsonly&quot;:&quot;&quot;,&quot;best&quot;:&quot;5&quot;,&quot;gap&quot;:&quot;5&quot;,&quot;greet&quot;:&quot;Punt\u00faalo post&quot;,&quot;legend&quot;:&quot;5\\\/5 - (1 voto)&quot;,&quot;size&quot;:&quot;18&quot;,&quot;title&quot;:&quot;Record para la matr\u00edcula m\u00e1s cara de la historia&quot;,&quot;width&quot;:&quot;112.5&quot;,&quot;_legend&quot;:&quot;{score}\\\/{best} - ({count} {votes})&quot;,&quot;font_factor&quot;:&quot;1.25&quot;}'>\n            \n<div class=\"kksr-stars\">\n    \n<div class=\"kksr-stars-inactive\">\n            <div class=\"kksr-star\" data-star=\"1\" style=\"padding-right: 5px\">\n            \n\n<div class=\"kksr-icon\" style=\"width: 18px; height: 18px;\"><\/div>\n        <\/div>\n            <div class=\"kksr-star\" data-star=\"2\" style=\"padding-right: 5px\">\n            \n\n<div class=\"kksr-icon\" style=\"width: 18px; height: 18px;\"><\/div>\n        <\/div>\n            <div class=\"kksr-star\" data-star=\"3\" style=\"padding-right: 5px\">\n            \n\n<div class=\"kksr-icon\" style=\"width: 18px; height: 18px;\"><\/div>\n        <\/div>\n            <div class=\"kksr-star\" data-star=\"4\" style=\"padding-right: 5px\">\n            \n\n<div class=\"kksr-icon\" style=\"width: 18px; height: 18px;\"><\/div>\n        <\/div>\n            <div class=\"kksr-star\" data-star=\"5\" style=\"padding-right: 5px\">\n            \n\n<div class=\"kksr-icon\" style=\"width: 18px; height: 18px;\"><\/div>\n        <\/div>\n    <\/div>\n    \n<div class=\"kksr-stars-active\" style=\"width: 112.5px;\">\n            <div class=\"kksr-star\" style=\"padding-right: 5px\">\n            \n\n<div class=\"kksr-icon\" style=\"width: 18px; height: 18px;\"><\/div>\n        <\/div>\n            <div class=\"kksr-star\" style=\"padding-right: 5px\">\n            \n\n<div class=\"kksr-icon\" style=\"width: 18px; height: 18px;\"><\/div>\n        <\/div>\n            <div class=\"kksr-star\" style=\"padding-right: 5px\">\n            \n\n<div class=\"kksr-icon\" style=\"width: 18px; height: 18px;\"><\/div>\n        <\/div>\n            <div class=\"kksr-star\" style=\"padding-right: 5px\">\n            \n\n<div class=\"kksr-icon\" style=\"width: 18px; height: 18px;\"><\/div>\n        <\/div>\n            <div class=\"kksr-star\" style=\"padding-right: 5px\">\n            \n\n<div class=\"kksr-icon\" style=\"width: 18px; height: 18px;\"><\/div>\n        <\/div>\n    <\/div>\n<\/div>\n                \n\n<div class=\"kksr-legend\" style=\"font-size: 14.4px;\">\n            5\/5 - (1 voto)    <\/div>\n    <\/div>\n","protected":false},"excerpt":{"rendered":"<p>Durante este mes de marzo, se ha batido un record muy interesante, que es el de la matr\u00edcula m\u00e1s cara de la historia. En matriculasdelmundo.com ya os hemos traido otros casos de matr\u00edculas subastadas o vendidas por precios extremadamente altos, como el de las dos matr\u00edculas subastadas por un mill\u00f3n de euros en 2018 en&hellip;&nbsp;<a href=\"https:\/\/matriculasdelmundo.com\/noticias\/matricula-mas-cara-historia-record\/\" rel=\"bookmark\">Leer m\u00e1s &raquo;<span class=\"screen-reader-text\">Record para la matr\u00edcula m\u00e1s cara de la historia<\/span><\/a><\/p>\n","protected":false},"author":1,"featured_media":1094,"comment_status":"open","ping_status":"open","sticky":false,"template":"","format":"standard","meta":{"neve_meta_sidebar":"","neve_meta_container":"","neve_meta_enable_content_width":"","neve_meta_content_width":0,"neve_meta_title_alignment":"","neve_meta_author_avatar":"","neve_post_elements_order":"","neve_meta_disable_header":"","neve_meta_disable_footer":"","neve_meta_disable_title":"","footnotes":""},"categories":[87],"tags":[300,328,212,89,90],"class_list":["post-1091","post","type-post","status-publish","format-standard","has-post-thumbnail","hentry","category-emiratos-arabes-unidos","tag-300","tag-cara","tag-dubai","tag-emiratos-arabes-unidos","tag-subasta"],"yoast_head":"<!-- This site is optimized with the Yoast SEO plugin v27.5 - https:\/\/yoast.com\/product\/yoast-seo-wordpress\/ -->\n<title>Esta es la matr\u00edcula m\u00e1s cara de la historia - Nuevo record<\/title>\n<meta name=\"description\" content=\"En 2023 se ha vuelto a batir el record de la matr\u00edcula m\u00e1s cara de la historia. En este cart\u00edcula te mostramos los detalles y secretos.\" \/>\n<meta name=\"robots\" content=\"index, follow, max-snippet:-1, max-image-preview:large, max-video-preview:-1\" \/>\n<link rel=\"canonical\" href=\"https:\/\/matriculasdelmundo.com\/noticias\/matricula-mas-cara-historia-record\/\" \/>\n<meta property=\"og:locale\" content=\"es_ES\" \/>\n<meta property=\"og:type\" content=\"article\" \/>\n<meta property=\"og:title\" content=\"Esta es la matr\u00edcula m\u00e1s cara de la historia - Nuevo record\" \/>\n<meta property=\"og:description\" content=\"En 2023 se ha vuelto a batir el record de la matr\u00edcula m\u00e1s cara de la historia. En este cart\u00edcula te mostramos los detalles y secretos.\" \/>\n<meta property=\"og:url\" content=\"https:\/\/matriculasdelmundo.com\/noticias\/matricula-mas-cara-historia-record\/\" \/>\n<meta property=\"og:site_name\" content=\"Noticias de matr\u00edculas del mundo\" \/>\n<meta property=\"article:publisher\" content=\"https:\/\/www.facebook.com\/matriculasdelmundo\/\" \/>\n<meta property=\"article:published_time\" content=\"2023-04-26T09:08:31+00:00\" \/>\n<meta property=\"article:modified_time\" content=\"2023-04-26T09:12:28+00:00\" \/>\n<meta property=\"og:image\" content=\"https:\/\/matriculasdelmundo.com\/noticias\/wp-content\/uploads\/2023\/04\/matricula-mas-cara-historia-dubai.png\" \/>\n\t<meta property=\"og:image:width\" content=\"800\" \/>\n\t<meta property=\"og:image:height\" content=\"600\" \/>\n\t<meta property=\"og:image:type\" content=\"image\/png\" \/>\n<meta name=\"author\" content=\"Matriculasdelmundo\" \/>\n<meta name=\"twitter:card\" content=\"summary_large_image\" \/>\n<meta name=\"twitter:creator\" content=\"@matriculasdm\" \/>\n<meta name=\"twitter:site\" content=\"@matriculasdm\" \/>\n<meta name=\"twitter:label1\" content=\"Escrito por\" \/>\n\t<meta name=\"twitter:data1\" content=\"Matriculasdelmundo\" \/>\n\t<meta name=\"twitter:label2\" content=\"Tiempo de lectura\" \/>\n\t<meta name=\"twitter:data2\" content=\"4 minutos\" \/>\n<script type=\"application\/ld+json\" class=\"yoast-schema-graph\">{\"@context\":\"https:\\\/\\\/schema.org\",\"@graph\":[{\"@type\":\"Article\",\"@id\":\"https:\\\/\\\/matriculasdelmundo.com\\\/noticias\\\/matricula-mas-cara-historia-record\\\/#article\",\"isPartOf\":{\"@id\":\"https:\\\/\\\/matriculasdelmundo.com\\\/noticias\\\/matricula-mas-cara-historia-record\\\/\"},\"author\":{\"name\":\"Matriculasdelmundo\",\"@id\":\"https:\\\/\\\/matriculasdelmundo.com\\\/noticias\\\/#\\\/schema\\\/person\\\/91e4edcb4c5c7a2e9f6d5f83d116aa90\"},\"headline\":\"Record para la matr\u00edcula m\u00e1s cara de la historia\",\"datePublished\":\"2023-04-26T09:08:31+00:00\",\"dateModified\":\"2023-04-26T09:12:28+00:00\",\"mainEntityOfPage\":{\"@id\":\"https:\\\/\\\/matriculasdelmundo.com\\\/noticias\\\/matricula-mas-cara-historia-record\\\/\"},\"wordCount\":578,\"commentCount\":0,\"publisher\":{\"@id\":\"https:\\\/\\\/matriculasdelmundo.com\\\/noticias\\\/#organization\"},\"image\":{\"@id\":\"https:\\\/\\\/matriculasdelmundo.com\\\/noticias\\\/matricula-mas-cara-historia-record\\\/#primaryimage\"},\"thumbnailUrl\":\"https:\\\/\\\/matriculasdelmundo.com\\\/noticias\\\/wp-content\\\/uploads\\\/2023\\\/04\\\/matricula-mas-cara-historia-dubai.png\",\"keywords\":[\"2023\",\"cara\",\"Dubai\",\"Emiratos \u00c1rabes Unidos\",\"subasta\"],\"articleSection\":[\"Emiratos \u00c1rabes Unidos\"],\"inLanguage\":\"es\",\"potentialAction\":[{\"@type\":\"CommentAction\",\"name\":\"Comment\",\"target\":[\"https:\\\/\\\/matriculasdelmundo.com\\\/noticias\\\/matricula-mas-cara-historia-record\\\/#respond\"]}]},{\"@type\":\"WebPage\",\"@id\":\"https:\\\/\\\/matriculasdelmundo.com\\\/noticias\\\/matricula-mas-cara-historia-record\\\/\",\"url\":\"https:\\\/\\\/matriculasdelmundo.com\\\/noticias\\\/matricula-mas-cara-historia-record\\\/\",\"name\":\"Esta es la matr\u00edcula m\u00e1s cara de la historia - Nuevo record\",\"isPartOf\":{\"@id\":\"https:\\\/\\\/matriculasdelmundo.com\\\/noticias\\\/#website\"},\"primaryImageOfPage\":{\"@id\":\"https:\\\/\\\/matriculasdelmundo.com\\\/noticias\\\/matricula-mas-cara-historia-record\\\/#primaryimage\"},\"image\":{\"@id\":\"https:\\\/\\\/matriculasdelmundo.com\\\/noticias\\\/matricula-mas-cara-historia-record\\\/#primaryimage\"},\"thumbnailUrl\":\"https:\\\/\\\/matriculasdelmundo.com\\\/noticias\\\/wp-content\\\/uploads\\\/2023\\\/04\\\/matricula-mas-cara-historia-dubai.png\",\"datePublished\":\"2023-04-26T09:08:31+00:00\",\"dateModified\":\"2023-04-26T09:12:28+00:00\",\"description\":\"En 2023 se ha vuelto a batir el record de la matr\u00edcula m\u00e1s cara de la historia. En este cart\u00edcula te mostramos los detalles y secretos.\",\"breadcrumb\":{\"@id\":\"https:\\\/\\\/matriculasdelmundo.com\\\/noticias\\\/matricula-mas-cara-historia-record\\\/#breadcrumb\"},\"inLanguage\":\"es\",\"potentialAction\":[{\"@type\":\"ReadAction\",\"target\":[\"https:\\\/\\\/matriculasdelmundo.com\\\/noticias\\\/matricula-mas-cara-historia-record\\\/\"]}]},{\"@type\":\"ImageObject\",\"inLanguage\":\"es\",\"@id\":\"https:\\\/\\\/matriculasdelmundo.com\\\/noticias\\\/matricula-mas-cara-historia-record\\\/#primaryimage\",\"url\":\"https:\\\/\\\/matriculasdelmundo.com\\\/noticias\\\/wp-content\\\/uploads\\\/2023\\\/04\\\/matricula-mas-cara-historia-dubai.png\",\"contentUrl\":\"https:\\\/\\\/matriculasdelmundo.com\\\/noticias\\\/wp-content\\\/uploads\\\/2023\\\/04\\\/matricula-mas-cara-historia-dubai.png\",\"width\":800,\"height\":600,\"caption\":\"Esta es la matr\u00edcula m\u00e1s cara de la historia\"},{\"@type\":\"BreadcrumbList\",\"@id\":\"https:\\\/\\\/matriculasdelmundo.com\\\/noticias\\\/matricula-mas-cara-historia-record\\\/#breadcrumb\",\"itemListElement\":[{\"@type\":\"ListItem\",\"position\":1,\"name\":\"Portada\",\"item\":\"https:\\\/\\\/matriculasdelmundo.com\\\/noticias\\\/\"},{\"@type\":\"ListItem\",\"position\":2,\"name\":\"Record para la matr\u00edcula m\u00e1s cara de la historia\"}]},{\"@type\":\"WebSite\",\"@id\":\"https:\\\/\\\/matriculasdelmundo.com\\\/noticias\\\/#website\",\"url\":\"https:\\\/\\\/matriculasdelmundo.com\\\/noticias\\\/\",\"name\":\"Noticias de matr\u00edculas del mundo\",\"description\":\"Descubre las \u00faltimas noticias sobre matriculas de coches de todos los pa\u00edses del mundo. Actualizado semanalmente\",\"publisher\":{\"@id\":\"https:\\\/\\\/matriculasdelmundo.com\\\/noticias\\\/#organization\"},\"potentialAction\":[{\"@type\":\"SearchAction\",\"target\":{\"@type\":\"EntryPoint\",\"urlTemplate\":\"https:\\\/\\\/matriculasdelmundo.com\\\/noticias\\\/?s={search_term_string}\"},\"query-input\":{\"@type\":\"PropertyValueSpecification\",\"valueRequired\":true,\"valueName\":\"search_term_string\"}}],\"inLanguage\":\"es\"},{\"@type\":\"Organization\",\"@id\":\"https:\\\/\\\/matriculasdelmundo.com\\\/noticias\\\/#organization\",\"name\":\"Matriculasdelmundo.com\",\"url\":\"https:\\\/\\\/matriculasdelmundo.com\\\/noticias\\\/\",\"logo\":{\"@type\":\"ImageObject\",\"inLanguage\":\"es\",\"@id\":\"https:\\\/\\\/matriculasdelmundo.com\\\/noticias\\\/#\\\/schema\\\/logo\\\/image\\\/\",\"url\":\"https:\\\/\\\/matriculasdelmundo.com\\\/noticias\\\/wp-content\\\/uploads\\\/2017\\\/09\\\/logo2.png\",\"contentUrl\":\"https:\\\/\\\/matriculasdelmundo.com\\\/noticias\\\/wp-content\\\/uploads\\\/2017\\\/09\\\/logo2.png\",\"width\":100,\"height\":34,\"caption\":\"Matriculasdelmundo.com\"},\"image\":{\"@id\":\"https:\\\/\\\/matriculasdelmundo.com\\\/noticias\\\/#\\\/schema\\\/logo\\\/image\\\/\"},\"sameAs\":[\"https:\\\/\\\/www.facebook.com\\\/matriculasdelmundo\\\/\",\"https:\\\/\\\/x.com\\\/matriculasdm\",\"https:\\\/\\\/www.instagram.com\\\/matriculasdelmundo\\\/\"]},{\"@type\":\"Person\",\"@id\":\"https:\\\/\\\/matriculasdelmundo.com\\\/noticias\\\/#\\\/schema\\\/person\\\/91e4edcb4c5c7a2e9f6d5f83d116aa90\",\"name\":\"Matriculasdelmundo\",\"image\":{\"@type\":\"ImageObject\",\"inLanguage\":\"es\",\"@id\":\"https:\\\/\\\/secure.gravatar.com\\\/avatar\\\/83f1597276b4fd718af4e3dae5c073f1efc6ca190953128b5ef9ba5696cc5297?s=96&d=mm&r=g\",\"url\":\"https:\\\/\\\/secure.gravatar.com\\\/avatar\\\/83f1597276b4fd718af4e3dae5c073f1efc6ca190953128b5ef9ba5696cc5297?s=96&d=mm&r=g\",\"contentUrl\":\"https:\\\/\\\/secure.gravatar.com\\\/avatar\\\/83f1597276b4fd718af4e3dae5c073f1efc6ca190953128b5ef9ba5696cc5297?s=96&d=mm&r=g\",\"caption\":\"Matriculasdelmundo\"}}]}<\/script>\n<!-- \/ Yoast SEO plugin. -->","yoast_head_json":{"title":"Esta es la matr\u00edcula m\u00e1s cara de la historia - Nuevo record","description":"En 2023 se ha vuelto a batir el record de la matr\u00edcula m\u00e1s cara de la historia. En este cart\u00edcula te mostramos los detalles y secretos.","robots":{"index":"index","follow":"follow","max-snippet":"max-snippet:-1","max-image-preview":"max-image-preview:large","max-video-preview":"max-video-preview:-1"},"canonical":"https:\/\/matriculasdelmundo.com\/noticias\/matricula-mas-cara-historia-record\/","og_locale":"es_ES","og_type":"article","og_title":"Esta es la matr\u00edcula m\u00e1s cara de la historia - Nuevo record","og_description":"En 2023 se ha vuelto a batir el record de la matr\u00edcula m\u00e1s cara de la historia. En este cart\u00edcula te mostramos los detalles y secretos.","og_url":"https:\/\/matriculasdelmundo.com\/noticias\/matricula-mas-cara-historia-record\/","og_site_name":"Noticias de matr\u00edculas del mundo","article_publisher":"https:\/\/www.facebook.com\/matriculasdelmundo\/","article_published_time":"2023-04-26T09:08:31+00:00","article_modified_time":"2023-04-26T09:12:28+00:00","og_image":[{"width":800,"height":600,"url":"https:\/\/matriculasdelmundo.com\/noticias\/wp-content\/uploads\/2023\/04\/matricula-mas-cara-historia-dubai.png","type":"image\/png"}],"author":"Matriculasdelmundo","twitter_card":"summary_large_image","twitter_creator":"@matriculasdm","twitter_site":"@matriculasdm","twitter_misc":{"Escrito por":"Matriculasdelmundo","Tiempo de lectura":"4 minutos"},"schema":{"@context":"https:\/\/schema.org","@graph":[{"@type":"Article","@id":"https:\/\/matriculasdelmundo.com\/noticias\/matricula-mas-cara-historia-record\/#article","isPartOf":{"@id":"https:\/\/matriculasdelmundo.com\/noticias\/matricula-mas-cara-historia-record\/"},"author":{"name":"Matriculasdelmundo","@id":"https:\/\/matriculasdelmundo.com\/noticias\/#\/schema\/person\/91e4edcb4c5c7a2e9f6d5f83d116aa90"},"headline":"Record para la matr\u00edcula m\u00e1s cara de la historia","datePublished":"2023-04-26T09:08:31+00:00","dateModified":"2023-04-26T09:12:28+00:00","mainEntityOfPage":{"@id":"https:\/\/matriculasdelmundo.com\/noticias\/matricula-mas-cara-historia-record\/"},"wordCount":578,"commentCount":0,"publisher":{"@id":"https:\/\/matriculasdelmundo.com\/noticias\/#organization"},"image":{"@id":"https:\/\/matriculasdelmundo.com\/noticias\/matricula-mas-cara-historia-record\/#primaryimage"},"thumbnailUrl":"https:\/\/matriculasdelmundo.com\/noticias\/wp-content\/uploads\/2023\/04\/matricula-mas-cara-historia-dubai.png","keywords":["2023","cara","Dubai","Emiratos \u00c1rabes Unidos","subasta"],"articleSection":["Emiratos \u00c1rabes Unidos"],"inLanguage":"es","potentialAction":[{"@type":"CommentAction","name":"Comment","target":["https:\/\/matriculasdelmundo.com\/noticias\/matricula-mas-cara-historia-record\/#respond"]}]},{"@type":"WebPage","@id":"https:\/\/matriculasdelmundo.com\/noticias\/matricula-mas-cara-historia-record\/","url":"https:\/\/matriculasdelmundo.com\/noticias\/matricula-mas-cara-historia-record\/","name":"Esta es la matr\u00edcula m\u00e1s cara de la historia - Nuevo record","isPartOf":{"@id":"https:\/\/matriculasdelmundo.com\/noticias\/#website"},"primaryImageOfPage":{"@id":"https:\/\/matriculasdelmundo.com\/noticias\/matricula-mas-cara-historia-record\/#primaryimage"},"image":{"@id":"https:\/\/matriculasdelmundo.com\/noticias\/matricula-mas-cara-historia-record\/#primaryimage"},"thumbnailUrl":"https:\/\/matriculasdelmundo.com\/noticias\/wp-content\/uploads\/2023\/04\/matricula-mas-cara-historia-dubai.png","datePublished":"2023-04-26T09:08:31+00:00","dateModified":"2023-04-26T09:12:28+00:00","description":"En 2023 se ha vuelto a batir el record de la matr\u00edcula m\u00e1s cara de la historia. En este cart\u00edcula te mostramos los detalles y secretos.","breadcrumb":{"@id":"https:\/\/matriculasdelmundo.com\/noticias\/matricula-mas-cara-historia-record\/#breadcrumb"},"inLanguage":"es","potentialAction":[{"@type":"ReadAction","target":["https:\/\/matriculasdelmundo.com\/noticias\/matricula-mas-cara-historia-record\/"]}]},{"@type":"ImageObject","inLanguage":"es","@id":"https:\/\/matriculasdelmundo.com\/noticias\/matricula-mas-cara-historia-record\/#primaryimage","url":"https:\/\/matriculasdelmundo.com\/noticias\/wp-content\/uploads\/2023\/04\/matricula-mas-cara-historia-dubai.png","contentUrl":"https:\/\/matriculasdelmundo.com\/noticias\/wp-content\/uploads\/2023\/04\/matricula-mas-cara-historia-dubai.png","width":800,"height":600,"caption":"Esta es la matr\u00edcula m\u00e1s cara de la historia"},{"@type":"BreadcrumbList","@id":"https:\/\/matriculasdelmundo.com\/noticias\/matricula-mas-cara-historia-record\/#breadcrumb","itemListElement":[{"@type":"ListItem","position":1,"name":"Portada","item":"https:\/\/matriculasdelmundo.com\/noticias\/"},{"@type":"ListItem","position":2,"name":"Record para la matr\u00edcula m\u00e1s cara de la historia"}]},{"@type":"WebSite","@id":"https:\/\/matriculasdelmundo.com\/noticias\/#website","url":"https:\/\/matriculasdelmundo.com\/noticias\/","name":"Noticias de matr\u00edculas del mundo","description":"Descubre las \u00faltimas noticias sobre matriculas de coches de todos los pa\u00edses del mundo. Actualizado semanalmente","publisher":{"@id":"https:\/\/matriculasdelmundo.com\/noticias\/#organization"},"potentialAction":[{"@type":"SearchAction","target":{"@type":"EntryPoint","urlTemplate":"https:\/\/matriculasdelmundo.com\/noticias\/?s={search_term_string}"},"query-input":{"@type":"PropertyValueSpecification","valueRequired":true,"valueName":"search_term_string"}}],"inLanguage":"es"},{"@type":"Organization","@id":"https:\/\/matriculasdelmundo.com\/noticias\/#organization","name":"Matriculasdelmundo.com","url":"https:\/\/matriculasdelmundo.com\/noticias\/","logo":{"@type":"ImageObject","inLanguage":"es","@id":"https:\/\/matriculasdelmundo.com\/noticias\/#\/schema\/logo\/image\/","url":"https:\/\/matriculasdelmundo.com\/noticias\/wp-content\/uploads\/2017\/09\/logo2.png","contentUrl":"https:\/\/matriculasdelmundo.com\/noticias\/wp-content\/uploads\/2017\/09\/logo2.png","width":100,"height":34,"caption":"Matriculasdelmundo.com"},"image":{"@id":"https:\/\/matriculasdelmundo.com\/noticias\/#\/schema\/logo\/image\/"},"sameAs":["https:\/\/www.facebook.com\/matriculasdelmundo\/","https:\/\/x.com\/matriculasdm","https:\/\/www.instagram.com\/matriculasdelmundo\/"]},{"@type":"Person","@id":"https:\/\/matriculasdelmundo.com\/noticias\/#\/schema\/person\/91e4edcb4c5c7a2e9f6d5f83d116aa90","name":"Matriculasdelmundo","image":{"@type":"ImageObject","inLanguage":"es","@id":"https:\/\/secure.gravatar.com\/avatar\/83f1597276b4fd718af4e3dae5c073f1efc6ca190953128b5ef9ba5696cc5297?s=96&d=mm&r=g","url":"https:\/\/secure.gravatar.com\/avatar\/83f1597276b4fd718af4e3dae5c073f1efc6ca190953128b5ef9ba5696cc5297?s=96&d=mm&r=g","contentUrl":"https:\/\/secure.gravatar.com\/avatar\/83f1597276b4fd718af4e3dae5c073f1efc6ca190953128b5ef9ba5696cc5297?s=96&d=mm&r=g","caption":"Matriculasdelmundo"}}]}},"_links":{"self":[{"href":"https:\/\/matriculasdelmundo.com\/noticias\/wp-json\/wp\/v2\/posts\/1091","targetHints":{"allow":["GET"]}}],"collection":[{"href":"https:\/\/matriculasdelmundo.com\/noticias\/wp-json\/wp\/v2\/posts"}],"about":[{"href":"https:\/\/matriculasdelmundo.com\/noticias\/wp-json\/wp\/v2\/types\/post"}],"author":[{"embeddable":true,"href":"https:\/\/matriculasdelmundo.com\/noticias\/wp-json\/wp\/v2\/users\/1"}],"replies":[{"embeddable":true,"href":"https:\/\/matriculasdelmundo.com\/noticias\/wp-json\/wp\/v2\/comments?post=1091"}],"version-history":[{"count":2,"href":"https:\/\/matriculasdelmundo.com\/noticias\/wp-json\/wp\/v2\/posts\/1091\/revisions"}],"predecessor-version":[{"id":1096,"href":"https:\/\/matriculasdelmundo.com\/noticias\/wp-json\/wp\/v2\/posts\/1091\/revisions\/1096"}],"wp:featuredmedia":[{"embeddable":true,"href":"https:\/\/matriculasdelmundo.com\/noticias\/wp-json\/wp\/v2\/media\/1094"}],"wp:attachment":[{"href":"https:\/\/matriculasdelmundo.com\/noticias\/wp-json\/wp\/v2\/media?parent=1091"}],"wp:term":[{"taxonomy":"category","embeddable":true,"href":"https:\/\/matriculasdelmundo.com\/noticias\/wp-json\/wp\/v2\/categories?post=1091"},{"taxonomy":"post_tag","embeddable":true,"href":"https:\/\/matriculasdelmundo.com\/noticias\/wp-json\/wp\/v2\/tags?post=1091"}],"curies":[{"name":"wp","href":"https:\/\/api.w.org\/{rel}","templated":true}]}}